{"id":6011,"date":"2013-06-09T08:29:10","date_gmt":"2013-06-09T06:29:10","guid":{"rendered":"http:\/\/blogs.diariosur.es\/tormentas-y-rayos\/?p=6011"},"modified":"2013-06-09T08:29:10","modified_gmt":"2013-06-09T06:29:10","slug":"hoy-es-40-de-mayo-el-terral-soplara-entre-moderado-y-fuerte-maxima-de-27-grados","status":"publish","type":"post","link":"https:\/\/blogs.diariosur.es\/tormentas-y-rayos\/2013\/06\/09\/hoy-es-40-de-mayo-el-terral-soplara-entre-moderado-y-fuerte-maxima-de-27-grados\/","title":{"rendered":"Hoy es 40 de mayo. El terral soplara entre moderado y fuerte. M\u00e1xima de 27 grados."},"content":{"rendered":"<p><strong>Buenos dias amigos de la meteo.<\/strong><\/p>\n<p><strong>\u00a0Son las ocho de la ma\u00f1ana, registro 17 grados y los cielos est\u00e1n poco nubosos. El terral de primavera ha estado soplando toda la noche, d\u00e1ndose rachas cercanas a los 40 km\/h en la estaci\u00f3n que la aemet tiene en el Puerto Malague\u00f1o. Hoy seguir\u00e1 soplando, si ayer el terral era\u00a0 mas de componente oeste, hoy domingo \u00a0cuarenta de mayo si puede ser un terral puro, y soplar del noroeste y norte. Esto har\u00e1 que las\u00a0m\u00e1ximas\u00a0ronden los 26 grados o un poco mas.<\/strong><\/p>\n<p><strong> \u00a0Asi es amigos hoy es 40 de mayo, y si nada cambia de ultima hora os puedo adelantar que tendremos un anticipo del verano a partir de unos dias. La dorsal Africana tomara protagonismo, de todas formas ma\u00f1ana hablaremos de esto en el nuevo post que os abra.<\/strong><\/p>\n<p><a href=\"https:\/\/blogs.diariosur.es\/tormentas-y-rayos\/2013\/06\/09\/hoy-es-40-de-mayo-el-terral-soplara-entre-moderado-y-fuerte-maxima-de-27-grados\/terralita-sudo3\/\" rel=\"attachment wp-att-6015\"><img loading=\"lazy\" class=\"aligncenter size-full wp-image-6015\" title=\"terralita-sudo3\" src=\"\/tormentas-y-rayos\/wp-content\/uploads\/sites\/12\/2013\/06\/terralita-sudo3.jpg\" alt=\"\" width=\"450\" height=\"606\" srcset=\"https:\/\/static-blogs.diariosur.es\/wp-content\/uploads\/sites\/12\/2013\/06\/terralita-sudo3.jpg 450w, https:\/\/static-blogs.diariosur.es\/wp-content\/uploads\/sites\/12\/2013\/06\/terralita-sudo3-297x400.jpg 297w\" sizes=\"(max-width: 450px) 100vw, 450px\" \/><\/a><\/p>\n<p><strong>\u00a0<\/strong><\/p>\n<p><strong>Las bajadas de temperaturas se han notado sobre todo en las m\u00ednimas, siendo M\u00e1laga Capital la que la ha dado mas alta.\u00a0C\u00f3rdoba\u00a0registro 10 grados.<\/strong><\/p>\n<p><strong> Os paso unos gr\u00e1ficos de la madrugada del s\u00e1bado y de hoy domingo.<\/strong><\/p>\n<p><a href=\"https:\/\/blogs.diariosur.es\/tormentas-y-rayos\/2013\/06\/09\/hoy-es-40-de-mayo-el-terral-soplara-entre-moderado-y-fuerte-maxima-de-27-grados\/sabado-10\/\" rel=\"attachment wp-att-6012\"><img loading=\"lazy\" class=\"aligncenter size-medium wp-image-6012\" title=\"sabado\" src=\"\/tormentas-y-rayos\/wp-content\/uploads\/sites\/12\/2013\/06\/sabado.jpg\" alt=\"\" width=\"592\" height=\"400\" srcset=\"https:\/\/static-blogs.diariosur.es\/wp-content\/uploads\/sites\/12\/2013\/06\/sabado.jpg 715w, https:\/\/static-blogs.diariosur.es\/wp-content\/uploads\/sites\/12\/2013\/06\/sabado-592x400.jpg 592w\" sizes=\"(max-width: 592px) 100vw, 592px\" \/><\/a><a href=\"https:\/\/blogs.diariosur.es\/tormentas-y-rayos\/2013\/06\/09\/hoy-es-40-de-mayo-el-terral-soplara-entre-moderado-y-fuerte-maxima-de-27-grados\/domingo-12\/\" rel=\"attachment wp-att-6013\"><img loading=\"lazy\" class=\"aligncenter size-medium wp-image-6013\" title=\"domingo\" src=\"\/tormentas-y-rayos\/wp-content\/uploads\/sites\/12\/2013\/06\/domingo.jpg\" alt=\"\" width=\"519\" height=\"400\" srcset=\"https:\/\/static-blogs.diariosur.es\/wp-content\/uploads\/sites\/12\/2013\/06\/domingo.jpg 708w, https:\/\/static-blogs.diariosur.es\/wp-content\/uploads\/sites\/12\/2013\/06\/domingo-520x400.jpg 520w\" sizes=\"(max-width: 519px) 100vw, 519px\" \/><\/a><\/p>\n<p><strong>\u00a0Poco mas que contar amigos de la meteo. Os dejo que tiro en un rato para Torre de Benagalb\u00f3n, en esta zona la temperatura sera \u00a0mas fresquita y el poniente soplara fuerte.<\/strong><\/p>\n<p><strong>Os dejo con un atardecer desde Alhurin de la Torre. Esta fotografiado por nuestro amigo Francisco Alarc\u00f3n. Mis felicitaciones amigo, es un fot\u00f3n.<\/strong><\/p>\n<p><a href=\"https:\/\/blogs.diariosur.es\/tormentas-y-rayos\/2013\/06\/09\/hoy-es-40-de-mayo-el-terral-soplara-entre-moderado-y-fuerte-maxima-de-27-grados\/img-20130608-wa0002\/\" rel=\"attachment wp-att-6014\"><img loading=\"lazy\" class=\"aligncenter size-full wp-image-6014\" title=\"IMG-20130608-WA0002\" src=\"\/tormentas-y-rayos\/wp-content\/uploads\/sites\/12\/2013\/06\/IMG-20130608-WA0002.jpg\" alt=\"\" width=\"660\" height=\"440\" srcset=\"https:\/\/static-blogs.diariosur.es\/wp-content\/uploads\/sites\/12\/2013\/06\/IMG-20130608-WA0002.jpg 660w, https:\/\/static-blogs.diariosur.es\/wp-content\/uploads\/sites\/12\/2013\/06\/IMG-20130608-WA0002-600x400.jpg 600w\" sizes=\"(max-width: 660px) 100vw, 660px\" \/><\/a><\/p>\n","protected":false},"excerpt":{"rendered":"<p>Buenos dias amigos de la meteo. \u00a0Son las ocho de la ma\u00f1ana, registro 17 grados y los cielos est\u00e1n poco nubosos. El terral de primavera ha estado soplando toda la noche, d\u00e1ndose rachas cercanas a los 40 km\/h en la estaci\u00f3n que la aemet tiene en el Puerto Malague\u00f1o. Hoy seguir\u00e1 soplando, si ayer el [&hellip;]<\/p>\n","protected":false},"author":16,"featured_media":6014,"comment_status":"open","ping_status":"open","sticky":false,"template":"","format":"standard","meta":[],"categories":[2],"tags":[297,628,895,961,975],"_links":{"self":[{"href":"https:\/\/blogs.diariosur.es\/tormentas-y-rayos\/wp-json\/wp\/v2\/posts\/6011"}],"collection":[{"href":"https:\/\/blogs.diariosur.es\/tormentas-y-rayos\/wp-json\/wp\/v2\/posts"}],"about":[{"href":"https:\/\/blogs.diariosur.es\/tormentas-y-rayos\/wp-json\/wp\/v2\/types\/post"}],"author":[{"embeddable":true,"href":"https:\/\/blogs.diariosur.es\/tormentas-y-rayos\/wp-json\/wp\/v2\/users\/16"}],"replies":[{"embeddable":true,"href":"https:\/\/blogs.diariosur.es\/tormentas-y-rayos\/wp-json\/wp\/v2\/comments?post=6011"}],"version-history":[{"count":0,"href":"https:\/\/blogs.diariosur.es\/tormentas-y-rayos\/wp-json\/wp\/v2\/posts\/6011\/revisions"}],"wp:featuredmedia":[{"embeddable":true,"href":"https:\/\/blogs.diariosur.es\/tormentas-y-rayos\/wp-json\/wp\/v2\/media\/6014"}],"wp:attachment":[{"href":"https:\/\/blogs.diariosur.es\/tormentas-y-rayos\/wp-json\/wp\/v2\/media?parent=6011"}],"wp:term":[{"taxonomy":"category","embeddable":true,"href":"https:\/\/blogs.diariosur.es\/tormentas-y-rayos\/wp-json\/wp\/v2\/categories?post=6011"},{"taxonomy":"post_tag","embeddable":true,"href":"https:\/\/blogs.diariosur.es\/tormentas-y-rayos\/wp-json\/wp\/v2\/tags?post=6011"}],"curies":[{"name":"wp","href":"https:\/\/api.w.org\/{rel}","templated":true}]}}