{"id":6016,"date":"2013-06-10T07:26:52","date_gmt":"2013-06-10T05:26:52","guid":{"rendered":"http:\/\/blogs.diariosur.es\/tormentas-y-rayos\/?p=6016"},"modified":"2013-06-10T07:26:52","modified_gmt":"2013-06-10T05:26:52","slug":"subida-moderada-de-temperaturas-ya-os-podeis-quitar-el-sayo-dorsal-africana","status":"publish","type":"post","link":"https:\/\/blogs.diariosur.es\/tormentas-y-rayos\/2013\/06\/10\/subida-moderada-de-temperaturas-ya-os-podeis-quitar-el-sayo-dorsal-africana\/","title":{"rendered":"Subida moderada de temperaturas. Ya os pod\u00e9is quitar el sayo. Dorsal Africana."},"content":{"rendered":"<p><strong>Buenos d\u00edas amigos de la meteo.<\/strong><\/p>\n<p><strong>Son las seis y media de la ma\u00f1ana, registro 19 grados y los cielos est\u00e1n poco nubosos, a lo largo del dia tendremos algunas nubes altas tipo cirros.\u00a0<\/strong><\/p>\n<p><strong>\u00a0Hoy lunes el \u00a0terral de primavera seguir\u00e1 soplando, pero mas flojo. La m\u00e1xima rondara los 30 \u00a0grados. Las\u00a0m\u00ednimas\u00a0tambien se recuperaran en toda Andaluc\u00eda.\u00a0<\/strong><\/p>\n<p><strong> Solamente espero algunas lluvias en Galicia, estas se\u00a0dar\u00e1n\u00a0desde hoy lunes y \u00a0hasta el\u00a0mi\u00e9rcoles. De todas formas en esta zona tambien\u00a0subir\u00e1n\u00a0las temperaturas, ya que los vientos\u00a0h\u00famedos\u00a0del suroeste\u00a0ser\u00e1n\u00a0los protagonistas.\u00a0<\/strong><\/p>\n<p><strong>Poco a poco una dorsal Africana ira ganado terreno y tendremos un verano anticipado a mediados de esta semana. Para los que entr\u00e1is por primera vez aqu\u00ed os explico\u00a0 lo que es una dorsal Africana; \u00a0simplemente una masa de aire c\u00e1lido en altura que proviene del norte de\u00a0\u00c1frica, y que suele ser la protagonista en la\u00a0pen\u00ednsula\u00a0durante el verano. A 850 hpa ( 1500 m ) tendremos a partir del mi\u00e9rcoles en casi toda Andaluc\u00eda y zona centro de la\u00a0pen\u00ednsula\u00a0una temperatura entre 20 y 22 grados. Esto har\u00e1 que las\u00a0m\u00e1ximas\u00a0en el Valle del Guadalquivir e interior de Andaluc\u00eda superen los <span style=\"color: #ff0000;\">35 grados.<\/span> En la Provincia Malague\u00f1a y sobre todo en el interior ser\u00e1n cercanas a los<span style=\"color: #ff00ff;\"> 33<\/span>. En la Capital Malague\u00f1a sobre los<span style=\"color: #0000ff;\"> 27 o\u00a029.\u00a0<\/span><\/strong><\/p>\n<p><strong> Os paso una imagen del modelo gfs fuente meteociel.<\/strong><\/p>\n<p><strong>\u00a0<\/strong><\/p>\n<p><strong><a href=\"https:\/\/blogs.diariosur.es\/tormentas-y-rayos\/2013\/06\/10\/subida-moderada-de-temperaturas-ya-os-podeis-quitar-el-sayo-dorsal-africana\/gfs-1-78_uhy5-2\/\" rel=\"attachment wp-att-6018\"><img loading=\"lazy\" class=\"aligncenter size-medium wp-image-6018\" title=\"gfs-1-78_uhy5\" src=\"\/tormentas-y-rayos\/wp-content\/uploads\/sites\/12\/2013\/06\/gfs-1-78_uhy51.png\" alt=\"\" width=\"600\" height=\"400\" srcset=\"https:\/\/static-blogs.diariosur.es\/wp-content\/uploads\/sites\/12\/2013\/06\/gfs-1-78_uhy51.png 768w, https:\/\/static-blogs.diariosur.es\/wp-content\/uploads\/sites\/12\/2013\/06\/gfs-1-78_uhy51-600x400.png 600w\" sizes=\"(max-width: 600px) 100vw, 600px\" \/><\/a><\/strong><\/p>\n<p><strong>Antes de daros un peque\u00f1o resumen del domingo 40 de mayo jejeje, quiero que\u00a0ve\u00edas\u00a0esta<span style=\"color: #ff00ff;\"> impresionante foto<\/span> de unos lenticularis. La foto la quiere compartir con todos nosotros mi amigo \u00a0\u00c1ngel\u00a0Diaz. El mismo nos dice donde esta tomada<\/strong><\/p>\n<p><strong><span style=\"color: #0000ff;\"> (\u00a0Hola Jose Luis !! &#8230;Encantado de que cuelgues mi foto en el blog&#8230;realmente ,fue un amanecer espectacular, de los que ves pocas veces&#8230;la foto esta tomada desde el mirador de la Corza, en el puerto de Palombera, que es un\u00a0balc\u00f3n\u00a0sobre el parque natural de Saja Besaya, en Cantabria &#8230;Saludos cordiales !!!)<\/span><\/strong><\/p>\n<p><strong>Muchas gracias Angel, es un fot\u00f3n\u00a0<\/strong><\/p>\n<p><a href=\"https:\/\/blogs.diariosur.es\/tormentas-y-rayos\/2013\/06\/10\/subida-moderada-de-temperaturas-ya-os-podeis-quitar-el-sayo-dorsal-africana\/angel-diaz\/\" rel=\"attachment wp-att-6019\"><img loading=\"lazy\" class=\"aligncenter size-full wp-image-6019\" title=\"angel diaz\" src=\"\/tormentas-y-rayos\/wp-content\/uploads\/sites\/12\/2013\/06\/angel-diaz.jpg\" alt=\"\" width=\"660\" height=\"495\" srcset=\"https:\/\/static-blogs.diariosur.es\/wp-content\/uploads\/sites\/12\/2013\/06\/angel-diaz.jpg 660w, https:\/\/static-blogs.diariosur.es\/wp-content\/uploads\/sites\/12\/2013\/06\/angel-diaz-533x400.jpg 533w\" sizes=\"(max-width: 660px) 100vw, 660px\" \/><\/a><\/p>\n<p><strong>Bueno amigos, como os comentaba ayer en e<a href=\"https:\/\/blogs.diariosur.es\/tormentas-y-rayos\/2013\/06\/09\/hoy-es-40-de-mayo-el-terral-soplara-entre-moderado-y-fuerte-maxima-de-27-grados\/\">l post del cuarenta de mayo<\/a>, el terral fue el protagonista en la Capital Malague\u00f1a y el poniente en Torre de Benagalb\u00f3n. La diferencia entre la Playa de la Misericordia y las playas de la zona del\u00a0Rinc\u00f3n\u00a0era impresionante. Mientras en la capital malague\u00f1a el mar estaba calmado, en la zona de Torre de Benagalb\u00f3n el fuerte viento de poniente y las olas eran protagonistas.\u00a0Tambi\u00e9n\u00a0a destacar la\u00a0temperatura, mi\u00a0term\u00f3metro\u00a0marcaba 20 grados , que unido al viento la sensaci\u00f3n termica era de 16. En cambio \u00a0en la zona de teatinos se registraba una maxima de casi 26,5 grados. Os paso un\u00a0gr\u00e1fico\u00a0fuente aemet<\/strong><\/p>\n<p><a href=\"https:\/\/blogs.diariosur.es\/tormentas-y-rayos\/2013\/06\/10\/subida-moderada-de-temperaturas-ya-os-podeis-quitar-el-sayo-dorsal-africana\/maxima-4\/\" rel=\"attachment wp-att-6020\"><img loading=\"lazy\" class=\"aligncenter size-full wp-image-6020\" title=\"maxima\" src=\"\/tormentas-y-rayos\/wp-content\/uploads\/sites\/12\/2013\/06\/maxima.jpg\" alt=\"\" width=\"592\" height=\"188\" \/><\/a><\/p>\n<p>&nbsp;<\/p>\n<p><strong>Menos mal que mi compa\u00f1era de trabajo \u00a0Rocio me hizo caso, y no tiro para el Rinc\u00f3n. Le aconseje la zona de la Carihuela y playa de la Misericordia, en este tipo de situaciones en estas zona se esta mucho mejor.<\/strong><\/p>\n<p><strong>Os paso un\u00a0v\u00eddeo\u00a0cuando era la una de la tarde en Torre de Benagalb\u00f3n. En ese momento tenia fresquete y el poniente soplaba con rachas fuertes en esa zona.<\/strong><\/p>\n<p>&nbsp;<\/p>\n<p><iframe loading=\"lazy\" src=\"\/\/www.youtube.com\/embed\/8HVmEPmv-_k\" frameborder=\"0\" width=\"640\" height=\"360\"><\/iframe><\/p>\n<p><strong>Nuestra amiga Paqui Carnero sobre esa misma hora estaba en la zona de la Playa de la Misericordia. Aunque soplaba un poco de aire, la temperatura era \u00a0mas alta y no\u00a0hab\u00eda\u00a0olas.<\/strong><\/p>\n<p><a href=\"https:\/\/blogs.diariosur.es\/tormentas-y-rayos\/2013\/06\/10\/subida-moderada-de-temperaturas-ya-os-podeis-quitar-el-sayo-dorsal-africana\/044-3\/\" rel=\"attachment wp-att-6023\"><img loading=\"lazy\" class=\"aligncenter size-full wp-image-6023\" title=\"044\" src=\"\/tormentas-y-rayos\/wp-content\/uploads\/sites\/12\/2013\/06\/044.jpg\" alt=\"\" width=\"660\" height=\"371\" srcset=\"https:\/\/static-blogs.diariosur.es\/wp-content\/uploads\/sites\/12\/2013\/06\/044.jpg 660w, https:\/\/static-blogs.diariosur.es\/wp-content\/uploads\/sites\/12\/2013\/06\/044-640x360.jpg 640w\" sizes=\"(max-width: 660px) 100vw, 660px\" \/><\/a><\/p>\n<p>&nbsp;<\/p>\n<p><strong>Bueno poco mas que contar amigos, la dana que\u00a0empez\u00f3\u00a0a afectar la\u00a0pen\u00ednsula\u00a0el viernes pasado ha dejado inundaciones en Navarra. En esa zona ha sido donde mas ha llovido, sobre todo el domingo. En algunos puntos se han superado los 100 litros.<\/strong><\/p>\n<p><strong>Os dejo con una foto que puse ayer en el post del cuarenta de mayo, me equivoque a la hora de poner el autor.\u00a0Pens\u00e9\u00a0que era de Fernando Berrocal cuando vi su correo que me mando, y eso que el mismo me\u00a0dec\u00eda\u00a0que era de su amigo Francisco Alarc\u00f3n, pero con las bullas no me di cuenta. Lo siento Francisco, es un pedazo de foto donde se distinguen unas impresionantes virgas. Os paso de nuevo la foto.<\/strong><\/p>\n<p><a href=\"https:\/\/blogs.diariosur.es\/tormentas-y-rayos\/2013\/06\/10\/subida-moderada-de-temperaturas-ya-os-podeis-quitar-el-sayo-dorsal-africana\/img-20130608-wa0002-2\/\" rel=\"attachment wp-att-6022\"><img loading=\"lazy\" class=\"aligncenter size-full wp-image-6022\" title=\"IMG-20130608-WA0002\" src=\"\/tormentas-y-rayos\/wp-content\/uploads\/sites\/12\/2013\/06\/IMG-20130608-WA00021.jpg\" alt=\"\" width=\"660\" height=\"440\" srcset=\"https:\/\/static-blogs.diariosur.es\/wp-content\/uploads\/sites\/12\/2013\/06\/IMG-20130608-WA00021.jpg 660w, https:\/\/static-blogs.diariosur.es\/wp-content\/uploads\/sites\/12\/2013\/06\/IMG-20130608-WA00021-600x400.jpg 600w\" sizes=\"(max-width: 660px) 100vw, 660px\" \/><\/a><\/p>\n<p>&nbsp;<\/p>\n<p>&nbsp;<\/p>\n","protected":false},"excerpt":{"rendered":"<p>Buenos d\u00edas amigos de la meteo. Son las seis y media de la ma\u00f1ana, registro 19 grados y los cielos est\u00e1n poco nubosos, a lo largo del dia tendremos algunas nubes altas tipo cirros.\u00a0 \u00a0Hoy lunes el \u00a0terral de primavera seguir\u00e1 soplando, pero mas flojo. La m\u00e1xima rondara los 30 \u00a0grados. Las\u00a0m\u00ednimas\u00a0tambien se recuperaran en [&hellip;]<\/p>\n","protected":false},"author":16,"featured_media":6019,"comment_status":"open","ping_status":"open","sticky":false,"template":"","format":"standard","meta":[],"categories":[2],"tags":[49,346,895,934,958],"_links":{"self":[{"href":"https:\/\/blogs.diariosur.es\/tormentas-y-rayos\/wp-json\/wp\/v2\/posts\/6016"}],"collection":[{"href":"https:\/\/blogs.diariosur.es\/tormentas-y-rayos\/wp-json\/wp\/v2\/posts"}],"about":[{"href":"https:\/\/blogs.diariosur.es\/tormentas-y-rayos\/wp-json\/wp\/v2\/types\/post"}],"author":[{"embeddable":true,"href":"https:\/\/blogs.diariosur.es\/tormentas-y-rayos\/wp-json\/wp\/v2\/users\/16"}],"replies":[{"embeddable":true,"href":"https:\/\/blogs.diariosur.es\/tormentas-y-rayos\/wp-json\/wp\/v2\/comments?post=6016"}],"version-history":[{"count":0,"href":"https:\/\/blogs.diariosur.es\/tormentas-y-rayos\/wp-json\/wp\/v2\/posts\/6016\/revisions"}],"wp:featuredmedia":[{"embeddable":true,"href":"https:\/\/blogs.diariosur.es\/tormentas-y-rayos\/wp-json\/wp\/v2\/media\/6019"}],"wp:attachment":[{"href":"https:\/\/blogs.diariosur.es\/tormentas-y-rayos\/wp-json\/wp\/v2\/media?parent=6016"}],"wp:term":[{"taxonomy":"category","embeddable":true,"href":"https:\/\/blogs.diariosur.es\/tormentas-y-rayos\/wp-json\/wp\/v2\/categories?post=6016"},{"taxonomy":"post_tag","embeddable":true,"href":"https:\/\/blogs.diariosur.es\/tormentas-y-rayos\/wp-json\/wp\/v2\/tags?post=6016"}],"curies":[{"name":"wp","href":"https:\/\/api.w.org\/{rel}","templated":true}]}}