{"id":6024,"date":"2013-06-12T07:30:32","date_gmt":"2013-06-12T05:30:32","guid":{"rendered":"http:\/\/blogs.diariosur.es\/tormentas-y-rayos\/?p=6024"},"modified":"2013-06-12T07:30:32","modified_gmt":"2013-06-12T05:30:32","slug":"hasta-el-domingo-verano-anticipado-a-partir-del-lunes-o-el-martes-posible-bolsa-de-aire-frio-de-nuevo","status":"publish","type":"post","link":"https:\/\/blogs.diariosur.es\/tormentas-y-rayos\/2013\/06\/12\/hasta-el-domingo-verano-anticipado-a-partir-del-lunes-o-el-martes-posible-bolsa-de-aire-frio-de-nuevo\/","title":{"rendered":"Hasta el domingo verano anticipado. A partir del lunes o el martes posible bolsa de aire fr\u00edo de nuevo."},"content":{"rendered":"<p><strong>Buenos dias amigos de la meteo.<\/strong><\/p>\n<p><strong>Son las seis de la ma\u00f1ana, registro 18 grados y los cielos malague\u00f1os est\u00e1n despejados. Tanto hoy como ma\u00f1ana podemos ver neblinas en la costa. Tendremos brisas marinas en la costa y alguna reboza de terral por el interior de la zona noroeste de la capital, sera el viernes cuando el levante entre.<\/strong><\/p>\n<p><strong>El martes sobre las once de la ma\u00f1ana el terral se quito, y \u00a0dio paso a un ligero viento de sur sureste, esto hizo que la maxima en el puerto se diera sobre las once \u00a0de la ma\u00f1ana con 26, 5 grados. Aunque la maxima se dio en el Centro\u00a0Meteorol\u00f3gico\u00a0que tiene la Aemet cerca del\u00a0cl\u00ednico, aqui la maxima fue de 30,1 grado a \u00a0las doce y veinte. A partir de esta hora bajo\u00a0r\u00e1pidamente. Os paso varios\u00a0gr\u00e1ficos\u00a0fuente aemet.<\/strong><\/p>\n<p><a href=\"https:\/\/blogs.diariosur.es\/tormentas-y-rayos\/2013\/06\/12\/hasta-el-domingo-verano-anticipado-a-partir-del-lunes-o-el-martes-posible-bolsa-de-aire-frio-de-nuevo\/puerto-maretesss\/\" rel=\"attachment wp-att-6025\"><img loading=\"lazy\" class=\"aligncenter size-medium wp-image-6025\" title=\"puerto maretesss\" src=\"\/tormentas-y-rayos\/wp-content\/uploads\/sites\/12\/2013\/06\/puerto-maretesss.jpg\" alt=\"\" width=\"600\" height=\"254\" srcset=\"https:\/\/static-blogs.diariosur.es\/wp-content\/uploads\/sites\/12\/2013\/06\/puerto-maretesss.jpg 763w, https:\/\/static-blogs.diariosur.es\/wp-content\/uploads\/sites\/12\/2013\/06\/puerto-maretesss-640x272.jpg 640w\" sizes=\"(max-width: 600px) 100vw, 600px\" \/><\/a><a href=\"https:\/\/blogs.diariosur.es\/tormentas-y-rayos\/2013\/06\/12\/hasta-el-domingo-verano-anticipado-a-partir-del-lunes-o-el-martes-posible-bolsa-de-aire-frio-de-nuevo\/teatinos-6\/\" rel=\"attachment wp-att-6026\"><img loading=\"lazy\" class=\"aligncenter size-medium wp-image-6026\" title=\"teatinos\" src=\"\/tormentas-y-rayos\/wp-content\/uploads\/sites\/12\/2013\/06\/teatinos.jpg\" alt=\"\" width=\"600\" height=\"247\" srcset=\"https:\/\/static-blogs.diariosur.es\/wp-content\/uploads\/sites\/12\/2013\/06\/teatinos.jpg 757w, https:\/\/static-blogs.diariosur.es\/wp-content\/uploads\/sites\/12\/2013\/06\/teatinos-640x264.jpg 640w\" sizes=\"(max-width: 600px) 100vw, 600px\" \/><\/a><a href=\"https:\/\/blogs.diariosur.es\/tormentas-y-rayos\/2013\/06\/12\/hasta-el-domingo-verano-anticipado-a-partir-del-lunes-o-el-martes-posible-bolsa-de-aire-frio-de-nuevo\/mrtes\/\" rel=\"attachment wp-att-6027\"><img loading=\"lazy\" class=\"aligncenter size-full wp-image-6027\" title=\"mrtes\" src=\"\/tormentas-y-rayos\/wp-content\/uploads\/sites\/12\/2013\/06\/mrtes.jpg\" alt=\"\" width=\"481\" height=\"191\" \/><\/a><\/p>\n<p><strong>La dorsal Africana a partir de hoy mi\u00e9rcoles ira tomando protagonismo poco a poco , la temperatura a 850 hpa ( 1500 m ) rondara los 2o grados hoy\u00a0mi\u00e9rcoles\u00a0y ma\u00f1ana jueves. \u00a0A partir del viernes la temperatura a 850 hpa sera mas alta,\u00a0seg\u00fan\u00a0algunos modelos entre los 23 y 26 grados a 1500 metros.\u00a0<\/strong><\/p>\n<p><strong>Las\u00a0m\u00e1ximas\u00a0 mas altas se registraran en el Valle del Guadalquivir a partir del viernes, <span style=\"color: #ff00ff;\">seria el\u00a0s\u00e1bado\u00a0cuando los\u00a0term\u00f3metros\u00a0podr\u00edan\u00a0llegar a 39 grados en esta zona de Andaluc\u00eda.<\/span><\/strong><\/p>\n<p><strong> En M\u00e1laga Capital no creo que pasemos de los 26 o 27 grados. En el interior de la provincia malague\u00f1a si se superaran los 30.<\/strong><\/p>\n<p>&nbsp;<\/p>\n<p>&nbsp;<\/p>\n<p><strong>Os dejo con un mapa previsto para el viernes. Como muchos\u00a0sab\u00e9is\u00a0la dorsal Africana es una masa de aire\u00a0c\u00e1lido\u00a0que proviene del norte de\u00a0\u00c1frica.<\/strong><\/p>\n<p><a href=\"https:\/\/blogs.diariosur.es\/tormentas-y-rayos\/2013\/06\/12\/hasta-el-domingo-verano-anticipado-a-partir-del-lunes-o-el-martes-posible-bolsa-de-aire-frio-de-nuevo\/gfs-1-78_dpc3\/\" rel=\"attachment wp-att-6028\"><img loading=\"lazy\" class=\"aligncenter size-medium wp-image-6028\" title=\"gfs-1-78_dpc3\" src=\"\/tormentas-y-rayos\/wp-content\/uploads\/sites\/12\/2013\/06\/gfs-1-78_dpc3.png\" alt=\"\" width=\"600\" height=\"400\" srcset=\"https:\/\/static-blogs.diariosur.es\/wp-content\/uploads\/sites\/12\/2013\/06\/gfs-1-78_dpc3.png 768w, https:\/\/static-blogs.diariosur.es\/wp-content\/uploads\/sites\/12\/2013\/06\/gfs-1-78_dpc3-600x400.png 600w\" sizes=\"(max-width: 600px) 100vw, 600px\" \/><\/a><\/p>\n<p>&nbsp;<\/p>\n<p><strong>Como os comento en el titulo del post, a partir del lunes o el martes hay posibilidad de una nueva bolsa de aire fr\u00edo que har\u00e1 bajar las temperaturas,\u00a0as\u00ed\u00a0como posibles tormentas. Os paso un mapa previsto para el martes por la ma\u00f1ana, compararlo con el de arriba del\u00a0pr\u00f3ximo\u00a0viernes.<\/strong><\/p>\n<p><a href=\"https:\/\/blogs.diariosur.es\/tormentas-y-rayos\/2013\/06\/12\/hasta-el-domingo-verano-anticipado-a-partir-del-lunes-o-el-martes-posible-bolsa-de-aire-frio-de-nuevo\/gfs-1-162\/\" rel=\"attachment wp-att-6029\"><img loading=\"lazy\" class=\"aligncenter size-medium wp-image-6029\" title=\"gfs-1-162\" src=\"\/tormentas-y-rayos\/wp-content\/uploads\/sites\/12\/2013\/06\/gfs-1-162.png\" alt=\"\" width=\"600\" height=\"400\" srcset=\"https:\/\/static-blogs.diariosur.es\/wp-content\/uploads\/sites\/12\/2013\/06\/gfs-1-162.png 768w, https:\/\/static-blogs.diariosur.es\/wp-content\/uploads\/sites\/12\/2013\/06\/gfs-1-162-600x400.png 600w\" sizes=\"(max-width: 600px) 100vw, 600px\" \/><\/a><\/p>\n<p><strong>Aun queda mucho, y no se sabe como nos podr\u00e1 afectar a los andaluces, ya iremos hablando de esto el viernes y el domingo amigo epa2. Pero lo mismo tenemos terral y puede que lleguemos a 35 grados.<\/strong><\/p>\n<p><strong>Hoy he conocido a un compa\u00f1ero que trabaja en el Corte Ingles de Avda\u00a0Andaluc\u00eda, es seguidor del blog y le encantan las tormentas y los tornados. Carlos me contaba que su abuela le tenia\u00a0p\u00e1nico\u00a0a las tormentas, corriendo se encerraba en una habitaci\u00f3n y \u00a0rezaba sin parar. Cuando salia de la habitaci\u00f3n los\u00a0reun\u00eda\u00a0y les\u00a0dec\u00eda\u00a0\u00a0que gracias a los rezos la tormenta se\u00a0hab\u00eda\u00a0marchado, que buen rato de charla hemos echado<\/strong><strong>. Amigo Carlos nos vemos, un fuerte abrazo.<\/strong><\/p>\n<p><strong>Bueno amigos os dejo con un par de fotos del atardecer del lunes, espero que os gusten.<\/strong><\/p>\n<p><a href=\"https:\/\/blogs.diariosur.es\/tormentas-y-rayos\/2013\/06\/12\/hasta-el-domingo-verano-anticipado-a-partir-del-lunes-o-el-martes-posible-bolsa-de-aire-frio-de-nuevo\/olympus-digital-camera-1354\/\" rel=\"attachment wp-att-6030\"><img loading=\"lazy\" class=\"aligncenter size-full wp-image-6030\" title=\"OLYMPUS DIGITAL CAMERA\" src=\"\/tormentas-y-rayos\/wp-content\/uploads\/sites\/12\/2013\/06\/0043.jpg\" alt=\"\" width=\"660\" height=\"495\" srcset=\"https:\/\/static-blogs.diariosur.es\/wp-content\/uploads\/sites\/12\/2013\/06\/0043.jpg 660w, https:\/\/static-blogs.diariosur.es\/wp-content\/uploads\/sites\/12\/2013\/06\/0043-533x400.jpg 533w\" sizes=\"(max-width: 660px) 100vw, 660px\" \/><\/a><\/p>\n<p>&nbsp;<\/p>\n<p><a href=\"https:\/\/blogs.diariosur.es\/tormentas-y-rayos\/2013\/06\/12\/hasta-el-domingo-verano-anticipado-a-partir-del-lunes-o-el-martes-posible-bolsa-de-aire-frio-de-nuevo\/olympus-digital-camera-1355\/\" rel=\"attachment wp-att-6031\"><img loading=\"lazy\" class=\"aligncenter size-full wp-image-6031\" title=\"OLYMPUS DIGITAL CAMERA\" src=\"\/tormentas-y-rayos\/wp-content\/uploads\/sites\/12\/2013\/06\/0143.jpg\" alt=\"\" width=\"660\" height=\"495\" srcset=\"https:\/\/static-blogs.diariosur.es\/wp-content\/uploads\/sites\/12\/2013\/06\/0143.jpg 660w, https:\/\/static-blogs.diariosur.es\/wp-content\/uploads\/sites\/12\/2013\/06\/0143-533x400.jpg 533w\" sizes=\"(max-width: 660px) 100vw, 660px\" \/><\/a><\/p>\n","protected":false},"excerpt":{"rendered":"<p>Buenos dias amigos de la meteo. Son las seis de la ma\u00f1ana, registro 18 grados y los cielos malague\u00f1os est\u00e1n despejados. Tanto hoy como ma\u00f1ana podemos ver neblinas en la costa. Tendremos brisas marinas en la costa y alguna reboza de terral por el interior de la zona noroeste de la capital, sera el viernes [&hellip;]<\/p>\n","protected":false},"author":16,"featured_media":6032,"comment_status":"open","ping_status":"open","sticky":false,"template":"","format":"standard","meta":[],"categories":[2],"tags":[587,934,961,1052],"_links":{"self":[{"href":"https:\/\/blogs.diariosur.es\/tormentas-y-rayos\/wp-json\/wp\/v2\/posts\/6024"}],"collection":[{"href":"https:\/\/blogs.diariosur.es\/tormentas-y-rayos\/wp-json\/wp\/v2\/posts"}],"about":[{"href":"https:\/\/blogs.diariosur.es\/tormentas-y-rayos\/wp-json\/wp\/v2\/types\/post"}],"author":[{"embeddable":true,"href":"https:\/\/blogs.diariosur.es\/tormentas-y-rayos\/wp-json\/wp\/v2\/users\/16"}],"replies":[{"embeddable":true,"href":"https:\/\/blogs.diariosur.es\/tormentas-y-rayos\/wp-json\/wp\/v2\/comments?post=6024"}],"version-history":[{"count":0,"href":"https:\/\/blogs.diariosur.es\/tormentas-y-rayos\/wp-json\/wp\/v2\/posts\/6024\/revisions"}],"wp:featuredmedia":[{"embeddable":true,"href":"https:\/\/blogs.diariosur.es\/tormentas-y-rayos\/wp-json\/wp\/v2\/media\/6032"}],"wp:attachment":[{"href":"https:\/\/blogs.diariosur.es\/tormentas-y-rayos\/wp-json\/wp\/v2\/media?parent=6024"}],"wp:term":[{"taxonomy":"category","embeddable":true,"href":"https:\/\/blogs.diariosur.es\/tormentas-y-rayos\/wp-json\/wp\/v2\/categories?post=6024"},{"taxonomy":"post_tag","embeddable":true,"href":"https:\/\/blogs.diariosur.es\/tormentas-y-rayos\/wp-json\/wp\/v2\/tags?post=6024"}],"curies":[{"name":"wp","href":"https:\/\/api.w.org\/{rel}","templated":true}]}}