{"id":6034,"date":"2013-06-14T07:19:50","date_gmt":"2013-06-14T05:19:50","guid":{"rendered":"http:\/\/blogs.diariosur.es\/tormentas-y-rayos\/?p=6034"},"modified":"2013-06-14T07:19:50","modified_gmt":"2013-06-14T05:19:50","slug":"prevision-del-tiempo-fin-de-semana-la-playa-estara-desierta-que-no-que-no-es-broma-aviso-amarillo-por-altas-temperaturas-en-el-valle-del-guadalquivir","status":"publish","type":"post","link":"https:\/\/blogs.diariosur.es\/tormentas-y-rayos\/2013\/06\/14\/prevision-del-tiempo-fin-de-semana-la-playa-estara-desierta-que-no-que-no-es-broma-aviso-amarillo-por-altas-temperaturas-en-el-valle-del-guadalquivir\/","title":{"rendered":"Previsi\u00f3n del tiempo fin de semana. La playa estar\u00e1 desierta, que no, que no,! es broma!. Aviso amarillo por altas temperaturas en el Valle del Guadalquivir."},"content":{"rendered":"<p><strong>Que no que no, es broma amigos, la playa estar\u00e1 abarrota este fin de semana en toda la costa de Andaluc\u00eda.<\/strong><\/p>\n<p><a href=\"https:\/\/blogs.diariosur.es\/tormentas-y-rayos\/2013\/06\/14\/prevision-del-tiempo-fin-de-semana-la-playa-estara-desierta-que-no-que-no-es-broma-aviso-amarillo-por-altas-temperaturas-en-el-valle-del-guadalquivir\/049-640x640x80\/\" rel=\"attachment wp-att-6041\"><img loading=\"lazy\" class=\"aligncenter size-full wp-image-6041\" title=\"049-640x640x80\" src=\"\/tormentas-y-rayos\/wp-content\/uploads\/sites\/12\/2013\/06\/049x80.jpg\" alt=\"\" width=\"445\" height=\"640\" \/><\/a><\/p>\n<p>&nbsp;<\/p>\n<p><a href=\"https:\/\/blogs.diariosur.es\/tormentas-y-rayos\/2013\/06\/14\/prevision-del-tiempo-fin-de-semana-la-playa-estara-desierta-que-no-que-no-es-broma-aviso-amarillo-por-altas-temperaturas-en-el-valle-del-guadalquivir\/olympus-digital-camera-1357\/\" rel=\"attachment wp-att-6043\"><img loading=\"lazy\" class=\"aligncenter size-full wp-image-6043\" title=\"OLYMPUS DIGITAL CAMERA\" src=\"\/tormentas-y-rayos\/wp-content\/uploads\/sites\/12\/2013\/06\/118.jpg\" alt=\"\" width=\"660\" height=\"433\" srcset=\"https:\/\/static-blogs.diariosur.es\/wp-content\/uploads\/sites\/12\/2013\/06\/118.jpg 660w, https:\/\/static-blogs.diariosur.es\/wp-content\/uploads\/sites\/12\/2013\/06\/118-610x400.jpg 610w\" sizes=\"(max-width: 660px) 100vw, 660px\" \/><\/a><\/p>\n<p><strong>Por cierto amigos, es el ultimo finde de la primavera, el pr\u00f3ximo ya sera verano. Y como todos sab\u00e9is me entra la depresi\u00f3n meteorol\u00f3gica. Me ten\u00e9is que ayudar a sobrellevar esta depresi\u00f3n jijiji.<\/strong><\/p>\n<p><strong>Empecemos como siempre&#8230;. buenos dias amigos de la meteo, son las seis y un minuto de la ma\u00f1ana, registro 22,8 grados y los cielos malague\u00f1os est\u00e1n despejados. En estos momentos sopla una reboza de terral.<\/strong><\/p>\n<p><strong>Antes de daros la previsi\u00f3n del finde, os hago un peque\u00f1o resumen del jueves, que por cierto libre, y por fin puede hacer algunas fotos. La mar a las nueve de la ma\u00f1ana estaba como un plato, pero una jarta de\u00a0fr\u00eda,\u00a0 la temperatura del agua era de 18,8 grados, asi que dure poco tiempo metido en el agua. La m\u00e1xima en el puerto se dio a las once y media de la ma\u00f1ana con casi 30 grados, se dio una reboza de terral que hizo que subiera la temperatura durante unos minutos, os paso un gr\u00e1fico de la aemet. Sobre las doce\u00a0empez\u00f3\u00a0a bajar.<\/strong><\/p>\n<p><strong><a href=\"https:\/\/blogs.diariosur.es\/tormentas-y-rayos\/2013\/06\/14\/prevision-del-tiempo-fin-de-semana-la-playa-estara-desierta-que-no-que-no-es-broma-aviso-amarillo-por-altas-temperaturas-en-el-valle-del-guadalquivir\/maxima-5\/\" rel=\"attachment wp-att-6035\"><img loading=\"lazy\" class=\"aligncenter size-full wp-image-6035\" title=\"maxima\" src=\"\/tormentas-y-rayos\/wp-content\/uploads\/sites\/12\/2013\/06\/maxima1.jpg\" alt=\"\" width=\"440\" height=\"231\" \/><\/a>\u00a0 \u00a0Os paso una foto de cuando llegue a la playa. Esta misma foto salio ayer en el tiempo de la primera. Me gusto mucho que Monica dijera preciosa foto, gracias amigos del tiempo.<\/strong><\/p>\n<p><a href=\"https:\/\/blogs.diariosur.es\/tormentas-y-rayos\/2013\/06\/14\/prevision-del-tiempo-fin-de-semana-la-playa-estara-desierta-que-no-que-no-es-broma-aviso-amarillo-por-altas-temperaturas-en-el-valle-del-guadalquivir\/attachment\/0033\/\" rel=\"attachment wp-att-6036\"><img loading=\"lazy\" class=\"aligncenter size-full wp-image-6036\" title=\"0033\" src=\"\/tormentas-y-rayos\/wp-content\/uploads\/sites\/12\/2013\/06\/0033.jpg\" alt=\"\" width=\"660\" height=\"371\" srcset=\"https:\/\/static-blogs.diariosur.es\/wp-content\/uploads\/sites\/12\/2013\/06\/0033.jpg 660w, https:\/\/static-blogs.diariosur.es\/wp-content\/uploads\/sites\/12\/2013\/06\/0033-640x360.jpg 640w\" sizes=\"(max-width: 660px) 100vw, 660px\" \/><\/a><\/p>\n<p>&nbsp;<\/p>\n<p><span style=\"color: #ff0000;\"><strong>PREVISI\u00d3N DEL TIEMPO FIN DE SEMANA.<\/strong><\/span><\/p>\n<p><strong>\u00a0\u00a0La dorsal Africana como os comentaba d\u00edas atr\u00e1s ser\u00e1 la protagonista desde hoy y hasta el domingo, os paso un mapa previsto para el sabado.<\/strong><\/p>\n<p><a href=\"https:\/\/blogs.diariosur.es\/tormentas-y-rayos\/2013\/06\/14\/prevision-del-tiempo-fin-de-semana-la-playa-estara-desierta-que-no-que-no-es-broma-aviso-amarillo-por-altas-temperaturas-en-el-valle-del-guadalquivir\/sabado-sabadete\/\" rel=\"attachment wp-att-6038\"><img loading=\"lazy\" class=\"aligncenter size-medium wp-image-6038\" title=\"sabado sabadete\" src=\"\/tormentas-y-rayos\/wp-content\/uploads\/sites\/12\/2013\/06\/sabado-sabadete.png\" alt=\"\" width=\"600\" height=\"400\" srcset=\"https:\/\/static-blogs.diariosur.es\/wp-content\/uploads\/sites\/12\/2013\/06\/sabado-sabadete.png 768w, https:\/\/static-blogs.diariosur.es\/wp-content\/uploads\/sites\/12\/2013\/06\/sabado-sabadete-600x400.png 600w\" sizes=\"(max-width: 600px) 100vw, 600px\" \/><\/a><\/p>\n<p>&nbsp;<\/p>\n<p><strong>La temperatura a 850 hpa ( 1500 metros) rondara entre los 21 y 24 grados, esto\u00a0har\u00e1\u00a0que en el Valle del Guadalquivir las\u00a0m\u00e1ximas\u00a0est\u00e9n cercanas a los 38 grados. Por este motivo la aemet activa el aviso amarillo por altas temperaturas. De momento este aviso es para la campi\u00f1a Cordobesa, a lo mejor lo\u00a0ampl\u00edan\u00a0a la zona de la campi\u00f1a Sevillana.\u00a0<\/strong><\/p>\n<p><a href=\"https:\/\/blogs.diariosur.es\/tormentas-y-rayos\/2013\/06\/14\/prevision-del-tiempo-fin-de-semana-la-playa-estara-desierta-que-no-que-no-es-broma-aviso-amarillo-por-altas-temperaturas-en-el-valle-del-guadalquivir\/captura-151\/\" rel=\"attachment wp-att-6039\"><img loading=\"lazy\" class=\"aligncenter size-full wp-image-6039\" title=\"Captura\" src=\"\/tormentas-y-rayos\/wp-content\/uploads\/sites\/12\/2013\/06\/Captura1.jpg\" alt=\"\" width=\"580\" height=\"414\" srcset=\"https:\/\/static-blogs.diariosur.es\/wp-content\/uploads\/sites\/12\/2013\/06\/Captura1.jpg 580w, https:\/\/static-blogs.diariosur.es\/wp-content\/uploads\/sites\/12\/2013\/06\/Captura1-560x400.jpg 560w\" sizes=\"(max-width: 580px) 100vw, 580px\" \/><\/a><\/p>\n<p>&nbsp;<\/p>\n<p><strong>En nuestra provincia malague\u00f1a las\u00a0m\u00e1ximas\u00a0mas altas se dar\u00e1n por el interior,\u00a0 Ronda y Antequera sobrepasaran los 35 grados. En cambio en M\u00e1laga Capital las\u00a0m\u00e1ximas\u00a0estar\u00e1n entre los 26 y 29 grados. Pero a esto hay que unirle la humedad que tendremos, por la tanto la sensaci\u00f3n sera de mas calor. Los vientos soplaran de sur sureste, esto hara que podamos tener algunas neblinas.<\/strong><\/p>\n<p><strong><span style=\"color: #0000ff;\">Poco mas que contar amigos de la meteo.<\/span><\/strong><\/p>\n<p><strong><span style=\"color: #0000ff;\"> Ma\u00f1ana\u00a0s\u00e1bado\u00a0por la noche cuando llegue del curro, o lo mas tardar el domingo muy temprano iremos viendo esa bolsa de aire frio \u00a0en altura que os comentaba en el post anterior. Aun no esta muy claro como nos afectara, lo que si tengo claro es que a partir del lunes bajaran notablemente las\u00a0m\u00e1ximas\u00a0en el Valle del Guadalquivir. En la Capital Malague\u00f1a ya veremos si el terral de primavera es el protagonista entre la tarde del lunes y el martes.\u00a0<\/span><\/strong><\/p>\n<p><strong><span style=\"color: #ff00ff;\">Que\u00a0pas\u00e9is\u00a0un buen finde y no os\u00a0quem\u00e9is.<\/span><\/strong><\/p>\n<p>&nbsp;<\/p>\n","protected":false},"excerpt":{"rendered":"<p>Que no que no, es broma amigos, la playa estar\u00e1 abarrota este fin de semana en toda la costa de Andaluc\u00eda. &nbsp; Por cierto amigos, es el ultimo finde de la primavera, el pr\u00f3ximo ya sera verano. Y como todos sab\u00e9is me entra la depresi\u00f3n meteorol\u00f3gica. Me ten\u00e9is que ayudar a sobrellevar esta depresi\u00f3n jijiji. [&hellip;]<\/p>\n","protected":false},"author":16,"featured_media":6042,"comment_status":"open","ping_status":"open","sticky":false,"template":"","format":"standard","meta":[],"categories":[2],"tags":[63,81,91,151,410,809,902,962,980],"_links":{"self":[{"href":"https:\/\/blogs.diariosur.es\/tormentas-y-rayos\/wp-json\/wp\/v2\/posts\/6034"}],"collection":[{"href":"https:\/\/blogs.diariosur.es\/tormentas-y-rayos\/wp-json\/wp\/v2\/posts"}],"about":[{"href":"https:\/\/blogs.diariosur.es\/tormentas-y-rayos\/wp-json\/wp\/v2\/types\/post"}],"author":[{"embeddable":true,"href":"https:\/\/blogs.diariosur.es\/tormentas-y-rayos\/wp-json\/wp\/v2\/users\/16"}],"replies":[{"embeddable":true,"href":"https:\/\/blogs.diariosur.es\/tormentas-y-rayos\/wp-json\/wp\/v2\/comments?post=6034"}],"version-history":[{"count":0,"href":"https:\/\/blogs.diariosur.es\/tormentas-y-rayos\/wp-json\/wp\/v2\/posts\/6034\/revisions"}],"wp:featuredmedia":[{"embeddable":true,"href":"https:\/\/blogs.diariosur.es\/tormentas-y-rayos\/wp-json\/wp\/v2\/media\/6042"}],"wp:attachment":[{"href":"https:\/\/blogs.diariosur.es\/tormentas-y-rayos\/wp-json\/wp\/v2\/media?parent=6034"}],"wp:term":[{"taxonomy":"category","embeddable":true,"href":"https:\/\/blogs.diariosur.es\/tormentas-y-rayos\/wp-json\/wp\/v2\/categories?post=6034"},{"taxonomy":"post_tag","embeddable":true,"href":"https:\/\/blogs.diariosur.es\/tormentas-y-rayos\/wp-json\/wp\/v2\/tags?post=6034"}],"curies":[{"name":"wp","href":"https:\/\/api.w.org\/{rel}","templated":true}]}}