{"id":6045,"date":"2013-06-16T08:06:28","date_gmt":"2013-06-16T06:06:28","guid":{"rendered":"http:\/\/blogs.diariosur.es\/tormentas-y-rayos\/?p=6045"},"modified":"2013-06-16T08:06:28","modified_gmt":"2013-06-16T06:06:28","slug":"ultima-horacambio-radical-del-tiempo-impresionante-supercelula-en-rotacion-video","status":"publish","type":"post","link":"https:\/\/blogs.diariosur.es\/tormentas-y-rayos\/2013\/06\/16\/ultima-horacambio-radical-del-tiempo-impresionante-supercelula-en-rotacion-video\/","title":{"rendered":"!Ultima hora!Cambio radical del tiempo. Impresionante superc\u00e9lula en rotaci\u00f3n &#8221; video&#8221;"},"content":{"rendered":"<p><strong>Buenos d\u00edas amigos de la meteo. <\/strong><\/p>\n<p><strong>Tranquilidad, tranquilidad !! que no cunda el\u00a0p\u00e1nico. Hoy\u00a0podr\u00e9is\u00a0disfrutar de un pedazo de dia de playa, mi compa\u00f1era de curro Rocio seguro que se ha asustado al leer el titulo jejejej, venga compis todos a la playa. A todo esto deciros que son las siete de la ma\u00f1ana, registro 22 grados, corre viento de levante y los cielos est\u00e1n despejados. Entra Boria en la costa , esperaba neblinas pero no esto. Lo siento\u00a0<\/strong><\/p>\n<p><strong> Como os promet\u00ed el viernes, os abro un nuevo post para confirmaros el cambio de tiempo que tendremos en toda la\u00a0Pen\u00ednsula\u00a0a partir de ma\u00f1ana lunes. Os explico muy r\u00e1pidamente a que se debe esto y ma\u00f1ana seguimos viendo su evoluci\u00f3n. <\/strong><\/p>\n<p><strong>Una DANA ser\u00e1 la culpable de ello, como todos sab\u00e9is tambi\u00e9n se le llama &#8220;gota fr\u00eda&#8221;, aunque yo prefiero llamarla dana ( depresi\u00f3n o borrasca aislada en altura). Esta primavera ya se han dado varias, pero con esta hay que tener mayor atenci\u00f3n, ya que puede ser mas peligrosa, debido al calor acumulado de estos d\u00edas y a los vientos h\u00famedos que soplaran.<\/strong><\/p>\n<p><strong>En este mapa previsto para ma\u00f1ana lunes a las dos de la tarde, se ve claramente donde estar\u00e1 ubicada de momento.\u00a0<\/strong><\/p>\n<p><strong>Como muchos sab\u00e9is este mapa es a 5500 metros.\u00a0<\/strong><\/p>\n<p><a href=\"https:\/\/blogs.diariosur.es\/tormentas-y-rayos\/2013\/06\/16\/ultima-horacambio-radical-del-tiempo-impresionante-supercelula-en-rotacion-video\/dana-8\/\" rel=\"attachment wp-att-6048\"><img loading=\"lazy\" class=\"aligncenter size-medium wp-image-6048\" title=\"dana\" src=\"\/tormentas-y-rayos\/wp-content\/uploads\/sites\/12\/2013\/06\/dana.jpg\" alt=\"\" width=\"600\" height=\"352\" srcset=\"https:\/\/static-blogs.diariosur.es\/wp-content\/uploads\/sites\/12\/2013\/06\/dana.jpg 700w, https:\/\/static-blogs.diariosur.es\/wp-content\/uploads\/sites\/12\/2013\/06\/dana-640x376.jpg 640w\" sizes=\"(max-width: 600px) 100vw, 600px\" \/><\/a><\/p>\n<p><strong>Tambi\u00e9n esta dana viene acompa\u00f1ada de una masa de aire fr\u00edo. Si hoy domingo C\u00f3rdoba tiene una m\u00e1xima de 38 grados, ma\u00f1ana lunes no llegaran a los treinta.<\/strong><\/p>\n<p><strong> <span style=\"color: #ff0000;\">Aqui en la Capital Malague\u00f1a sera distinto si entra el terral de primavera, si hoy la m\u00e1xima es de 26, ma\u00f1ana lunes\u00a0sobrepasaremos\u00a0en la zona de teatinos los 34.<\/span><\/strong><\/p>\n<p><strong> En estos mapas previstos a 850 hpa ( 1500 m ) se ve claramente, fijaros la temperatura que tendr\u00edamos hoy domingo a las dos de la tarde y compararla con la misma hora del lunes y el martes.<\/strong><\/p>\n<p><a href=\"https:\/\/blogs.diariosur.es\/tormentas-y-rayos\/2013\/06\/16\/ultima-horacambio-radical-del-tiempo-impresionante-supercelula-en-rotacion-video\/gfs-1-12-vert-2\/\" rel=\"attachment wp-att-6050\"><img loading=\"lazy\" class=\"aligncenter size-full wp-image-6050\" title=\"gfs-1-12-vert\" src=\"\/tormentas-y-rayos\/wp-content\/uploads\/sites\/12\/2013\/06\/gfs-1-12-vert1.jpg\" alt=\"\" width=\"568\" height=\"1137\" srcset=\"https:\/\/static-blogs.diariosur.es\/wp-content\/uploads\/sites\/12\/2013\/06\/gfs-1-12-vert1.jpg 568w, https:\/\/static-blogs.diariosur.es\/wp-content\/uploads\/sites\/12\/2013\/06\/gfs-1-12-vert1-200x400.jpg 200w\" sizes=\"(max-width: 568px) 100vw, 568px\" \/><\/a><\/p>\n<p>&nbsp;<\/p>\n<p><strong>De momento poco mas que contar amigos, ma\u00f1ana lunes iremos viendo su evoluci\u00f3n. Ya sab\u00e9is que seg\u00fan donde se ubique, afectar\u00eda en menor o mayor medida a nuestra regi\u00f3n andaluza. Cuando digo esto me refiero a tener lluvias fuertes acompa\u00f1adas de tormentas, que de momento parece que no. Lo que si esta claro es la bajada de temperaturas y el viento fuerte que soplara en la Costa Malague\u00f1a, Granadina y Almeriense. De momento la Aemet activa el aviso amarillo por vientos en la Costa de Granada y Almeriense. Y como os he comentado mas arriba, Ma\u00f1ana lunes hay una posibilidad alta de que sople terral de primavera y suban las temperaturas en la capital, por contra bajarian por el interior de nuestra provincia.<\/strong><\/p>\n<p>&nbsp;<\/p>\n<p><strong>Os dejo con este impresionante video de una superc\u00e9lula en rotaci\u00f3n. El \u00a0fot\u00f3grafo Mike Olbinski,\u00a0ha podido grabar \u00a0y fotografiar a este bicharraco jejeje. Una pasada.<\/strong><\/p>\n<p><strong><a href=\"http:\/\/vimeo.com\/67995158\" rel=\"external nofollow\">PINCHAR AQU<\/a>I.<\/strong><\/p>\n<p>&nbsp;<\/p>\n<p><a href=\"https:\/\/blogs.diariosur.es\/tormentas-y-rayos\/2013\/06\/16\/ultima-horacambio-radical-del-tiempo-impresionante-supercelula-en-rotacion-video\/1017051_10200431677578084_1387747297_n\/\" rel=\"attachment wp-att-6051\"><img loading=\"lazy\" class=\"aligncenter size-full wp-image-6051\" title=\"1017051_10200431677578084_1387747297_n\" src=\"\/tormentas-y-rayos\/wp-content\/uploads\/sites\/12\/2013\/06\/1017051_10200431677578084_1387747297_n.jpg\" alt=\"\" width=\"670\" height=\"446\" srcset=\"https:\/\/static-blogs.diariosur.es\/wp-content\/uploads\/sites\/12\/2013\/06\/1017051_10200431677578084_1387747297_n.jpg 670w, https:\/\/static-blogs.diariosur.es\/wp-content\/uploads\/sites\/12\/2013\/06\/1017051_10200431677578084_1387747297_n-601x400.jpg 601w\" sizes=\"(max-width: 670px) 100vw, 670px\" \/><\/a><\/p>\n<p>&nbsp;<\/p>\n<p>&nbsp;<\/p>\n<p>&nbsp;<\/p>\n<p>&nbsp;<\/p>\n","protected":false},"excerpt":{"rendered":"<p>Buenos d\u00edas amigos de la meteo. Tranquilidad, tranquilidad !! que no cunda el\u00a0p\u00e1nico. Hoy\u00a0podr\u00e9is\u00a0disfrutar de un pedazo de dia de playa, mi compa\u00f1era de curro Rocio seguro que se ha asustado al leer el titulo jejejej, venga compis todos a la playa. A todo esto deciros que son las siete de la ma\u00f1ana, registro 22 [&hellip;]<\/p>\n","protected":false},"author":16,"featured_media":6051,"comment_status":"open","ping_status":"open","sticky":false,"template":"","format":"standard","meta":[],"categories":[2],"tags":[215,485,876,942,980,1028,1056],"_links":{"self":[{"href":"https:\/\/blogs.diariosur.es\/tormentas-y-rayos\/wp-json\/wp\/v2\/posts\/6045"}],"collection":[{"href":"https:\/\/blogs.diariosur.es\/tormentas-y-rayos\/wp-json\/wp\/v2\/posts"}],"about":[{"href":"https:\/\/blogs.diariosur.es\/tormentas-y-rayos\/wp-json\/wp\/v2\/types\/post"}],"author":[{"embeddable":true,"href":"https:\/\/blogs.diariosur.es\/tormentas-y-rayos\/wp-json\/wp\/v2\/users\/16"}],"replies":[{"embeddable":true,"href":"https:\/\/blogs.diariosur.es\/tormentas-y-rayos\/wp-json\/wp\/v2\/comments?post=6045"}],"version-history":[{"count":0,"href":"https:\/\/blogs.diariosur.es\/tormentas-y-rayos\/wp-json\/wp\/v2\/posts\/6045\/revisions"}],"wp:featuredmedia":[{"embeddable":true,"href":"https:\/\/blogs.diariosur.es\/tormentas-y-rayos\/wp-json\/wp\/v2\/media\/6051"}],"wp:attachment":[{"href":"https:\/\/blogs.diariosur.es\/tormentas-y-rayos\/wp-json\/wp\/v2\/media?parent=6045"}],"wp:term":[{"taxonomy":"category","embeddable":true,"href":"https:\/\/blogs.diariosur.es\/tormentas-y-rayos\/wp-json\/wp\/v2\/categories?post=6045"},{"taxonomy":"post_tag","embeddable":true,"href":"https:\/\/blogs.diariosur.es\/tormentas-y-rayos\/wp-json\/wp\/v2\/tags?post=6045"}],"curies":[{"name":"wp","href":"https:\/\/api.w.org\/{rel}","templated":true}]}}