{"id":6053,"date":"2013-06-17T07:33:56","date_gmt":"2013-06-17T05:33:56","guid":{"rendered":"http:\/\/blogs.diariosur.es\/tormentas-y-rayos\/?p=6053"},"modified":"2013-06-17T07:33:56","modified_gmt":"2013-06-17T05:33:56","slug":"atencion-a-la-dana-gota-fria-que-la-puede-liar-fuertes-tormentas-bajadas-de-temperaturas-y-viento-los-protagonistas","status":"publish","type":"post","link":"https:\/\/blogs.diariosur.es\/tormentas-y-rayos\/2013\/06\/17\/atencion-a-la-dana-gota-fria-que-la-puede-liar-fuertes-tormentas-bajadas-de-temperaturas-y-viento-los-protagonistas\/","title":{"rendered":"Atenci\u00f3n a la dana ( gota fr\u00eda) que la puede liar. Fuertes tormentas,&#8221; bajadas de temperaturas&#8221; y viento los protagonistas."},"content":{"rendered":"<p><strong>Buenos dias amigos de la meteo. Son las seis de la ma\u00f1ana, registro 22 grados y los cielos est\u00e1n poco nubosos. Pero a lo largo del dia las nubes altas tipos cirros adornaran los cielos malague\u00f1os.<\/strong><\/p>\n<p>&nbsp;<\/p>\n<p><strong>Antes de nada comentaros que hoy en M\u00e1laga Capital el terral de primavera ser\u00e1 el protagonista durante la tarde, la m\u00e1xima rondara los 35 grados. Hoy se puede dar el caso de diferencia de casi 7 grados entre el Puerto y la zona de Teatinos. Incluso podemos tener un poco de boria.<\/strong><\/p>\n<p><strong>En la comarca de Ronda y Antequera que estos d\u00edas pasados llegaban a los 35 grados bajaran notablemente las\u00a0m\u00e1ximas\u00a0 y no creo que sobrepasen de \u00a0los 27 grados.\u00a0<\/strong><\/p>\n<p><strong>En estos momentos se ve claramente como un frente entra en la\u00a0pen\u00ednsula\u00a0y se forma la dana, preciosa imagen de masas de aire del satelite eumetsat fuente aemet.<\/strong><\/p>\n<p><a href=\"https:\/\/blogs.diariosur.es\/tormentas-y-rayos\/2013\/06\/17\/atencion-a-la-dana-gota-fria-que-la-puede-liar-fuertes-tormentas-bajadas-de-temperaturas-y-viento-los-protagonistas\/201306170400_s91g\/\" rel=\"attachment wp-att-6061\"><img loading=\"lazy\" class=\"aligncenter size-full wp-image-6061\" title=\"201306170400_s91g\" src=\"\/tormentas-y-rayos\/wp-content\/uploads\/sites\/12\/2013\/06\/201306170400_s91g.jpg\" alt=\"\" width=\"550\" height=\"488\" srcset=\"https:\/\/static-blogs.diariosur.es\/wp-content\/uploads\/sites\/12\/2013\/06\/201306170400_s91g.jpg 550w, https:\/\/static-blogs.diariosur.es\/wp-content\/uploads\/sites\/12\/2013\/06\/201306170400_s91g-451x400.jpg 451w\" sizes=\"(max-width: 550px) 100vw, 550px\" \/><\/a><\/p>\n<p>&nbsp;<\/p>\n<p><strong>Ayer domingo os abr\u00eda un post comentando el cambio de tiempo que tendremos estos primeros d\u00edas de esta semana. Una dana ( depresi\u00f3n aislada en altura) o la mal llamada gota fr\u00eda ser\u00e1 la protagonista desde hoy y sobre todo ma\u00f1ana martes. Os paso unos mapas previstos a 500 hpa ( 5500 metros). Fuente hirlam aemet.<\/strong><\/p>\n<p><a href=\"https:\/\/blogs.diariosur.es\/tormentas-y-rayos\/2013\/06\/17\/atencion-a-la-dana-gota-fria-que-la-puede-liar-fuertes-tormentas-bajadas-de-temperaturas-y-viento-los-protagonistas\/dana-9\/\" rel=\"attachment wp-att-6056\"><img loading=\"lazy\" class=\"aligncenter size-full wp-image-6056\" title=\"dana\" src=\"\/tormentas-y-rayos\/wp-content\/uploads\/sites\/12\/2013\/06\/dana1.jpg\" alt=\"\" width=\"623\" height=\"1098\" srcset=\"https:\/\/static-blogs.diariosur.es\/wp-content\/uploads\/sites\/12\/2013\/06\/dana1.jpg 623w, https:\/\/static-blogs.diariosur.es\/wp-content\/uploads\/sites\/12\/2013\/06\/dana1-227x400.jpg 227w\" sizes=\"(max-width: 623px) 100vw, 623px\" \/><\/a><\/p>\n<p><strong>Al venir tambi\u00e9n acompa\u00f1ada de una masa de aire frio, las temperaturas bajaran notablemente, como es el caso del Valle del Guadalquivir. Ayer en esta zona se registraban\u00a0m\u00e1ximas\u00a0cercanas a los 38 grados, hoy y ma\u00f1ana no pasaran de los 26 grados. Fijaros en la diferencia de temperatura a 850 hpa ( 1500 m ) de ayer domingo con la que se espera hoy y ma\u00f1ana martes.<\/strong><\/p>\n<p><a href=\"https:\/\/blogs.diariosur.es\/tormentas-y-rayos\/2013\/06\/17\/atencion-a-la-dana-gota-fria-que-la-puede-liar-fuertes-tormentas-bajadas-de-temperaturas-y-viento-los-protagonistas\/gfs-1-12-vert-3\/\" rel=\"attachment wp-att-6059\"><img loading=\"lazy\" class=\"aligncenter size-full wp-image-6059\" title=\"gfs-1-12-vert\" src=\"\/tormentas-y-rayos\/wp-content\/uploads\/sites\/12\/2013\/06\/gfs-1-12-vert2.jpg\" alt=\"\" width=\"568\" height=\"1137\" srcset=\"https:\/\/static-blogs.diariosur.es\/wp-content\/uploads\/sites\/12\/2013\/06\/gfs-1-12-vert2.jpg 568w, https:\/\/static-blogs.diariosur.es\/wp-content\/uploads\/sites\/12\/2013\/06\/gfs-1-12-vert2-200x400.jpg 200w\" sizes=\"(max-width: 568px) 100vw, 568px\" \/><\/a><\/p>\n<p><strong>El viento tambien sera el protagonista, soplara con rachas fuertes en la Costa Oriental Andaluza, por este motivo la aemet activa el aviso amarillo por\u00a0fen\u00f3menos\u00a0costeros y viento en la Costa de \u00a0Granada y Almer\u00eda.\u00a0<\/strong><\/p>\n<p><a href=\"https:\/\/blogs.diariosur.es\/tormentas-y-rayos\/2013\/06\/17\/atencion-a-la-dana-gota-fria-que-la-puede-liar-fuertes-tormentas-bajadas-de-temperaturas-y-viento-los-protagonistas\/alerta-amari\/\" rel=\"attachment wp-att-6060\"><img loading=\"lazy\" class=\"aligncenter size-full wp-image-6060\" title=\"alerta amari\" src=\"\/tormentas-y-rayos\/wp-content\/uploads\/sites\/12\/2013\/06\/alerta-amari.jpg\" alt=\"\" width=\"533\" height=\"426\" srcset=\"https:\/\/static-blogs.diariosur.es\/wp-content\/uploads\/sites\/12\/2013\/06\/alerta-amari.jpg 533w, https:\/\/static-blogs.diariosur.es\/wp-content\/uploads\/sites\/12\/2013\/06\/alerta-amari-500x400.jpg 500w\" sizes=\"(max-width: 533px) 100vw, 533px\" \/><\/a><\/p>\n<p><span style=\"color: #ff0000;\"><strong>Las tormentas pueden ser y si se cumplen los modelos bastantes fuertes y acompa\u00f1adas de granizo en Navarra, Rioja, Catalu\u00f1a, Pirineos, Arag\u00f3n, \u00a0norte de la Comunidad Valenciana.\u00a0<\/strong><\/span><\/p>\n<p><strong>ANTES DE DAROS UN PEQUE\u00d1O RESUMEN DEL DOMINGO, <a href=\"https:\/\/blogs.diariosur.es\/tormentas-y-rayos\/2013\/06\/16\/ultima-horacambio-radical-del-tiempo-impresionante-supercelula-en-rotacion-video\/\">OS PASO EL ENLACE DEL VIDEO DE UNA SUPERCELULA EN ROTACI\u00d3N QUE OS PUSE AYER EN EL POST, NO\u00a0DEJ\u00c9IS\u00a0DE VERLO, ES BESTIAL.<\/a><\/strong><\/p>\n<p><strong>Os hago un peque\u00f1o resumen de ayer domingo, donde la boria fue la protagonista durante las primeras horas de la ma\u00f1ana, a partir del\u00a0mediod\u00eda\u00a0se fue quitando. La verdad que no la esperaba, pero el cambio del viento sur sureste trajo esta niebla como\u00a0pod\u00e9is\u00a0ver en esta foto.<\/strong><\/p>\n<p><a href=\"https:\/\/blogs.diariosur.es\/tormentas-y-rayos\/2013\/06\/17\/atencion-a-la-dana-gota-fria-que-la-puede-liar-fuertes-tormentas-bajadas-de-temperaturas-y-viento-los-protagonistas\/olympus-digital-camera-1358\/\" rel=\"attachment wp-att-6057\"><img loading=\"lazy\" class=\"aligncenter size-full wp-image-6057\" title=\"OLYMPUS DIGITAL CAMERA\" src=\"\/tormentas-y-rayos\/wp-content\/uploads\/sites\/12\/2013\/06\/0013.jpg\" alt=\"\" width=\"660\" height=\"495\" srcset=\"https:\/\/static-blogs.diariosur.es\/wp-content\/uploads\/sites\/12\/2013\/06\/0013.jpg 660w, https:\/\/static-blogs.diariosur.es\/wp-content\/uploads\/sites\/12\/2013\/06\/0013-533x400.jpg 533w\" sizes=\"(max-width: 660px) 100vw, 660px\" \/><\/a><\/p>\n<p>&nbsp;<\/p>\n<p>&nbsp;<\/p>\n<p><strong>De todas formas la playa de Torre de Benagalb\u00f3n se lleno y presentaba este aspecto sobre las doce y media, a partir de esa hora se fue quitando.<\/strong><\/p>\n<p><a href=\"https:\/\/blogs.diariosur.es\/tormentas-y-rayos\/2013\/06\/17\/atencion-a-la-dana-gota-fria-que-la-puede-liar-fuertes-tormentas-bajadas-de-temperaturas-y-viento-los-protagonistas\/olympus-digital-camera-1359\/\" rel=\"attachment wp-att-6058\"><img loading=\"lazy\" class=\"aligncenter size-full wp-image-6058\" title=\"OLYMPUS DIGITAL CAMERA\" src=\"\/tormentas-y-rayos\/wp-content\/uploads\/sites\/12\/2013\/06\/0123.jpg\" alt=\"\" width=\"660\" height=\"495\" srcset=\"https:\/\/static-blogs.diariosur.es\/wp-content\/uploads\/sites\/12\/2013\/06\/0123.jpg 660w, https:\/\/static-blogs.diariosur.es\/wp-content\/uploads\/sites\/12\/2013\/06\/0123-533x400.jpg 533w\" sizes=\"(max-width: 660px) 100vw, 660px\" \/><\/a><\/p>\n<p>&nbsp;<\/p>\n<p><strong>No solo en la Costa Oriental Malague\u00f1a fue la protagonista, tambien en la Capital Malague\u00f1a sobre las once de la ma\u00f1ana tomo protagonismo. Mi amigo Antonio Portillo me pasa estas dos impresionantes fotos, son preciosas Antonio, un abrazo.<\/strong><\/p>\n<p><a href=\"https:\/\/blogs.diariosur.es\/tormentas-y-rayos\/2013\/06\/17\/atencion-a-la-dana-gota-fria-que-la-puede-liar-fuertes-tormentas-bajadas-de-temperaturas-y-viento-los-protagonistas\/1014630_4409120765389_1842466615_o\/\" rel=\"attachment wp-att-6062\"><img loading=\"lazy\" class=\"aligncenter size-full wp-image-6062\" title=\"1014630_4409120765389_1842466615_o\" src=\"\/tormentas-y-rayos\/wp-content\/uploads\/sites\/12\/2013\/06\/1014630_4409120765389_1842466615_o.jpg\" alt=\"\" width=\"660\" height=\"440\" srcset=\"https:\/\/static-blogs.diariosur.es\/wp-content\/uploads\/sites\/12\/2013\/06\/1014630_4409120765389_1842466615_o.jpg 660w, https:\/\/static-blogs.diariosur.es\/wp-content\/uploads\/sites\/12\/2013\/06\/1014630_4409120765389_1842466615_o-600x400.jpg 600w\" sizes=\"(max-width: 660px) 100vw, 660px\" \/><\/a><\/p>\n<p>&nbsp;<\/p>\n<p><a href=\"https:\/\/blogs.diariosur.es\/tormentas-y-rayos\/2013\/06\/17\/atencion-a-la-dana-gota-fria-que-la-puede-liar-fuertes-tormentas-bajadas-de-temperaturas-y-viento-los-protagonistas\/1015089_4409122805440_2016618217_o\/\" rel=\"attachment wp-att-6063\"><img loading=\"lazy\" class=\"aligncenter size-full wp-image-6063\" title=\"1015089_4409122805440_2016618217_o\" src=\"\/tormentas-y-rayos\/wp-content\/uploads\/sites\/12\/2013\/06\/1015089_4409122805440_2016618217_o.jpg\" alt=\"\" width=\"660\" height=\"440\" srcset=\"https:\/\/static-blogs.diariosur.es\/wp-content\/uploads\/sites\/12\/2013\/06\/1015089_4409122805440_2016618217_o.jpg 660w, https:\/\/static-blogs.diariosur.es\/wp-content\/uploads\/sites\/12\/2013\/06\/1015089_4409122805440_2016618217_o-600x400.jpg 600w\" sizes=\"(max-width: 660px) 100vw, 660px\" \/><\/a><\/p>\n<p><strong>Desde el\u00a0sat\u00e9lite\u00a0terra se\u00a0distingu\u00eda\u00a0perfectamente la boria, os paso una captura.<\/strong><\/p>\n<p><a href=\"https:\/\/blogs.diariosur.es\/tormentas-y-rayos\/2013\/06\/17\/atencion-a-la-dana-gota-fria-que-la-puede-liar-fuertes-tormentas-bajadas-de-temperaturas-y-viento-los-protagonistas\/captura-152\/\" rel=\"attachment wp-att-6064\"><img loading=\"lazy\" class=\"aligncenter size-full wp-image-6064\" title=\"Captura\" src=\"\/tormentas-y-rayos\/wp-content\/uploads\/sites\/12\/2013\/06\/Captura2.jpg\" alt=\"\" width=\"670\" height=\"526\" srcset=\"https:\/\/static-blogs.diariosur.es\/wp-content\/uploads\/sites\/12\/2013\/06\/Captura2.jpg 670w, https:\/\/static-blogs.diariosur.es\/wp-content\/uploads\/sites\/12\/2013\/06\/Captura2-510x400.jpg 510w\" sizes=\"(max-width: 670px) 100vw, 670px\" \/><\/a><\/p>\n<p><strong>Poco mas que contar amigos, hoy pasaremos de los 33 grados en M\u00e1laga Capital, el terral soplara entre moderado y fuerte. Ma\u00f1ana al ser festivo os actualizare el blog de nuevo. Y os\u00a0dar\u00e9\u00a0la predicci\u00f3n para el dia festivo, que no creo que sea de playa, debido al viento.\u00a0<\/strong><\/p>\n<p><strong>Ayer tome la temperatura del agua del mar como hago todos los a\u00f1os. Me marco 20,1 grados. Pero seguro que entre hoy ma\u00f1ana bajara.<\/strong><\/p>\n<p><a href=\"https:\/\/blogs.diariosur.es\/tormentas-y-rayos\/2013\/06\/17\/atencion-a-la-dana-gota-fria-que-la-puede-liar-fuertes-tormentas-bajadas-de-temperaturas-y-viento-los-protagonistas\/terralll-12\/\" rel=\"attachment wp-att-6065\"><img loading=\"lazy\" class=\"aligncenter size-full wp-image-6065\" title=\"terralll\" src=\"\/tormentas-y-rayos\/wp-content\/uploads\/sites\/12\/2013\/06\/terralll.jpg\" alt=\"\" width=\"430\" height=\"537\" srcset=\"https:\/\/static-blogs.diariosur.es\/wp-content\/uploads\/sites\/12\/2013\/06\/terralll.jpg 430w, https:\/\/static-blogs.diariosur.es\/wp-content\/uploads\/sites\/12\/2013\/06\/terralll-320x400.jpg 320w\" sizes=\"(max-width: 430px) 100vw, 430px\" \/><\/a><\/p>\n<p>&nbsp;<\/p>\n<p>&nbsp;<\/p>\n","protected":false},"excerpt":{"rendered":"<p>Buenos dias amigos de la meteo. Son las seis de la ma\u00f1ana, registro 22 grados y los cielos est\u00e1n poco nubosos. Pero a lo largo del dia las nubes altas tipos cirros adornaran los cielos malague\u00f1os. &nbsp; Antes de nada comentaros que hoy en M\u00e1laga Capital el terral de primavera ser\u00e1 el protagonista durante la [&hellip;]<\/p>\n","protected":false},"author":16,"featured_media":6065,"comment_status":"open","ping_status":"open","sticky":false,"template":"","format":"standard","meta":[],"categories":[2],"tags":[160,307,431,440,459,962,996],"_links":{"self":[{"href":"https:\/\/blogs.diariosur.es\/tormentas-y-rayos\/wp-json\/wp\/v2\/posts\/6053"}],"collection":[{"href":"https:\/\/blogs.diariosur.es\/tormentas-y-rayos\/wp-json\/wp\/v2\/posts"}],"about":[{"href":"https:\/\/blogs.diariosur.es\/tormentas-y-rayos\/wp-json\/wp\/v2\/types\/post"}],"author":[{"embeddable":true,"href":"https:\/\/blogs.diariosur.es\/tormentas-y-rayos\/wp-json\/wp\/v2\/users\/16"}],"replies":[{"embeddable":true,"href":"https:\/\/blogs.diariosur.es\/tormentas-y-rayos\/wp-json\/wp\/v2\/comments?post=6053"}],"version-history":[{"count":0,"href":"https:\/\/blogs.diariosur.es\/tormentas-y-rayos\/wp-json\/wp\/v2\/posts\/6053\/revisions"}],"wp:featuredmedia":[{"embeddable":true,"href":"https:\/\/blogs.diariosur.es\/tormentas-y-rayos\/wp-json\/wp\/v2\/media\/6065"}],"wp:attachment":[{"href":"https:\/\/blogs.diariosur.es\/tormentas-y-rayos\/wp-json\/wp\/v2\/media?parent=6053"}],"wp:term":[{"taxonomy":"category","embeddable":true,"href":"https:\/\/blogs.diariosur.es\/tormentas-y-rayos\/wp-json\/wp\/v2\/categories?post=6053"},{"taxonomy":"post_tag","embeddable":true,"href":"https:\/\/blogs.diariosur.es\/tormentas-y-rayos\/wp-json\/wp\/v2\/tags?post=6053"}],"curies":[{"name":"wp","href":"https:\/\/api.w.org\/{rel}","templated":true}]}}