{"id":6066,"date":"2013-06-18T07:44:22","date_gmt":"2013-06-18T05:44:22","guid":{"rendered":"http:\/\/blogs.diariosur.es\/tormentas-y-rayos\/?p=6066"},"modified":"2013-06-18T07:44:22","modified_gmt":"2013-06-18T05:44:22","slug":"la-dana-la-tenemos-encima-hoy-no-hay-playa-vaya-vaya-aviso-naranja-por-fuertes-lluvias-tormentasdeshielos-y-viento-en-el-noreste","status":"publish","type":"post","link":"https:\/\/blogs.diariosur.es\/tormentas-y-rayos\/2013\/06\/18\/la-dana-la-tenemos-encima-hoy-no-hay-playa-vaya-vaya-aviso-naranja-por-fuertes-lluvias-tormentasdeshielos-y-viento-en-el-noreste\/","title":{"rendered":"La dana la tenemos encima, hoy no hay playa, vaya, vaya. Aviso naranja por fuertes lluvias, tormentas,deshielos y viento en el noreste"},"content":{"rendered":"<p><strong>Buenos dias amigos de la meteo.<\/strong><\/p>\n<p><strong>Son las seis de la ma\u00f1ana, registro 18 grados y los cielos est\u00e1n de momento despejados. Ya mismo\u00a0aparecer\u00e1n\u00a0las primeras nubes.<\/strong><\/p>\n<p><strong>Acabo de subir de tomarme mi caf\u00e9 con churros y una se\u00f1ora le comentaba a Antonio el camarero ! que fr\u00edo hace esta ma\u00f1ana!. La verdad que con el aire la sensaci\u00f3n t\u00e9rmica era de mas fresquete. Hoy es festivo en M\u00e1laga Capital pero os tengo que dar una mala noticia, no creo que tengamos dia de playa , vaya , vaya jejeje. Mi compi de curro Vanessa y Roc\u00edo me preguntaban ayer que para donde tiraban para estar mejor, lo siento amigas a partir del mediod\u00eda las nubes ser\u00e1n las protagonistas y el viento tambi\u00e9n. Incluso en el interior de nuestra provincia se pueden registrar algunas gotas.<\/strong><\/p>\n<p><strong>La dana est\u00e1 en estos momentos en el centro de la\u00a0pen\u00ednsula, incluso un poquito mas al sur de lo esperado. Os paso un mapa de ahora mismo a 500 hpa ( 5500 metros)\u00a0\u00a0<\/strong><\/p>\n<p><a href=\"https:\/\/blogs.diariosur.es\/tormentas-y-rayos\/2013\/06\/18\/la-dana-la-tenemos-encima-hoy-no-hay-playa-vaya-vaya-aviso-naranja-por-fuertes-lluvias-tormentasdeshielos-y-viento-en-el-noreste\/dana-10\/\" rel=\"attachment wp-att-6067\"><img loading=\"lazy\" class=\"aligncenter size-full wp-image-6067\" title=\"dana\" src=\"\/tormentas-y-rayos\/wp-content\/uploads\/sites\/12\/2013\/06\/dana2.jpg\" alt=\"\" width=\"658\" height=\"467\" srcset=\"https:\/\/static-blogs.diariosur.es\/wp-content\/uploads\/sites\/12\/2013\/06\/dana2.jpg 658w, https:\/\/static-blogs.diariosur.es\/wp-content\/uploads\/sites\/12\/2013\/06\/dana2-564x400.jpg 564w\" sizes=\"(max-width: 658px) 100vw, 658px\" \/><\/a><\/p>\n<p><strong>Por este motivo la nubosidad a partir del mediod\u00eda ser\u00e1 mayor de la esperada en toda Andaluc\u00eda. Incluso se pueden dar chubascos por el interior de la Provincia Malague\u00f1a.\u00a0<\/strong><\/p>\n<p><strong>Otro dato a destacar son los avisos que la aemet ha puesto hoy. A destacar uno que la verdad no lo hab\u00eda visto yo antes o que no \u00a0recuerde. Es el aviso por deshielo en el Pirineo. A estos hay que unirles los naranjas por fuertes tormentas, lluvias y viento.<\/strong><\/p>\n<p><a href=\"https:\/\/blogs.diariosur.es\/tormentas-y-rayos\/2013\/06\/18\/la-dana-la-tenemos-encima-hoy-no-hay-playa-vaya-vaya-aviso-naranja-por-fuertes-lluvias-tormentasdeshielos-y-viento-en-el-noreste\/desh\/\" rel=\"attachment wp-att-6068\"><img loading=\"lazy\" class=\"aligncenter size-full wp-image-6068\" title=\"desh\" src=\"\/tormentas-y-rayos\/wp-content\/uploads\/sites\/12\/2013\/06\/desh.jpg\" alt=\"\" width=\"539\" height=\"141\" \/><\/a><\/p>\n<p>&nbsp;<\/p>\n<p><a href=\"https:\/\/blogs.diariosur.es\/tormentas-y-rayos\/2013\/06\/18\/la-dana-la-tenemos-encima-hoy-no-hay-playa-vaya-vaya-aviso-naranja-por-fuertes-lluvias-tormentasdeshielos-y-viento-en-el-noreste\/alertas-deshielos\/\" rel=\"attachment wp-att-6069\"><img loading=\"lazy\" class=\"aligncenter size-full wp-image-6069\" title=\"alertas deshielos\" src=\"\/tormentas-y-rayos\/wp-content\/uploads\/sites\/12\/2013\/06\/alertas-deshielos.jpg\" alt=\"\" width=\"551\" height=\"439\" srcset=\"https:\/\/static-blogs.diariosur.es\/wp-content\/uploads\/sites\/12\/2013\/06\/alertas-deshielos.jpg 551w, https:\/\/static-blogs.diariosur.es\/wp-content\/uploads\/sites\/12\/2013\/06\/alertas-deshielos-502x400.jpg 502w\" sizes=\"(max-width: 551px) 100vw, 551px\" \/><\/a><\/p>\n<p>&nbsp;<\/p>\n<p><strong>En toda esta zona hay que extremar la precauci\u00f3n, ya que se esperan precipitaciones muy fuertes de mas de 100 litros.<\/strong><\/p>\n<p><strong>\u00a0<\/strong><\/p>\n<p><strong>Ayer lunes la m\u00e1xima fue de casi 31 grados en M\u00e1laga Capital, pero al llegar el frente a Andaluc\u00eda se reactivo un poco y los cielos casi se cubrieron totalmente, por este motivo no\u00a0subi\u00f3\u00a0mas la temperatura en la capital. Os paso una foto de cuando sali a comer. La foto esta tomada desde la terraza de Geno.<\/strong><\/p>\n<p><a href=\"https:\/\/blogs.diariosur.es\/tormentas-y-rayos\/2013\/06\/18\/la-dana-la-tenemos-encima-hoy-no-hay-playa-vaya-vaya-aviso-naranja-por-fuertes-lluvias-tormentasdeshielos-y-viento-en-el-noreste\/olympus-digital-camera-1360\/\" rel=\"attachment wp-att-6072\"><img loading=\"lazy\" class=\"aligncenter size-full wp-image-6072\" title=\"OLYMPUS DIGITAL CAMERA\" src=\"\/tormentas-y-rayos\/wp-content\/uploads\/sites\/12\/2013\/06\/002002.jpg\" alt=\"\" width=\"660\" height=\"495\" srcset=\"https:\/\/static-blogs.diariosur.es\/wp-content\/uploads\/sites\/12\/2013\/06\/002002.jpg 660w, https:\/\/static-blogs.diariosur.es\/wp-content\/uploads\/sites\/12\/2013\/06\/002002-533x400.jpg 533w\" sizes=\"(max-width: 660px) 100vw, 660px\" \/><\/a><\/p>\n<p>&nbsp;<\/p>\n<p><strong>En Ronda y Antequera que el domingo llegaban a los 35, ayer no pasaron de 24 grados.<\/strong><\/p>\n<p><strong>\u00a0En el Valle del Guadalquivir e interior de la Provincia de Granada las\u00a0m\u00e1ximas\u00a0entre el domingo y ayer lunes fueron de casi 9 \u00a0grados menos. Os paso unos gr\u00e1ficos. Fuente Aemet.<\/strong><\/p>\n<p><a href=\"https:\/\/blogs.diariosur.es\/tormentas-y-rayos\/2013\/06\/18\/la-dana-la-tenemos-encima-hoy-no-hay-playa-vaya-vaya-aviso-naranja-por-fuertes-lluvias-tormentasdeshielos-y-viento-en-el-noreste\/cordoba\/\" rel=\"attachment wp-att-6070\"><img loading=\"lazy\" class=\"aligncenter size-medium wp-image-6070\" title=\"cordoba\" src=\"\/tormentas-y-rayos\/wp-content\/uploads\/sites\/12\/2013\/06\/cordoba.jpg\" alt=\"\" width=\"600\" height=\"266\" srcset=\"https:\/\/static-blogs.diariosur.es\/wp-content\/uploads\/sites\/12\/2013\/06\/cordoba.jpg 718w, https:\/\/static-blogs.diariosur.es\/wp-content\/uploads\/sites\/12\/2013\/06\/cordoba-640x284.jpg 640w\" sizes=\"(max-width: 600px) 100vw, 600px\" \/><\/a><a href=\"https:\/\/blogs.diariosur.es\/tormentas-y-rayos\/2013\/06\/18\/la-dana-la-tenemos-encima-hoy-no-hay-playa-vaya-vaya-aviso-naranja-por-fuertes-lluvias-tormentasdeshielos-y-viento-en-el-noreste\/granada-3\/\" rel=\"attachment wp-att-6071\"><img loading=\"lazy\" class=\"aligncenter size-medium wp-image-6071\" title=\"granada\" src=\"\/tormentas-y-rayos\/wp-content\/uploads\/sites\/12\/2013\/06\/granada.jpg\" alt=\"\" width=\"600\" height=\"264\" srcset=\"https:\/\/static-blogs.diariosur.es\/wp-content\/uploads\/sites\/12\/2013\/06\/granada.jpg 731w, https:\/\/static-blogs.diariosur.es\/wp-content\/uploads\/sites\/12\/2013\/06\/granada-640x282.jpg 640w\" sizes=\"(max-width: 600px) 100vw, 600px\" \/><\/a><\/p>\n<p><span style=\"color: #ff0000;\"><strong>Cuando salia del curro sobre las nueve de la noche, me dije a mi mismo, que pedazo de puesta de sol vamos a tener, y asi fue amigos de la meteo. Mucho malague\u00f1os que iban paseando se pararon para ver estos cielos tan impresionantes. Os paso estas cuatro fotos, van dedicadas a todos mis compa\u00f1eros del grupo de caballeros del Bah\u00eda M\u00e1laga.<\/strong><\/span><\/p>\n<p><a href=\"https:\/\/blogs.diariosur.es\/tormentas-y-rayos\/2013\/06\/18\/la-dana-la-tenemos-encima-hoy-no-hay-playa-vaya-vaya-aviso-naranja-por-fuertes-lluvias-tormentasdeshielos-y-viento-en-el-noreste\/olympus-digital-camera-1361\/\" rel=\"attachment wp-att-6073\"><img loading=\"lazy\" class=\"aligncenter size-full wp-image-6073\" title=\"OLYMPUS DIGITAL CAMERA\" src=\"\/tormentas-y-rayos\/wp-content\/uploads\/sites\/12\" alt=\"\" width=\"680\" height=\"510\" \/><\/a><\/p>\n<p><a href=\"https:\/\/blogs.diariosur.es\/tormentas-y-rayos\/2013\/06\/18\/la-dana-la-tenemos-encima-hoy-no-hay-playa-vaya-vaya-aviso-naranja-por-fuertes-lluvias-tormentasdeshielos-y-viento-en-el-noreste\/olympus-digital-camera-1362\/\" rel=\"attachment wp-att-6074\"><img loading=\"lazy\" class=\"aligncenter size-full wp-image-6074\" title=\"OLYMPUS DIGITAL CAMERA\" src=\"\/tormentas-y-rayos\/wp-content\/uploads\/sites\/12\/2013\/06\/a1.jpg\" alt=\"\" width=\"680\" height=\"510\" srcset=\"https:\/\/static-blogs.diariosur.es\/wp-content\/uploads\/sites\/12\/2013\/06\/a1.jpg 680w, https:\/\/static-blogs.diariosur.es\/wp-content\/uploads\/sites\/12\/2013\/06\/a1-533x400.jpg 533w\" sizes=\"(max-width: 680px) 100vw, 680px\" \/><\/a><\/p>\n<p><a href=\"https:\/\/blogs.diariosur.es\/tormentas-y-rayos\/2013\/06\/18\/la-dana-la-tenemos-encima-hoy-no-hay-playa-vaya-vaya-aviso-naranja-por-fuertes-lluvias-tormentasdeshielos-y-viento-en-el-noreste\/olympus-digital-camera-1363\/\" rel=\"attachment wp-att-6075\"><img loading=\"lazy\" class=\"aligncenter size-full wp-image-6075\" title=\"OLYMPUS DIGITAL CAMERA\" src=\"\/tormentas-y-rayos\/wp-content\/uploads\/sites\/12\/2013\/06\/a2.jpg\" alt=\"\" width=\"680\" height=\"510\" srcset=\"https:\/\/static-blogs.diariosur.es\/wp-content\/uploads\/sites\/12\/2013\/06\/a2.jpg 680w, https:\/\/static-blogs.diariosur.es\/wp-content\/uploads\/sites\/12\/2013\/06\/a2-533x400.jpg 533w\" sizes=\"(max-width: 680px) 100vw, 680px\" \/><\/a><\/p>\n<p><a href=\"https:\/\/blogs.diariosur.es\/tormentas-y-rayos\/2013\/06\/18\/la-dana-la-tenemos-encima-hoy-no-hay-playa-vaya-vaya-aviso-naranja-por-fuertes-lluvias-tormentasdeshielos-y-viento-en-el-noreste\/olympus-digital-camera-1364\/\" rel=\"attachment wp-att-6076\"><img loading=\"lazy\" class=\"aligncenter size-full wp-image-6076\" title=\"OLYMPUS DIGITAL CAMERA\" src=\"\/tormentas-y-rayos\/wp-content\/uploads\/sites\/12\/2013\/06\/a3.jpg\" alt=\"\" width=\"680\" height=\"510\" srcset=\"https:\/\/static-blogs.diariosur.es\/wp-content\/uploads\/sites\/12\/2013\/06\/a3.jpg 680w, https:\/\/static-blogs.diariosur.es\/wp-content\/uploads\/sites\/12\/2013\/06\/a3-533x400.jpg 533w\" sizes=\"(max-width: 680px) 100vw, 680px\" \/><\/a><\/p>\n<p>&nbsp;<\/p>\n<p><strong>Os dejo amigos, en un rato tiro para Torre de Benagalb\u00f3n, espero traeros bonitas fotos para el siguiente post. Os dejo con la previsi\u00f3n que da la Aemet para M\u00e1laga.<\/strong><\/p>\n<p><a href=\"https:\/\/blogs.diariosur.es\/tormentas-y-rayos\/2013\/06\/18\/la-dana-la-tenemos-encima-hoy-no-hay-playa-vaya-vaya-aviso-naranja-por-fuertes-lluvias-tormentasdeshielos-y-viento-en-el-noreste\/malaga-2\/\" rel=\"attachment wp-att-6077\"><img loading=\"lazy\" class=\"aligncenter size-full wp-image-6077\" title=\"malaga\" src=\"\/tormentas-y-rayos\/wp-content\/uploads\/sites\/12\/2013\/06\/malaga.jpg\" alt=\"\" width=\"527\" height=\"259\" \/><\/a><\/p>\n","protected":false},"excerpt":{"rendered":"<p>Buenos dias amigos de la meteo. Son las seis de la ma\u00f1ana, registro 18 grados y los cielos est\u00e1n de momento despejados. Ya mismo\u00a0aparecer\u00e1n\u00a0las primeras nubes. Acabo de subir de tomarme mi caf\u00e9 con churros y una se\u00f1ora le comentaba a Antonio el camarero ! que fr\u00edo hace esta ma\u00f1ana!. La verdad que con el [&hellip;]<\/p>\n","protected":false},"author":16,"featured_media":6076,"comment_status":"open","ping_status":"open","sticky":false,"template":"","format":"standard","meta":[],"categories":[2],"tags":[63,307,321,676,996,1059],"_links":{"self":[{"href":"https:\/\/blogs.diariosur.es\/tormentas-y-rayos\/wp-json\/wp\/v2\/posts\/6066"}],"collection":[{"href":"https:\/\/blogs.diariosur.es\/tormentas-y-rayos\/wp-json\/wp\/v2\/posts"}],"about":[{"href":"https:\/\/blogs.diariosur.es\/tormentas-y-rayos\/wp-json\/wp\/v2\/types\/post"}],"author":[{"embeddable":true,"href":"https:\/\/blogs.diariosur.es\/tormentas-y-rayos\/wp-json\/wp\/v2\/users\/16"}],"replies":[{"embeddable":true,"href":"https:\/\/blogs.diariosur.es\/tormentas-y-rayos\/wp-json\/wp\/v2\/comments?post=6066"}],"version-history":[{"count":0,"href":"https:\/\/blogs.diariosur.es\/tormentas-y-rayos\/wp-json\/wp\/v2\/posts\/6066\/revisions"}],"wp:featuredmedia":[{"embeddable":true,"href":"https:\/\/blogs.diariosur.es\/tormentas-y-rayos\/wp-json\/wp\/v2\/media\/6076"}],"wp:attachment":[{"href":"https:\/\/blogs.diariosur.es\/tormentas-y-rayos\/wp-json\/wp\/v2\/media?parent=6066"}],"wp:term":[{"taxonomy":"category","embeddable":true,"href":"https:\/\/blogs.diariosur.es\/tormentas-y-rayos\/wp-json\/wp\/v2\/categories?post=6066"},{"taxonomy":"post_tag","embeddable":true,"href":"https:\/\/blogs.diariosur.es\/tormentas-y-rayos\/wp-json\/wp\/v2\/tags?post=6066"}],"curies":[{"name":"wp","href":"https:\/\/api.w.org\/{rel}","templated":true}]}}