{"id":6080,"date":"2013-06-19T07:32:16","date_gmt":"2013-06-19T05:32:16","guid":{"rendered":"http:\/\/blogs.diariosur.es\/tormentas-y-rayos\/?p=6080"},"modified":"2013-06-19T07:32:16","modified_gmt":"2013-06-19T05:32:16","slug":"la-dana-dio-que-hablar-videos-del-rio-garona-valle-de-aran-os-dejo-hasta-el-proximo-verano","status":"publish","type":"post","link":"https:\/\/blogs.diariosur.es\/tormentas-y-rayos\/2013\/06\/19\/la-dana-dio-que-hablar-videos-del-rio-garona-valle-de-aran-os-dejo-hasta-el-proximo-verano\/","title":{"rendered":"La dana dio que hablar, v\u00eddeos del Rio Garona, Valle de Ar\u00e1n  . Os dejo hasta el pr\u00f3ximo verano."},"content":{"rendered":"<p><strong>Buenos dias amigos de la meteo.<\/strong><\/p>\n<p><strong> Son las seis y media de la ma\u00f1ana, los cielos est\u00e1n despejados y registro 17,8 \u00a0grados.<\/strong><\/p>\n<p><strong>Se cumplieron los pron\u00f3sticos amigos, y la dana dio que hablar. En el noreste por las fuertes lluvias acompa\u00f1adas de tormentas y en el resto de la\u00a0pen\u00ednsula\u00a0por la bajada de temperaturas. Las im\u00e1genes de los telediarios de los r\u00edos desbordados eran impresionantes.<\/strong><\/p>\n<p><iframe loading=\"lazy\" src=\"\/\/www.youtube.com\/embed\/4Brd-YjIfO4\" frameborder=\"0\" width=\"640\" height=\"480\"><\/iframe><br \/>\n<iframe loading=\"lazy\" src=\"\/\/www.youtube.com\/embed\/fa-UR3oaZ0k\" frameborder=\"0\" width=\"640\" height=\"360\"><\/iframe><br \/>\n<strong><\/strong><\/p>\n<p>&nbsp;<\/p>\n<p><strong>He encontrado esta foto en facebok donde comenta que no solo la lluvia tiene la culpa de lo que ha pasado en el Valle de Ar\u00e1n y es asi amigos\u00a0construimos\u00a0donde nos da la gana y luego pasa estas cosas.<\/strong><\/p>\n<p><a href=\"https:\/\/blogs.diariosur.es\/tormentas-y-rayos\/2013\/06\/19\/la-dana-dio-que-hablar-videos-del-rio-garona-valle-de-aran-os-dejo-hasta-el-proximo-verano\/much\/\" rel=\"attachment wp-att-6088\"><img loading=\"lazy\" class=\"aligncenter size-full wp-image-6088\" title=\"much\" src=\"\/tormentas-y-rayos\/wp-content\/uploads\/sites\/12\/2013\/06\/much.jpg\" alt=\"\" width=\"487\" height=\"161\" \/><\/a><\/p>\n<p>&nbsp;<\/p>\n<p><a href=\"https:\/\/blogs.diariosur.es\/tormentas-y-rayos\/2013\/06\/19\/la-dana-dio-que-hablar-videos-del-rio-garona-valle-de-aran-os-dejo-hasta-el-proximo-verano\/7246_592550484118751_254201572_n\/\" rel=\"attachment wp-att-6087\"><img loading=\"lazy\" class=\"aligncenter size-full wp-image-6087\" title=\"7246_592550484118751_254201572_n\" src=\"\/tormentas-y-rayos\/wp-content\/uploads\/sites\/12\/2013\/06\/7246_592550484118751_254201572_n.jpg\" alt=\"\" width=\"670\" height=\"503\" srcset=\"https:\/\/static-blogs.diariosur.es\/wp-content\/uploads\/sites\/12\/2013\/06\/7246_592550484118751_254201572_n.jpg 670w, https:\/\/static-blogs.diariosur.es\/wp-content\/uploads\/sites\/12\/2013\/06\/7246_592550484118751_254201572_n-533x400.jpg 533w\" sizes=\"(max-width: 670px) 100vw, 670px\" \/><\/a><\/p>\n<p>&nbsp;<\/p>\n<p>&nbsp;<\/p>\n<p><strong>Poco a poco la dana se marcha y la estabilidad vuelve a la\u00a0pen\u00ednsula\u00a0a partir de hoy. Aunque aun\u00a0habr\u00e1\u00a0chubascos en el norte peninsular, sobre todo en el Pais Vasco, Cantabria y Navarra. En estas zonas\u00a0seguir\u00e1\u00a0el aviso amarillo por lluvias.<\/strong><\/p>\n<p><strong>En M\u00e1laga Capital seguir\u00e1 soplando hoy el terral de primavera, la m\u00e1xima se recuperara con respecto a la del martes. Los cielos a partir del mediod\u00eda estar\u00e1n adornados con c\u00famulos mediocris y humilis. Ma\u00f1ana jueves seguir\u00e1 el terral mas flojo y las temperaturas ir\u00e1n ascendiendo en toda Andaluc\u00eda.<\/strong><\/p>\n<p><strong>\u00a0Os hago un peque\u00f1o resumen del dia de ayer, donde ocurrieron cosas curiosas. Como todos sab\u00e9is me marche para Torre de Benagalb\u00f3n, en esta zona el poniente\u00a0 y la mar picada eran los protagonistas. Incluso hubo momentos que sent\u00eda fresquete, ya que en esa zona los term\u00f3metros no pasaron de casi 19 grados, que unido a la sensaci\u00f3n t\u00e9rmica del viento, hacia que sintiera mas fr\u00edo. Con esta imagen que os pongo lo dice todo, fijaros como se levanta la arena de la playa.<\/strong><\/p>\n<p><a href=\"https:\/\/blogs.diariosur.es\/tormentas-y-rayos\/2013\/06\/19\/la-dana-dio-que-hablar-videos-del-rio-garona-valle-de-aran-os-dejo-hasta-el-proximo-verano\/olympus-digital-camera-1365\/\" rel=\"attachment wp-att-6081\"><img loading=\"lazy\" class=\"aligncenter size-full wp-image-6081\" title=\"OLYMPUS DIGITAL CAMERA\" src=\"\/tormentas-y-rayos\/wp-content\/uploads\/sites\/12\/2013\/06\/006006.jpg\" alt=\"\" width=\"660\" height=\"495\" srcset=\"https:\/\/static-blogs.diariosur.es\/wp-content\/uploads\/sites\/12\/2013\/06\/006006.jpg 660w, https:\/\/static-blogs.diariosur.es\/wp-content\/uploads\/sites\/12\/2013\/06\/006006-533x400.jpg 533w\" sizes=\"(max-width: 660px) 100vw, 660px\" \/><\/a><\/p>\n<p><strong>Pero lo mas curioso ocurr\u00eda en Torrox Costa, un amigo que vive en esa zona me mandaba un wassat sobre las dos de la tarde \u00a0y me comentaba<span style=\"color: #ff00ff;\"> &#8220;Pepe hace tela de fr\u00edo &#8221; cojones&#8221;. \u00a0<\/span><\/strong><\/p>\n<p><strong>Y claro cuando vi el\u00a0gr\u00e1fico\u00a0de temperatura que la aemet tiene le tuve que dar la\u00a0raz\u00f3n. A las dos de la tarde se registraba 17 grados, que unido al \u00a0viento la sensaci\u00f3n\u00a0t\u00e9rmica\u00a0era de 11 grados, manda huevos con Torrox ( perd\u00f3n). Los espetos estaban casi congelados jejeje.<\/strong><\/p>\n<p><strong> Os paso un grafico fuente aemet.<\/strong><\/p>\n<p><a href=\"https:\/\/blogs.diariosur.es\/tormentas-y-rayos\/2013\/06\/19\/la-dana-dio-que-hablar-videos-del-rio-garona-valle-de-aran-os-dejo-hasta-el-proximo-verano\/torrox-2\/\" rel=\"attachment wp-att-6082\"><img loading=\"lazy\" class=\"aligncenter size-medium wp-image-6082\" title=\"torrox\" src=\"\/tormentas-y-rayos\/wp-content\/uploads\/sites\/12\/2013\/06\/torrox.jpg\" alt=\"\" width=\"600\" height=\"259\" srcset=\"https:\/\/static-blogs.diariosur.es\/wp-content\/uploads\/sites\/12\/2013\/06\/torrox.jpg 708w, https:\/\/static-blogs.diariosur.es\/wp-content\/uploads\/sites\/12\/2013\/06\/torrox-640x277.jpg 640w\" sizes=\"(max-width: 600px) 100vw, 600px\" \/><\/a><\/p>\n<p>&nbsp;<\/p>\n<p><strong>A la vuelta pa M\u00e1laga y llegar a la zona donde vivo el term\u00f3metro marcaba 25,6 grados, impresionante la diferencia. No se llego a nublar mucho, pero la zona norte de la provincia registro chubascos sobre las cuatro de la tarde, os paso una captura del radar de M\u00e1laga. Tambien \u00a0se\u00a0registraron\u00a0precipitaciones en otros puntos de \u00a0Andaluc\u00eda.<\/strong><\/p>\n<p><a href=\"https:\/\/blogs.diariosur.es\/tormentas-y-rayos\/2013\/06\/19\/la-dana-dio-que-hablar-videos-del-rio-garona-valle-de-aran-os-dejo-hasta-el-proximo-verano\/radar-29\/\" rel=\"attachment wp-att-6083\"><img loading=\"lazy\" class=\"aligncenter size-full wp-image-6083\" title=\"radar\" src=\"\/tormentas-y-rayos\/wp-content\/uploads\/sites\/12\/2013\/06\/radar.jpg\" alt=\"\" width=\"685\" height=\"573\" srcset=\"https:\/\/static-blogs.diariosur.es\/wp-content\/uploads\/sites\/12\/2013\/06\/radar.jpg 685w, https:\/\/static-blogs.diariosur.es\/wp-content\/uploads\/sites\/12\/2013\/06\/radar-478x400.jpg 478w\" sizes=\"(max-width: 685px) 100vw, 685px\" \/><\/a><a href=\"https:\/\/blogs.diariosur.es\/tormentas-y-rayos\/2013\/06\/19\/la-dana-dio-que-hablar-videos-del-rio-garona-valle-de-aran-os-dejo-hasta-el-proximo-verano\/ll-9\/\" rel=\"attachment wp-att-6084\"><img loading=\"lazy\" class=\"aligncenter size-medium wp-image-6084\" title=\"ll\" src=\"\/tormentas-y-rayos\/wp-content\/uploads\/sites\/12\/2013\/06\/ll.jpg\" alt=\"\" width=\"600\" height=\"95\" srcset=\"https:\/\/static-blogs.diariosur.es\/wp-content\/uploads\/sites\/12\/2013\/06\/ll.jpg 1220w, https:\/\/static-blogs.diariosur.es\/wp-content\/uploads\/sites\/12\/2013\/06\/ll-640x102.jpg 640w, https:\/\/static-blogs.diariosur.es\/wp-content\/uploads\/sites\/12\/2013\/06\/ll-768x123.jpg 768w\" sizes=\"(max-width: 600px) 100vw, 600px\" \/><\/a><\/p>\n<p><a href=\"https:\/\/blogs.diariosur.es\/tormentas-y-rayos\/2013\/06\/19\/la-dana-dio-que-hablar-videos-del-rio-garona-valle-de-aran-os-dejo-hasta-el-proximo-verano\/ssss\/\" rel=\"attachment wp-att-6085\"><img loading=\"lazy\" class=\"aligncenter size-full wp-image-6085\" title=\"ssss\" src=\"\/tormentas-y-rayos\/wp-content\/uploads\/sites\/12\/2013\/06\/ssss.jpg\" alt=\"\" width=\"545\" height=\"623\" srcset=\"https:\/\/static-blogs.diariosur.es\/wp-content\/uploads\/sites\/12\/2013\/06\/ssss.jpg 545w, https:\/\/static-blogs.diariosur.es\/wp-content\/uploads\/sites\/12\/2013\/06\/ssss-350x400.jpg 350w\" sizes=\"(max-width: 545px) 100vw, 545px\" \/><\/a><\/p>\n<p>&nbsp;<\/p>\n<p><strong>Poco mas que contar amigos de la meteo. Os dejo hasta el pr\u00f3ximo verano con esta preciosa foto de mi amigo Paco Gomez.<\/strong><\/p>\n<p><a href=\"https:\/\/blogs.diariosur.es\/tormentas-y-rayos\/2013\/06\/19\/la-dana-dio-que-hablar-videos-del-rio-garona-valle-de-aran-os-dejo-hasta-el-proximo-verano\/1002715_4858804002520_2005264070_n\/\" rel=\"attachment wp-att-6086\"><img loading=\"lazy\" class=\"aligncenter size-full wp-image-6086\" title=\"1002715_4858804002520_2005264070_n\" src=\"\/tormentas-y-rayos\/wp-content\/uploads\/sites\/12\/2013\/06\/1002715_4858804002520_2005264070_n.jpg\" alt=\"\" width=\"670\" height=\"377\" srcset=\"https:\/\/static-blogs.diariosur.es\/wp-content\/uploads\/sites\/12\/2013\/06\/1002715_4858804002520_2005264070_n.jpg 670w, https:\/\/static-blogs.diariosur.es\/wp-content\/uploads\/sites\/12\/2013\/06\/1002715_4858804002520_2005264070_n-640x360.jpg 640w\" sizes=\"(max-width: 670px) 100vw, 670px\" \/><\/a><\/p>\n","protected":false},"excerpt":{"rendered":"<p>Buenos dias amigos de la meteo. Son las seis y media de la ma\u00f1ana, los cielos est\u00e1n despejados y registro 17,8 \u00a0grados. Se cumplieron los pron\u00f3sticos amigos, y la dana dio que hablar. En el noreste por las fuertes lluvias acompa\u00f1adas de tormentas y en el resto de la\u00a0pen\u00ednsula\u00a0por la bajada de temperaturas. Las im\u00e1genes [&hellip;]<\/p>\n","protected":false},"author":16,"featured_media":6087,"comment_status":"open","ping_status":"open","sticky":false,"template":"","format":"standard","meta":[],"categories":[2],"tags":[122,307,446,515,865,1043,1052],"_links":{"self":[{"href":"https:\/\/blogs.diariosur.es\/tormentas-y-rayos\/wp-json\/wp\/v2\/posts\/6080"}],"collection":[{"href":"https:\/\/blogs.diariosur.es\/tormentas-y-rayos\/wp-json\/wp\/v2\/posts"}],"about":[{"href":"https:\/\/blogs.diariosur.es\/tormentas-y-rayos\/wp-json\/wp\/v2\/types\/post"}],"author":[{"embeddable":true,"href":"https:\/\/blogs.diariosur.es\/tormentas-y-rayos\/wp-json\/wp\/v2\/users\/16"}],"replies":[{"embeddable":true,"href":"https:\/\/blogs.diariosur.es\/tormentas-y-rayos\/wp-json\/wp\/v2\/comments?post=6080"}],"version-history":[{"count":0,"href":"https:\/\/blogs.diariosur.es\/tormentas-y-rayos\/wp-json\/wp\/v2\/posts\/6080\/revisions"}],"wp:featuredmedia":[{"embeddable":true,"href":"https:\/\/blogs.diariosur.es\/tormentas-y-rayos\/wp-json\/wp\/v2\/media\/6087"}],"wp:attachment":[{"href":"https:\/\/blogs.diariosur.es\/tormentas-y-rayos\/wp-json\/wp\/v2\/media?parent=6080"}],"wp:term":[{"taxonomy":"category","embeddable":true,"href":"https:\/\/blogs.diariosur.es\/tormentas-y-rayos\/wp-json\/wp\/v2\/categories?post=6080"},{"taxonomy":"post_tag","embeddable":true,"href":"https:\/\/blogs.diariosur.es\/tormentas-y-rayos\/wp-json\/wp\/v2\/tags?post=6080"}],"curies":[{"name":"wp","href":"https:\/\/api.w.org\/{rel}","templated":true}]}}