{"id":6090,"date":"2013-06-21T06:03:50","date_gmt":"2013-06-21T04:03:50","guid":{"rendered":"http:\/\/blogs.diariosur.es\/tormentas-y-rayos\/?p=6090"},"modified":"2013-06-21T06:03:50","modified_gmt":"2013-06-21T04:03:50","slug":"hoy-21-6-a-las-7-04-ha-comenzado-el-verano-prevision-del-tiempo-fin-de-semana","status":"publish","type":"post","link":"https:\/\/blogs.diariosur.es\/tormentas-y-rayos\/2013\/06\/21\/hoy-21-6-a-las-7-04-ha-comenzado-el-verano-prevision-del-tiempo-fin-de-semana\/","title":{"rendered":"Hoy 21 de junio a las 7: 04 ha comenzado el verano. Previsi\u00f3n del tiempo fin de semana."},"content":{"rendered":"<p><strong>Buenos dias amigos de la meteo. Son las cinco de la ma\u00f1ana, registro 18 grados y los cielos siguen despejados.<\/strong><\/p>\n<p><strong> Antes de nada dar las gracias por seguir mi blog a Lourdes, y a todos los camareros del bar Quintana.\u00a0<\/strong><\/p>\n<p><strong>\u00a0Dentro de unos minutos \u00a0llegara la estaci\u00f3n que menos me gusta, durara 93 dias y 15 horas, de pensarlo me pongo malo jejeje, aunque hay gusto para todos, \u00bf verdad tensecapo? .<\/strong><\/p>\n<p><strong> Esperemos que se cumplan los modelos estacionales y que sea un verano dentro de la media, y por favor que por las noches no haga mucha cal\u00f3 jejeje. Os dejo el enlace que\u00a0abr\u00ed\u00a0hace unas semanas, donde se hablaba del<a href=\"https:\/\/blogs.diariosur.es\/tormentas-y-rayos\/2013\/05\/29\/ultima-hora-de-un-ano-sin-verano-el-terral-sera-protagonista-con-rachas-fuertes\/\"> &#8221; a\u00f1o sin verano&#8221;<\/a>.\u00a0Recordar\u00a0que el a\u00f1o pasado la media de temperatura en M\u00e1laga fue de 26,6 grados, mas de 2,1 de la media normal.<\/strong><\/p>\n<p><strong>Os presento a mis amigos que nos acompa\u00f1aran durante este verano, ya\u00a0sab\u00e9is\u00a0que mi cu\u00f1ado Fefo es el\u00a0art\u00edfice\u00a0de ellos.<\/strong><\/p>\n<p><strong>Primero os presento a mi cu\u00f1ado, que por cierto me debe una comida.<\/strong><\/p>\n<p><a href=\"https:\/\/blogs.diariosur.es\/tormentas-y-rayos\/2013\/06\/21\/hoy-21-6-a-las-7-04-ha-comenzado-el-verano-prevision-del-tiempo-fin-de-semana\/poliyodef1-3\/\" rel=\"attachment wp-att-6091\"><img loading=\"lazy\" class=\"aligncenter size-full wp-image-6091\" title=\"PoliYOdef[1]\" src=\"\/tormentas-y-rayos\/wp-content\/uploads\/sites\/12\/2013\/06\/PoliYOdef1.jpg\" alt=\"\" width=\"660\" height=\"495\" srcset=\"https:\/\/static-blogs.diariosur.es\/wp-content\/uploads\/sites\/12\/2013\/06\/PoliYOdef1.jpg 660w, https:\/\/static-blogs.diariosur.es\/wp-content\/uploads\/sites\/12\/2013\/06\/PoliYOdef1-533x400.jpg 533w\" sizes=\"(max-width: 660px) 100vw, 660px\" \/><\/a><\/p>\n<p><strong>Y a continuaci\u00f3n los que complementaran las previsiones, el levante, el terral, las olas de calor con sudor y secas.<\/strong><\/p>\n<p><a href=\"https:\/\/blogs.diariosur.es\/tormentas-y-rayos\/2013\/06\/21\/hoy-21-6-a-las-7-04-ha-comenzado-el-verano-prevision-del-tiempo-fin-de-semana\/levante-12\/\" rel=\"attachment wp-att-6092\"><img loading=\"lazy\" class=\"aligncenter size-full wp-image-6092\" title=\"levante\" src=\"\/tormentas-y-rayos\/wp-content\/uploads\/sites\/12\/2013\/06\/levante.jpg\" alt=\"\" width=\"430\" height=\"526\" srcset=\"https:\/\/static-blogs.diariosur.es\/wp-content\/uploads\/sites\/12\/2013\/06\/levante.jpg 430w, https:\/\/static-blogs.diariosur.es\/wp-content\/uploads\/sites\/12\/2013\/06\/levante-327x400.jpg 327w\" sizes=\"(max-width: 430px) 100vw, 430px\" \/><\/a><a href=\"https:\/\/blogs.diariosur.es\/tormentas-y-rayos\/2013\/06\/21\/hoy-21-6-a-las-7-04-ha-comenzado-el-verano-prevision-del-tiempo-fin-de-semana\/terralll-13\/\" rel=\"attachment wp-att-6093\"><img loading=\"lazy\" class=\"aligncenter size-full wp-image-6093\" title=\"terralll\" src=\"\/tormentas-y-rayos\/wp-content\/uploads\/sites\/12\/2013\/06\/terralll1.jpg\" alt=\"\" width=\"430\" height=\"537\" srcset=\"https:\/\/static-blogs.diariosur.es\/wp-content\/uploads\/sites\/12\/2013\/06\/terralll1.jpg 430w, https:\/\/static-blogs.diariosur.es\/wp-content\/uploads\/sites\/12\/2013\/06\/terralll1-320x400.jpg 320w\" sizes=\"(max-width: 430px) 100vw, 430px\" \/><\/a><a href=\"https:\/\/blogs.diariosur.es\/tormentas-y-rayos\/2013\/06\/21\/hoy-21-6-a-las-7-04-ha-comenzado-el-verano-prevision-del-tiempo-fin-de-semana\/terralita-sudo-12\/\" rel=\"attachment wp-att-6094\"><img loading=\"lazy\" class=\"aligncenter size-full wp-image-6094\" title=\"terralita sudo\" src=\"\/tormentas-y-rayos\/wp-content\/uploads\/sites\/12\/2013\/06\/terralita-sudo.jpg\" alt=\"\" width=\"450\" height=\"606\" srcset=\"https:\/\/static-blogs.diariosur.es\/wp-content\/uploads\/sites\/12\/2013\/06\/terralita-sudo.jpg 450w, https:\/\/static-blogs.diariosur.es\/wp-content\/uploads\/sites\/12\/2013\/06\/terralita-sudo-297x400.jpg 297w\" sizes=\"(max-width: 450px) 100vw, 450px\" \/><\/a><a href=\"https:\/\/blogs.diariosur.es\/tormentas-y-rayos\/2013\/06\/21\/hoy-21-6-a-las-7-04-ha-comenzado-el-verano-prevision-del-tiempo-fin-de-semana\/terralita-9\/\" rel=\"attachment wp-att-6095\"><img loading=\"lazy\" class=\"aligncenter size-full wp-image-6095\" title=\"terralita\" src=\"\/tormentas-y-rayos\/wp-content\/uploads\/sites\/12\/2013\/06\/terralita1.jpg\" alt=\"\" width=\"470\" height=\"570\" srcset=\"https:\/\/static-blogs.diariosur.es\/wp-content\/uploads\/sites\/12\/2013\/06\/terralita1.jpg 470w, https:\/\/static-blogs.diariosur.es\/wp-content\/uploads\/sites\/12\/2013\/06\/terralita1-330x400.jpg 330w\" sizes=\"(max-width: 470px) 100vw, 470px\" \/><\/a><\/p>\n<p>&nbsp;<\/p>\n<p><strong>Lo mas destacado hoy primer dia del verano,\u00a0ser\u00e1n\u00a0las tormentas que de nuevo se\u00a0dar\u00e1n\u00a0en el noreste. Un frente se reactivara en esta zona. Por este motivo la aemet activa el aviso amarillo por tormentas y lluvias.<\/strong><\/p>\n<p><a href=\"https:\/\/blogs.diariosur.es\/tormentas-y-rayos\/2013\/06\/21\/hoy-21-6-a-las-7-04-ha-comenzado-el-verano-prevision-del-tiempo-fin-de-semana\/captura-153\/\" rel=\"attachment wp-att-6096\"><img loading=\"lazy\" class=\"aligncenter size-full wp-image-6096\" title=\"Captura\" src=\"\/tormentas-y-rayos\/wp-content\/uploads\/sites\/12\/2013\/06\/Captura3.jpg\" alt=\"\" width=\"600\" height=\"431\" srcset=\"https:\/\/static-blogs.diariosur.es\/wp-content\/uploads\/sites\/12\/2013\/06\/Captura3.jpg 600w, https:\/\/static-blogs.diariosur.es\/wp-content\/uploads\/sites\/12\/2013\/06\/Captura3-557x400.jpg 557w\" sizes=\"(max-width: 600px) 100vw, 600px\" \/><\/a><\/p>\n<p><strong>En M\u00e1laga Capital y en la mayor parte de Andaluc\u00eda tendremos nubes altas hoy viernes. Los vientos soplaran de direcci\u00f3n variable en M\u00e1laga Capital, incluso se pueden dar algunas rebozas de terral. Las neblinas e incluso<span style=\"color: #ff00ff;\"> nieblas pueden ser protagonistas.<\/span><\/strong><\/p>\n<p><strong>El sabado y el Domingo entrara el levante con nubes bajas, y si amigos podeis ir a la playa. Os dejo que hoy tengo un dia muy completo. Un abrazo a todos.<\/strong><\/p>\n<p><a href=\"https:\/\/blogs.diariosur.es\/tormentas-y-rayos\/2013\/06\/21\/hoy-21-6-a-las-7-04-ha-comenzado-el-verano-prevision-del-tiempo-fin-de-semana\/terral-12\/\" rel=\"attachment wp-att-6098\"><img loading=\"lazy\" class=\"aligncenter size-full wp-image-6098\" title=\"terral\" src=\"\/tormentas-y-rayos\/wp-content\/uploads\/sites\/12\/2013\/06\/terral.jpg\" alt=\"\" width=\"660\" height=\"495\" srcset=\"https:\/\/static-blogs.diariosur.es\/wp-content\/uploads\/sites\/12\/2013\/06\/terral.jpg 660w, https:\/\/static-blogs.diariosur.es\/wp-content\/uploads\/sites\/12\/2013\/06\/terral-533x400.jpg 533w\" sizes=\"(max-width: 660px) 100vw, 660px\" \/><\/a><\/p>\n","protected":false},"excerpt":{"rendered":"<p>Buenos dias amigos de la meteo. Son las cinco de la ma\u00f1ana, registro 18 grados y los cielos siguen despejados. Antes de nada dar las gracias por seguir mi blog a Lourdes, y a todos los camareros del bar Quintana.\u00a0 \u00a0Dentro de unos minutos \u00a0llegara la estaci\u00f3n que menos me gusta, durara 93 dias y [&hellip;]<\/p>\n","protected":false},"author":16,"featured_media":6094,"comment_status":"open","ping_status":"open","sticky":false,"template":"","format":"standard","meta":[],"categories":[2],"tags":[20,269,410,539,809,902,980,1052],"_links":{"self":[{"href":"https:\/\/blogs.diariosur.es\/tormentas-y-rayos\/wp-json\/wp\/v2\/posts\/6090"}],"collection":[{"href":"https:\/\/blogs.diariosur.es\/tormentas-y-rayos\/wp-json\/wp\/v2\/posts"}],"about":[{"href":"https:\/\/blogs.diariosur.es\/tormentas-y-rayos\/wp-json\/wp\/v2\/types\/post"}],"author":[{"embeddable":true,"href":"https:\/\/blogs.diariosur.es\/tormentas-y-rayos\/wp-json\/wp\/v2\/users\/16"}],"replies":[{"embeddable":true,"href":"https:\/\/blogs.diariosur.es\/tormentas-y-rayos\/wp-json\/wp\/v2\/comments?post=6090"}],"version-history":[{"count":0,"href":"https:\/\/blogs.diariosur.es\/tormentas-y-rayos\/wp-json\/wp\/v2\/posts\/6090\/revisions"}],"wp:featuredmedia":[{"embeddable":true,"href":"https:\/\/blogs.diariosur.es\/tormentas-y-rayos\/wp-json\/wp\/v2\/media\/6094"}],"wp:attachment":[{"href":"https:\/\/blogs.diariosur.es\/tormentas-y-rayos\/wp-json\/wp\/v2\/media?parent=6090"}],"wp:term":[{"taxonomy":"category","embeddable":true,"href":"https:\/\/blogs.diariosur.es\/tormentas-y-rayos\/wp-json\/wp\/v2\/categories?post=6090"},{"taxonomy":"post_tag","embeddable":true,"href":"https:\/\/blogs.diariosur.es\/tormentas-y-rayos\/wp-json\/wp\/v2\/tags?post=6090"}],"curies":[{"name":"wp","href":"https:\/\/api.w.org\/{rel}","templated":true}]}}