{"id":6099,"date":"2013-06-22T07:46:08","date_gmt":"2013-06-22T05:46:08","guid":{"rendered":"http:\/\/blogs.diariosur.es\/tormentas-y-rayos\/?p=6099"},"modified":"2013-06-22T07:46:08","modified_gmt":"2013-06-22T05:46:08","slug":"empezando-el-verano-con-buen-pie-la-niebla-de-ayer-fue-de-lo-mas-normal-amigos-la-pasada-primavera-ha-sido-muy-humedad-y-algo-mas-fresca-aemet","status":"publish","type":"post","link":"https:\/\/blogs.diariosur.es\/tormentas-y-rayos\/2013\/06\/22\/empezando-el-verano-con-buen-pie-la-niebla-de-ayer-fue-de-lo-mas-normal-amigos-la-pasada-primavera-ha-sido-muy-humedad-y-algo-mas-fresca-aemet\/","title":{"rendered":"Empezando el verano con buen pie. La niebla de ayer fue de lo mas normal amigos.La pasada primavera ha sido muy humedad y algo mas fresca aemet."},"content":{"rendered":"<p><strong>Buenos dias amigos de la meteo.<\/strong><\/p>\n<p><strong>\u00a0Son las seis de la ma\u00f1ana, registro 18,8 grados y los cielos est\u00e1n despejados. <\/strong><\/p>\n<p><strong>Antes de explicaros lo de la niebla de ayer primer dia de verano, quiero dar las gracias a una gran profesional del periodismo, mi amiga Raquel Merino del Diario Sur. Ayer tuve la suerte de que me entrevistara para un art\u00edculo que saldr\u00e1 en el peri\u00f3dico dentro de unas semanas. Estuvimos charlando de meteorolog\u00eda casi una hora y la verdad que lo pase genial. Muchas gracias por todo Raquel.<\/strong><\/p>\n<p><strong><\/strong><strong>Que mejor que \u00a0empezar el verano con buen pie, \u00bf verdad Lui ?, este pie veraniego trajo esos cirros espissatus que ayer anunciaba en el post, y que magistralmente ha fotografiado Lui, su pie es del genero cumulograndotus jejeje.<\/strong><\/p>\n<p><a href=\"https:\/\/blogs.diariosur.es\/tormentas-y-rayos\/2013\/06\/22\/empezando-el-verano-con-buen-pie-la-niebla-de-ayer-fue-de-lo-mas-normal-amigos-la-pasada-primavera-ha-sido-muy-humedad-y-algo-mas-fresca-aemet\/1048384_10200092812464675_270257054_o\/\" rel=\"attachment wp-att-6100\"><img loading=\"lazy\" class=\"aligncenter size-full wp-image-6100\" title=\"1048384_10200092812464675_270257054_o\" src=\"\/tormentas-y-rayos\/wp-content\/uploads\/sites\/12\/2013\/06\/1048384_10200092812464675_270257054_o.jpg\" alt=\"\" width=\"660\" height=\"495\" srcset=\"https:\/\/static-blogs.diariosur.es\/wp-content\/uploads\/sites\/12\/2013\/06\/1048384_10200092812464675_270257054_o.jpg 660w, https:\/\/static-blogs.diariosur.es\/wp-content\/uploads\/sites\/12\/2013\/06\/1048384_10200092812464675_270257054_o-533x400.jpg 533w\" sizes=\"(max-width: 660px) 100vw, 660px\" \/><\/a><\/p>\n<p>&nbsp;<\/p>\n<p><strong>En el post que os abr\u00ed ayer, tambi\u00e9n pronostique que podr\u00edamos tener nieblas, y as\u00ed fue. Lo que no se dio fue ninguna reboza de terral. <\/strong><\/p>\n<p><strong>La niebla de ayer es normal en los meses de junio y \u00a0julio \u00a0 en la Costa Malague\u00f1a amigos. Y para nada es\u00a0ins\u00f3lita.<\/strong><\/p>\n<p><strong> El a\u00f1o pasado se dio incluso varios dias en Agosto. La superficie del mar al estar fria y pasar sobre ellas vientos\u00a0h\u00famedos\u00a0y mas calientes forman esta niebla de advenci\u00f3n.<\/strong><\/p>\n<p>&nbsp;<\/p>\n<p><strong>Fausto Polvorinos, Jefe del Grupo de Predicci\u00f3n y Vigilancia del Centro Meteorol\u00f3gico Territorial de la Agencia Estatal de Meteorolog\u00eda en M\u00e1laga.<\/strong><\/p>\n<p><strong>tiene un articulo que habla de las nieblas de M\u00e1laga\u00a0<a href=\"http:\/\/www.divulgameteo.es\/uploads\/Nieblas-Albor%C3%A1n-Polvorinos.pdf\" rel=\"external nofollow\">\u00a0enlace donde explica los tipos de nieblas malague\u00f1as.<\/a>\u00a0<\/strong><\/p>\n<p>&nbsp;<\/p>\n<p><strong>Asi que\u00a0cog\u00ed\u00a0la\u00a0c\u00e1mara\u00a0y tire para la playa de la misericordia, se\u00a0estaba\u00a0estupendamente y los cielos preciosos. Os paso un par de fotos.<\/strong><\/p>\n<p><a href=\"https:\/\/blogs.diariosur.es\/tormentas-y-rayos\/2013\/06\/22\/empezando-el-verano-con-buen-pie-la-niebla-de-ayer-fue-de-lo-mas-normal-amigos-la-pasada-primavera-ha-sido-muy-humedad-y-algo-mas-fresca-aemet\/olympus-digital-camera-1366\/\" rel=\"attachment wp-att-6102\"><img loading=\"lazy\" class=\"aligncenter size-full wp-image-6102\" title=\"OLYMPUS DIGITAL CAMERA\" src=\"\/tormentas-y-rayos\/wp-content\/uploads\/sites\/12\/2013\/06\/0060061.jpg\" alt=\"\" width=\"660\" height=\"495\" srcset=\"https:\/\/static-blogs.diariosur.es\/wp-content\/uploads\/sites\/12\/2013\/06\/0060061.jpg 660w, https:\/\/static-blogs.diariosur.es\/wp-content\/uploads\/sites\/12\/2013\/06\/0060061-533x400.jpg 533w\" sizes=\"(max-width: 660px) 100vw, 660px\" \/><\/a><\/p>\n<p><a href=\"https:\/\/blogs.diariosur.es\/tormentas-y-rayos\/2013\/06\/22\/empezando-el-verano-con-buen-pie-la-niebla-de-ayer-fue-de-lo-mas-normal-amigos-la-pasada-primavera-ha-sido-muy-humedad-y-algo-mas-fresca-aemet\/olympus-digital-camera-1367\/\" rel=\"attachment wp-att-6103\"><img loading=\"lazy\" class=\"aligncenter size-full wp-image-6103\" title=\"OLYMPUS DIGITAL CAMERA\" src=\"\/tormentas-y-rayos\/wp-content\/uploads\/sites\/12\/2013\/06\/008008.jpg\" alt=\"\" width=\"500\" height=\"667\" srcset=\"https:\/\/static-blogs.diariosur.es\/wp-content\/uploads\/sites\/12\/2013\/06\/008008.jpg 500w, https:\/\/static-blogs.diariosur.es\/wp-content\/uploads\/sites\/12\/2013\/06\/008008-300x400.jpg 300w\" sizes=\"(max-width: 500px) 100vw, 500px\" \/><\/a><\/p>\n<p>&nbsp;<\/p>\n<p>&nbsp;<\/p>\n<p><strong>No solo yo caze la niebla malague\u00f1a, tambien Paloma Maria quiere compartir esta preciosa foto con nosotros. Y ya\u00a0sab\u00e9is\u00a0cuando\u00a0ve\u00e1is\u00a0esta boria, es de lo mas normal en estas fechas.<\/strong><\/p>\n<p><a href=\"https:\/\/blogs.diariosur.es\/tormentas-y-rayos\/2013\/06\/22\/empezando-el-verano-con-buen-pie-la-niebla-de-ayer-fue-de-lo-mas-normal-amigos-la-pasada-primavera-ha-sido-muy-humedad-y-algo-mas-fresca-aemet\/1048709_552259894824489_1076760206_o\/\" rel=\"attachment wp-att-6108\"><img loading=\"lazy\" class=\"aligncenter size-full wp-image-6108\" title=\"1048709_552259894824489_1076760206_o\" src=\"\/tormentas-y-rayos\/wp-content\/uploads\/sites\/12\/2013\/06\/1048709_552259894824489_1076760206_o.jpg\" alt=\"\" width=\"660\" height=\"442\" srcset=\"https:\/\/static-blogs.diariosur.es\/wp-content\/uploads\/sites\/12\/2013\/06\/1048709_552259894824489_1076760206_o.jpg 660w, https:\/\/static-blogs.diariosur.es\/wp-content\/uploads\/sites\/12\/2013\/06\/1048709_552259894824489_1076760206_o-597x400.jpg 597w\" sizes=\"(max-width: 660px) 100vw, 660px\" \/><\/a><\/p>\n<p><strong>Las tormentas acompa\u00f1adas de granizo fueron protagonistas en el noreste el primer dia de verano. <\/strong><\/p>\n<p><strong>Os paso un\u00a0v\u00eddeo\u00a0de la tormenta de granizo en Calamocha. Mapa de rayos fuente aemet.<\/strong><\/p>\n<p><a href=\"https:\/\/blogs.diariosur.es\/tormentas-y-rayos\/2013\/06\/22\/empezando-el-verano-con-buen-pie-la-niebla-de-ayer-fue-de-lo-mas-normal-amigos-la-pasada-primavera-ha-sido-muy-humedad-y-algo-mas-fresca-aemet\/201306211700_r79g\/\" rel=\"attachment wp-att-6104\"><img loading=\"lazy\" class=\"aligncenter size-full wp-image-6104\" title=\"201306211700_r79g\" src=\"\/tormentas-y-rayos\/wp-content\/uploads\/sites\/12\/2013\/06\/201306211700_r79g.gif\" alt=\"\" width=\"500\" height=\"500\" \/><\/a><\/p>\n<p>&nbsp;<\/p>\n<p>&nbsp;<\/p>\n<p><iframe loading=\"lazy\" src=\"\/\/www.youtube.com\/embed\/j2315NeDDJQ\" frameborder=\"0\" width=\"640\" height=\"360\"><\/iframe><\/p>\n<p>&nbsp;<\/p>\n<p><a href=\"https:\/\/blogs.diariosur.es\/tormentas-y-rayos\/2013\/06\/22\/empezando-el-verano-con-buen-pie-la-niebla-de-ayer-fue-de-lo-mas-normal-amigos-la-pasada-primavera-ha-sido-muy-humedad-y-algo-mas-fresca-aemet\/granizo-2\/\" rel=\"attachment wp-att-6105\"><img loading=\"lazy\" class=\"aligncenter size-full wp-image-6105\" title=\"granizo\" src=\"\/tormentas-y-rayos\/wp-content\/uploads\/sites\/12\/2013\/06\/granizo.jpg\" alt=\"\" width=\"335\" height=\"162\" \/><\/a><\/p>\n<p>&nbsp;<\/p>\n<p><a href=\"https:\/\/blogs.diariosur.es\/tormentas-y-rayos\/2013\/06\/22\/empezando-el-verano-con-buen-pie-la-niebla-de-ayer-fue-de-lo-mas-normal-amigos-la-pasada-primavera-ha-sido-muy-humedad-y-algo-mas-fresca-aemet\/1013005_624159667594081_803606447_n\/\" rel=\"attachment wp-att-6106\"><img loading=\"lazy\" class=\"aligncenter size-medium wp-image-6106\" title=\"1013005_624159667594081_803606447_n\" src=\"\/tormentas-y-rayos\/wp-content\/uploads\/sites\/12\/2013\/06\/1013005_624159667594081_803606447_n.jpg\" alt=\"\" width=\"533\" height=\"400\" srcset=\"https:\/\/static-blogs.diariosur.es\/wp-content\/uploads\/sites\/12\/2013\/06\/1013005_624159667594081_803606447_n.jpg 800w, https:\/\/static-blogs.diariosur.es\/wp-content\/uploads\/sites\/12\/2013\/06\/1013005_624159667594081_803606447_n-533x400.jpg 533w, https:\/\/static-blogs.diariosur.es\/wp-content\/uploads\/sites\/12\/2013\/06\/1013005_624159667594081_803606447_n-768x576.jpg 768w\" sizes=\"(max-width: 533px) 100vw, 533px\" \/><\/a><\/p>\n<p><strong>Poco mas que contar amigos, hoy s\u00e1bado de nuevo podemos tener alguna niebla. Las\u00a0m\u00e1ximas\u00a0se ir\u00e1n recuperando y el viento de levante soplara entre flojo y moderado en el Estrecho. Ma\u00f1ana domingo no\u00a0tendr\u00e1\u00a0nada que ver con el domingo pasado, donde el fuerte viento \u00a0y el fresquete fue el protagonista, asi que todos a la playa.<\/strong><\/p>\n<p>&nbsp;<\/p>\n<p>Os dejo con el estudio de la aemet que habla de la primavera pasada.<\/p>\n<div>\n<div><a href=\"http:\/\/www.aemet.es\/es\/portada\" rel=\"external nofollow\">Inicio<\/a>\u00a0\u203a\u00a0<a href=\"http:\/\/www.aemet.es\/es\/noticias\" rel=\"external nofollow\">Noticias<\/a>\u00a0\u203a\u00a0Detalle<\/div>\n<\/div>\n<h2>Una primavera muy h\u00fameda y algo m\u00e1s fresca<\/h2>\n<div>\n<div>\n<p>19\/06\/2013\u00a0 La primavera ha sido muy h\u00fameda, con una precipitaci\u00f3n media en torno a 270 mm, que supera en un 55% el valor medio del trimestre. Se trata de la quinta primavera m\u00e1s h\u00fameda desde 1947.En cuanto a temperaturas, ha sido ligeramente m\u00e1s fr\u00eda de lo normal, con una media de 12,7 \u00baC, que queda 0,3 \u00baC por debajo del valor normal.<\/p>\n<\/div>\n<div>\n<p><strong>Temperaturas<\/strong><\/p>\n<p>&nbsp;<\/p>\n<p>El trimestre marzo-mayo de 2013 ha sido en conjunto ligeramente m\u00e1s fr\u00edo de lo normal, con una temperatura media sobre el conjunto de Espa\u00f1a de 12,7\u00ba C, que queda 0,3\u00ba C por debajo del valor medio normal (per\u00edodo de referencia 1971-2000). Se trata de la segunda primavera mas fr\u00eda de lo que llevamos de siglo, despu\u00e9s de la del a\u00f1o 2004.<\/p>\n<\/div>\n<p><img src=\"\/\/www.aemet.es\/imagenes_gcd\/noticias\/imagen_noticia_detalle\/2013\/06\/Serie-temper-primavera-13.jpg\" alt=\"Serie temperaturas primavera\" \/><\/p>\n<div>Serie temperaturas primavera<\/div>\n<div>\n<p>Las temperaturas medias estacionales se situaron por debajo de los valores normales en todas las regiones excepto en Andaluc\u00eda, Valencia, Murcia, Catalu\u00f1a, Baleares y Canarias donde se superaron ligeramente dichos valores. El valor de la anomal\u00eda t\u00e9rmica negativa fue superior a 1\u00ba C en algunas zonas de Castilla y Le\u00f3n. Por el contrario, en Canarias y sur de Andaluc\u00eda la primavera ha sido bastante m\u00e1s c\u00e1lida de lo normal, con anomal\u00edas positivas comprendidas entre 1\u00ba C y 2\u00ba C.<\/p>\n<p>En relaci\u00f3n con la evoluci\u00f3n de las temperaturas a lo largo del trimestre, se puede destacar que en tanto que los meses de marzo y abril fueron normales o ligeramente m\u00e1s c\u00e1lidos de lo normal, con anomal\u00edas t\u00e9rmicas medias positivas de +0,1\u00ba C en marzo y +0,4\u00ba C en abril, el mes de mayo result\u00f3 por\u00a0 el contrario relativamente fr\u00edo con una anomal\u00eda de -1,3\u00ba C.<\/p>\n<p>Marzo result\u00f3 m\u00e1s c\u00e1lido de lo normal en las regiones de las vertientes cant\u00e1brica y mediterr\u00e1nea, as\u00ed como en Baleares y Canarias. La anomal\u00eda t\u00e9rmica positiva fue m\u00e1s marcada en zonas de los litorales de Catalu\u00f1a, Valencia, Murcia y Cantabria, as\u00ed como en los dos archipi\u00e9lagos, donde super\u00f3 el valor de +1\u00ba C. Por el contrario, en las regiones de la vertiente atl\u00e1ntica el mes de marzo fue mas fr\u00edo de lo normal, con anomal\u00edas negativas superiores a 1\u00ba C en algunas zonas de Castilla y Le\u00f3n, Madrid y norte de Extremadura. Abril fue de temperaturas normales en el norte de Extremadura y en la mayor parte de Castilla y Le\u00f3n, mientras que en el resto de Espa\u00f1a fue m\u00e1s c\u00e1lido de lo normal, especialmente en Andaluc\u00eda, Asturias, Navarra, Baleares y Canarias, regiones en las que las temperaturas medias\u00a0 superaron en m\u00e1s de 1\u00ba C a los valores normales, llegando a alcanzar la anomal\u00eda t\u00e9rmica los 2\u00ba C en la mayor parte de los observatorios del archipi\u00e9lago Canario. En mayo en cambio las temperaturas fueron inferiores a lo normal en toda Espa\u00f1a, con excepci\u00f3n de Andaluc\u00eda y Murcia, donde las temperaturas medias se mantuvieron pr\u00f3ximas a los valores normales o los superaron ligeramente y de Canarias donde result\u00f3 un mes muy c\u00e1lido en general. Este mes result\u00f3 especialmente fr\u00edo en el tercio norte peninsular, con anomal\u00edas t\u00e9rmicas negativas que en amplias zonas superaron los 2\u00ba C.<\/p>\n<\/div>\n<p><img src=\"\/\/www.aemet.es\/imagenes_gcd\/noticias\/imagen_noticia_detalle\/2013\/06\/TemperG-primavera-13.jpg\" alt=\"Temperatura primavera 2013\" \/><\/p>\n<div>Temperatura primavera 2013<\/div>\n<div>\n<p>Las temperaturas m\u00e1s elevadas del trimestre primaveral se registraron en Canarias en el inicio de la tercera decena del mes de Abril y en zonas del este y sur peninsular entre los d\u00edas 7 y 9 de mayo. Curiosamente la temperatura m\u00e1xima m\u00e1s alta de la primavera entre estaciones principales se registr\u00f3 en abril, el d\u00eda 20 en Santa Cruz de Tenerife con 35,2\u00ba C. A este valor m\u00e1ximo, le siguen los observados en: Valencia-aeropuerto con 35,0\u00ba C el d\u00eda 7 de mayo, Gran Canaria-aeropuerto con 34,3\u00ba C el d\u00eda 21 de abril, M\u00e1laga-aeropuerto con 33,6\u00ba C el d\u00eda 9 de mayo y Jerez de la Frontera con 33,3\u00ba C el d\u00eda 7 de mayo. Son tambi\u00e9n rese\u00f1ables las elevadas temperaturas para esas fechas, registradas a mediados del mes de abril, sobre todo el d\u00eda 17, con 33,1 \u00ba C en C\u00f3rdoba y 32,3\u00ba C en Sevilla-aeropuerto.<\/p>\n<p>Las temperaturas m\u00ednimas m\u00e1s bajas de la primavera se registraron en los primeros d\u00edas del trimestre y a mediados del mes de marzo.\u00a0 La temperatura m\u00ednima m\u00e1s baja en un observatorio principal se registr\u00f3 el d\u00eda 14\u00a0 de marzo en el puerto de Navacerrada (Madrid) con\u00a0 -9,0 \u00ba, seguido de Molina de Arag\u00f3n con -6,2 \u00ba C el d\u00eda 2 de marzo. Entre capitales de provincia destacan: Teruel con -5,1\u00ba C el d\u00eda 2 de marzo y Salamanca-aeropuerto con -5,0 \u00ba C el d\u00eda 14 de marzo. Se puede tambi\u00e9n citar el acusado retroceso al fr\u00edo registrado a finales de abril, acompa\u00f1ado de nevadas en cotas bajas, poco habituales para estas fechas, en amplias zonas del norte, este y centro peninsular. As\u00ed mismo a lo largo del mes de mayo hubo episodios de bajas temperaturas, en concreto en los primeros y \u00faltimos d\u00edas del mes, as\u00ed como entre los d\u00edas 15 y 21. En este mes a\u00fan se registraron algunas heladas en zonas altas de los sistemas monta\u00f1osos del centro y norte peninsular, as\u00ed como en Castilla y Le\u00f3n e interior de Galicia.<\/p>\n<p>&nbsp;<\/p>\n<p><strong>Precipitaciones<\/strong><\/p>\n<p>La primavera ha sido muy h\u00fameda, con una precipitaci\u00f3n media sobre Espa\u00f1a que se ha situado en torno a 270 mm., valor que supera en un 55% el valor medio del trimestre. Se trata de la quinta primavera m\u00e1s h\u00fameda desde 1947.<\/p>\n<\/div>\n<p><img src=\"\/\/www.aemet.es\/imagenes_gcd\/noticias\/imagen_noticia_detalle\/2013\/06\/Serie-precip-primavera-13.jpg\" alt=\"Serie precipitaciones primavera\" \/><\/p>\n<div>Serie precipitaciones primavera<\/div>\n<div>\n<p>Como se puede apreciar en el mapa que se adjunta las precipitaciones de la primavera han superado claramente los valores medios trimestrales en pr\u00e1cticamente toda Espa\u00f1a, debido sobre todo a la excepcional pluviosidad del mes de marzo. Estas precipitaciones superan el 175% del valor medio en amplias zonas de la mitad sur peninsular, as\u00ed como en parte de Canarias y llegan a situarse por encima del\u00a0 doble de dichos valores normales en parte de Andaluc\u00eda y en una zona sobre el sureste de Castilla La Mancha.<\/p>\n<p>El trimestre comenz\u00f3 con un mes de marzo extremadamente h\u00famedo en la mayor parte de Espa\u00f1a. Fue el marzo de mayor precipitaci\u00f3n media en Espa\u00f1a, al menos desde el a\u00f1o 1947. Las precipitaciones de marzo superaron el 300% del valor medio\u00a0 en toda Espa\u00f1a, con excepci\u00f3n de las regiones de la franja norte peninsular, as\u00ed como las de la franja mediterr\u00e1nea, Baleares y parte de Canarias. Por todo ello, en numerosos observatorios, repartidos por las comunidades de Asturias, Castilla y Le\u00f3n, Madrid, La Rioja, Castilla La Mancha, Extremadura y Andaluc\u00eda fue el mes de marzo m\u00e1s h\u00famedo desde el inicio de las respectivas series hist\u00f3ricas. Abril fue un mes de precipitaciones normales. Result\u00f3 h\u00famedo en Baleares, regiones mediterr\u00e1neas, Asturias, noroeste de Galicia y algunas zonas del interior de Andaluc\u00eda, mientras que fue por el contrario m\u00e1s seco de lo normal en Canarias, suroeste peninsular, la mayor parte de Castilla y Le\u00f3n y la costa este de Andaluc\u00eda. Mayo ha sido el mes m\u00e1s seco del trimestre, con una precipitaci\u00f3n media sobre Espa\u00f1a que qued\u00f3 alrededor de un 25% por debajo de lo normal. Este \u00faltimo mes de la primavera fue no obstante m\u00e1s\u00a0 h\u00famedo de lo normal en las regiones cant\u00e1bricas, Navarra, La Rioja, noreste de Castilla y Le\u00f3n, norte de Arag\u00f3n y parte de Catalu\u00f1a. Result\u00f3 por el contrario seco a muy seco, con precipitaciones por debajo del 50% del valor normal en Extremadura, oeste de Castilla y Le\u00f3n, suroeste de Andaluc\u00eda, zonas del levante y sureste peninsular y en parte de Baleares y Canarias. En el resto de Espa\u00f1a fue en general normal o algo m\u00e1s seco de lo normal.<\/p>\n<\/div>\n<p><img src=\"\/\/www.aemet.es\/imagenes_gcd\/noticias\/imagen_noticia_detalle\/2013\/06\/PrecipG-primavera-13.jpg\" alt=\"Precipitaci\u00f3n primavera 2013\" \/><\/p>\n<div>Precipitaci\u00f3n primavera 2013<\/div>\n<div>\n<p>A lo largo de la primavera se produjeron una serie de situaciones meteorol\u00f3gicas que dieron lugar a precipitaciones intensas, en particular las siguientes: en marzo hubo diversos episodios que dieron lugar a precipitaciones persistentes en amplias zonas de Espa\u00f1a, si bien las cantidades totales acumuladas en 24 horas no fueron excepcionales, destacando los 52,4 mm registrados en Ja\u00e9n el d\u00eda 31; en abril destacan las fuertes lluvias de Galicia entre los d\u00edas 10 y 11, las intensas precipitaciones en puntos del levante el d\u00eda 25 y en zonas del norte de Valencia y sur de Catalu\u00f1a los d\u00edas 28 y 29 y el temporal que afect\u00f3 a Asturias el d\u00eda 30; finalmente en mayo los episodio m\u00e1s destacables fueron el que afect\u00f3 al Pa\u00eds Vasco y al norte de Navarra entre los d\u00edas 17 y 18\u00a0 y el que en los dos \u00faltimos d\u00edas del mes dio lugar a fuertes precipitaciones en el norte de Navarra y noroeste de Arag\u00f3n. El valor m\u00e1ximo de precipitaci\u00f3n diaria acumulado entre observatorios principales fue de 86,0 mm, y se registr\u00f3 en San Sebastian-Igueldo el d\u00eda 17 de mayo.<\/p>\n<\/div>\n<\/div>\n","protected":false},"excerpt":{"rendered":"<p>Buenos dias amigos de la meteo. \u00a0Son las seis de la ma\u00f1ana, registro 18,8 grados y los cielos est\u00e1n despejados. Antes de explicaros lo de la niebla de ayer primer dia de verano, quiero dar las gracias a una gran profesional del periodismo, mi amiga Raquel Merino del Diario Sur. Ayer tuve la suerte de [&hellip;]<\/p>\n","protected":false},"author":16,"featured_media":6101,"comment_status":"open","ping_status":"open","sticky":false,"template":"","format":"standard","meta":[],"categories":[2],"tags":[324,697,817,996,1052],"_links":{"self":[{"href":"https:\/\/blogs.diariosur.es\/tormentas-y-rayos\/wp-json\/wp\/v2\/posts\/6099"}],"collection":[{"href":"https:\/\/blogs.diariosur.es\/tormentas-y-rayos\/wp-json\/wp\/v2\/posts"}],"about":[{"href":"https:\/\/blogs.diariosur.es\/tormentas-y-rayos\/wp-json\/wp\/v2\/types\/post"}],"author":[{"embeddable":true,"href":"https:\/\/blogs.diariosur.es\/tormentas-y-rayos\/wp-json\/wp\/v2\/users\/16"}],"replies":[{"embeddable":true,"href":"https:\/\/blogs.diariosur.es\/tormentas-y-rayos\/wp-json\/wp\/v2\/comments?post=6099"}],"version-history":[{"count":0,"href":"https:\/\/blogs.diariosur.es\/tormentas-y-rayos\/wp-json\/wp\/v2\/posts\/6099\/revisions"}],"wp:featuredmedia":[{"embeddable":true,"href":"https:\/\/blogs.diariosur.es\/tormentas-y-rayos\/wp-json\/wp\/v2\/media\/6101"}],"wp:attachment":[{"href":"https:\/\/blogs.diariosur.es\/tormentas-y-rayos\/wp-json\/wp\/v2\/media?parent=6099"}],"wp:term":[{"taxonomy":"category","embeddable":true,"href":"https:\/\/blogs.diariosur.es\/tormentas-y-rayos\/wp-json\/wp\/v2\/categories?post=6099"},{"taxonomy":"post_tag","embeddable":true,"href":"https:\/\/blogs.diariosur.es\/tormentas-y-rayos\/wp-json\/wp\/v2\/tags?post=6099"}],"curies":[{"name":"wp","href":"https:\/\/api.w.org\/{rel}","templated":true}]}}