{"id":6109,"date":"2013-06-24T07:30:05","date_gmt":"2013-06-24T05:30:05","guid":{"rendered":"http:\/\/blogs.diariosur.es\/tormentas-y-rayos\/?p=6109"},"modified":"2013-06-24T07:30:05","modified_gmt":"2013-06-24T05:30:05","slug":"temporal-de-levante-y-nieve-en-sierra-nevada","status":"publish","type":"post","link":"https:\/\/blogs.diariosur.es\/tormentas-y-rayos\/2013\/06\/24\/temporal-de-levante-y-nieve-en-sierra-nevada\/","title":{"rendered":"Temporal de levante.  &#8221; Y nieve en Sierra Nevada&#8221;."},"content":{"rendered":"<p><strong>Buenos dias amigos de la meteo, tranquilidad que no viene fr\u00edo jijiji, es que si no digo nieve no entr\u00e1is al post. As\u00ed es, aun hay tela de nieve en Sierra Nevada. Si me dais permiso, os doy la previsi\u00f3n para estos primeros dias de la semana y al final os pongo las fotos de mi amigo Fernando Berrocal y Alejandro \u00a0desde Sierra Nevada.<\/strong><\/p>\n<p><strong>A todo esto, son la seis de la ma\u00f1ana, registro 22 grados y los cielos est\u00e1n despejados. El levante sera el protagonista, pero donde soplara mas fuerte y como nos tiene acostumbrados es en el Estrecho y Tarifa. En esta zona las rachas de viento estar\u00e1n cercanas a los 80 km\/h. Por este motivo la AEMET, activa el aviso amarillo por vientos y fen\u00f3menos costeros. En la\u00a0Serran\u00eda\u00a0de Ronda\u00a0tambi\u00e9n\u00a0soplara de moderado a fuerte.\u00a0<\/strong><\/p>\n<p>&nbsp;<\/p>\n<p><a href=\"https:\/\/blogs.diariosur.es\/tormentas-y-rayos\/2013\/06\/24\/temporal-de-levante-y-nieve-en-sierra-nevada\/20130623162000_avi_mna_ccaa61\/\" rel=\"attachment wp-att-6110\"><img loading=\"lazy\" class=\"aligncenter size-full wp-image-6110\" title=\"20130623162000_avi_mna_ccaa61\" src=\"\/tormentas-y-rayos\/wp-content\/uploads\/sites\/12\/2013\/06\/20130623162000_avi_mna_ccaa61.png\" alt=\"\" width=\"500\" height=\"334\" \/><\/a><\/p>\n<p><strong>Las temperaturas tanto\u00a0m\u00e1ximas\u00a0como\u00a0m\u00ednimas\u00a0subir\u00e1n. Donde\u00a0har\u00e1\u00a0mas calor sera en el Valle del Guadalquivir e interior de nuestra Provincia Malague\u00f1a,\u00a0d\u00e1ndose\u00a0m\u00e1ximas\u00a0cercanas a los 38 grados en el Valle del Guadalquivir y sobre los 34 en Ronda y Antequera. En M\u00e1laga Capital no creo que sobrepasemos los 27 grados. Poco mas que contar sobre la previsi\u00f3n, hasta el\u00a0mi\u00e9rcoles\u00a0seguir\u00e1\u00a0el levante.<\/strong><\/p>\n<p><a href=\"https:\/\/blogs.diariosur.es\/tormentas-y-rayos\/2013\/06\/24\/temporal-de-levante-y-nieve-en-sierra-nevada\/levante-13\/\" rel=\"attachment wp-att-6120\"><img loading=\"lazy\" class=\"aligncenter size-full wp-image-6120\" title=\"levante\" src=\"\/tormentas-y-rayos\/wp-content\/uploads\/sites\/12\/2013\/06\/levante1.jpg\" alt=\"\" width=\"430\" height=\"526\" srcset=\"https:\/\/static-blogs.diariosur.es\/wp-content\/uploads\/sites\/12\/2013\/06\/levante1.jpg 430w, https:\/\/static-blogs.diariosur.es\/wp-content\/uploads\/sites\/12\/2013\/06\/levante1-327x400.jpg 327w\" sizes=\"(max-width: 430px) 100vw, 430px\" \/><\/a><\/p>\n<p>&nbsp;<\/p>\n<p>&nbsp;<\/p>\n<p><strong>No os quejareis del domingo ehhhhhh, menudo trabajo me ha costado convencer al terral y al poniente para que nos diera una tregua, hasta un mont\u00f3n de velas ( amarillas, naranjas, verdes, negras, azules etc) encend\u00ed en la arena de la playa el s\u00e1bado por la noche jijiji. Pero ya no lo hago mas, el\u00a0pr\u00f3ximo\u00a0finde \u00a0que cada uno haga su conjuro y encienda una vela al Dios Anticicl\u00f3n.<\/strong><\/p>\n<p><strong>\u00a0<\/strong><a href=\"https:\/\/blogs.diariosur.es\/tormentas-y-rayos\/2013\/06\/24\/temporal-de-levante-y-nieve-en-sierra-nevada\/olympus-digital-camera-1368\/\" rel=\"attachment wp-att-6111\"><img loading=\"lazy\" class=\"aligncenter size-full wp-image-6111\" title=\"OLYMPUS DIGITAL CAMERA\" src=\"\/tormentas-y-rayos\/wp-content\/uploads\/sites\/12\/2013\/06\/010010.jpg\" alt=\"\" width=\"660\" height=\"495\" srcset=\"https:\/\/static-blogs.diariosur.es\/wp-content\/uploads\/sites\/12\/2013\/06\/010010.jpg 660w, https:\/\/static-blogs.diariosur.es\/wp-content\/uploads\/sites\/12\/2013\/06\/010010-533x400.jpg 533w\" sizes=\"(max-width: 660px) 100vw, 660px\" \/><\/a><\/p>\n<p>&nbsp;<\/p>\n<p><strong>Vaya carita que tiene el Dios del Anticicl\u00f3n.<\/strong><\/p>\n<p><a href=\"https:\/\/blogs.diariosur.es\/tormentas-y-rayos\/2013\/06\/24\/temporal-de-levante-y-nieve-en-sierra-nevada\/1017449_4858626798090_1692266570_n\/\" rel=\"attachment wp-att-6121\"><img loading=\"lazy\" class=\"aligncenter size-full wp-image-6121\" title=\"1017449_4858626798090_1692266570_n\" src=\"\/tormentas-y-rayos\/wp-content\/uploads\/sites\/12\/2013\/06\/1017449_4858626798090_1692266570_n.jpg\" alt=\"\" width=\"322\" height=\"633\" srcset=\"https:\/\/static-blogs.diariosur.es\/wp-content\/uploads\/sites\/12\/2013\/06\/1017449_4858626798090_1692266570_n.jpg 322w, https:\/\/static-blogs.diariosur.es\/wp-content\/uploads\/sites\/12\/2013\/06\/1017449_4858626798090_1692266570_n-203x400.jpg 203w\" sizes=\"(max-width: 322px) 100vw, 322px\" \/><\/a><\/p>\n<p>&nbsp;<\/p>\n<p><strong>La m\u00e1xima del domingo fue de 27,5 grados y la m\u00ednima de 19,2. Med\u00ed\u00a0tambi\u00e9n\u00a0la temperatura del agua en Torre de Benagalb\u00f3n, me marco 20,1 grados.\u00a0<\/strong><\/p>\n<p><a href=\"https:\/\/blogs.diariosur.es\/tormentas-y-rayos\/2013\/06\/24\/temporal-de-levante-y-nieve-en-sierra-nevada\/olympus-digital-camera-1369\/\" rel=\"attachment wp-att-6112\"><img loading=\"lazy\" class=\"aligncenter size-full wp-image-6112\" title=\"OLYMPUS DIGITAL CAMERA\" src=\"\/tormentas-y-rayos\/wp-content\/uploads\/sites\/12\/2013\/06\/019019.jpg\" alt=\"\" width=\"660\" height=\"495\" srcset=\"https:\/\/static-blogs.diariosur.es\/wp-content\/uploads\/sites\/12\/2013\/06\/019019.jpg 660w, https:\/\/static-blogs.diariosur.es\/wp-content\/uploads\/sites\/12\/2013\/06\/019019-533x400.jpg 533w\" sizes=\"(max-width: 660px) 100vw, 660px\" \/><\/a><\/p>\n<p><strong>Los cielos se mantuvieron despejados durante todo el dia, como\u00a0pod\u00e9is\u00a0ver en esta foto que tome sobre las diez de la ma\u00f1ana.<\/strong><\/p>\n<p><a href=\"https:\/\/blogs.diariosur.es\/tormentas-y-rayos\/2013\/06\/24\/temporal-de-levante-y-nieve-en-sierra-nevada\/olympus-digital-camera-1370\/\" rel=\"attachment wp-att-6113\"><img loading=\"lazy\" class=\"aligncenter size-full wp-image-6113\" title=\"OLYMPUS DIGITAL CAMERA\" src=\"\/tormentas-y-rayos\/wp-content\/uploads\/sites\/12\/2013\/06\/018018.jpg\" alt=\"\" width=\"660\" height=\"360\" srcset=\"https:\/\/static-blogs.diariosur.es\/wp-content\/uploads\/sites\/12\/2013\/06\/018018.jpg 660w, https:\/\/static-blogs.diariosur.es\/wp-content\/uploads\/sites\/12\/2013\/06\/018018-640x349.jpg 640w\" sizes=\"(max-width: 660px) 100vw, 660px\" \/><\/a><\/p>\n<p><strong>\u00a0 <\/strong><\/p>\n<p><span style=\"color: #0000ff;\"><strong>VAMOS CON LA NIEVE<\/strong><\/span><\/p>\n<p><span><strong><span style=\"color: #ff0000;\">Mi amigo Fernando Berrocal, acompa\u00f1ado de su amigo Alejandro Campos se armaron \u00a0de valor el s\u00e1bado pasado y subieron \u00a0a Sierra Nevada, y hay que echarle valor, si amigos, para subir en bici al pico mas alto de la\u00a0pen\u00ednsula\u00a0 que como todos sab\u00e9is es el Veleta. Perd\u00f3n el segundo pico mas alto de la peninsula.<\/span><\/strong><\/span><\/p>\n<p><span style=\"color: #ff0000;\"><strong>Aunque en otras ocasiones por estas fechas lo han logrado, esta vez la nieve y el hielo se lo han impedido. Os dejo con unas cuantas fotos. Gracias Nandi, Alejandro \u00a0por compartir el reportaje de vuestra subida.<\/strong><\/span><\/p>\n<p><span style=\"color: #ff0000;\"><strong>\u00a0<a href=\"https:\/\/blogs.diariosur.es\/tormentas-y-rayos\/2013\/06\/24\/temporal-de-levante-y-nieve-en-sierra-nevada\/img-20130622-wa0013\/\" rel=\"attachment wp-att-6118\"><img loading=\"lazy\" class=\"aligncenter size-full wp-image-6118\" title=\"IMG-20130622-WA0013\" src=\"\/tormentas-y-rayos\/wp-content\/uploads\/sites\/12\/2013\/06\/IMG-20130622-WA0013.jpg\" alt=\"\" width=\"660\" height=\"371\" srcset=\"https:\/\/static-blogs.diariosur.es\/wp-content\/uploads\/sites\/12\/2013\/06\/IMG-20130622-WA0013.jpg 660w, https:\/\/static-blogs.diariosur.es\/wp-content\/uploads\/sites\/12\/2013\/06\/IMG-20130622-WA0013-640x360.jpg 640w\" sizes=\"(max-width: 660px) 100vw, 660px\" \/><\/a><\/strong><\/span><\/p>\n<p>&nbsp;<\/p>\n<p>&nbsp;<\/p>\n<p><span style=\"color: #ff0000;\"><strong><a href=\"https:\/\/blogs.diariosur.es\/tormentas-y-rayos\/2013\/06\/24\/temporal-de-levante-y-nieve-en-sierra-nevada\/2013-06-22_13-21-18_532\/\" rel=\"attachment wp-att-6114\"><img loading=\"lazy\" class=\"aligncenter size-full wp-image-6114\" title=\"2013-06-22_13-21-18_532\" src=\"\/tormentas-y-rayos\/wp-content\/uploads\/sites\/12\/2013\/06\/2013-06-22_13-21-18_532.jpg\" alt=\"\" width=\"400\" height=\"710\" srcset=\"https:\/\/static-blogs.diariosur.es\/wp-content\/uploads\/sites\/12\/2013\/06\/2013-06-22_13-21-18_532.jpg 400w, https:\/\/static-blogs.diariosur.es\/wp-content\/uploads\/sites\/12\/2013\/06\/2013-06-22_13-21-18_532-225x400.jpg 225w\" sizes=\"(max-width: 400px) 100vw, 400px\" \/><\/a><\/strong><\/span><\/p>\n<p><a href=\"https:\/\/blogs.diariosur.es\/tormentas-y-rayos\/2013\/06\/24\/temporal-de-levante-y-nieve-en-sierra-nevada\/2013-06-22_13-38-34_774\/\" rel=\"attachment wp-att-6115\"><img loading=\"lazy\" class=\"aligncenter size-full wp-image-6115\" title=\"2013-06-22_13-38-34_774\" src=\"\/tormentas-y-rayos\/wp-content\/uploads\/sites\/12\/2013\/06\/2013-06-22_13-38-34_774.jpg\" alt=\"\" width=\"660\" height=\"372\" srcset=\"https:\/\/static-blogs.diariosur.es\/wp-content\/uploads\/sites\/12\/2013\/06\/2013-06-22_13-38-34_774.jpg 660w, https:\/\/static-blogs.diariosur.es\/wp-content\/uploads\/sites\/12\/2013\/06\/2013-06-22_13-38-34_774-640x361.jpg 640w\" sizes=\"(max-width: 660px) 100vw, 660px\" \/><\/a><\/p>\n<p><a href=\"https:\/\/blogs.diariosur.es\/tormentas-y-rayos\/2013\/06\/24\/temporal-de-levante-y-nieve-en-sierra-nevada\/2013-06-22_14-15-11_138\/\" rel=\"attachment wp-att-6116\"><img loading=\"lazy\" class=\"aligncenter size-full wp-image-6116\" title=\"2013-06-22_14-15-11_138\" src=\"\/tormentas-y-rayos\/wp-content\/uploads\/sites\/12\/2013\/06\/2013-06-22_14-15-11_138.jpg\" alt=\"\" width=\"660\" height=\"372\" srcset=\"https:\/\/static-blogs.diariosur.es\/wp-content\/uploads\/sites\/12\/2013\/06\/2013-06-22_14-15-11_138.jpg 660w, https:\/\/static-blogs.diariosur.es\/wp-content\/uploads\/sites\/12\/2013\/06\/2013-06-22_14-15-11_138-640x361.jpg 640w\" sizes=\"(max-width: 660px) 100vw, 660px\" \/><\/a><\/p>\n<p><a href=\"https:\/\/blogs.diariosur.es\/tormentas-y-rayos\/2013\/06\/24\/temporal-de-levante-y-nieve-en-sierra-nevada\/2013-06-22_14-17-47_483\/\" rel=\"attachment wp-att-6117\"><img loading=\"lazy\" class=\"aligncenter size-full wp-image-6117\" title=\"2013-06-22_14-17-47_483\" src=\"\/tormentas-y-rayos\/wp-content\/uploads\/sites\/12\/2013\/06\/2013-06-22_14-17-47_483.jpg\" alt=\"\" width=\"660\" height=\"372\" srcset=\"https:\/\/static-blogs.diariosur.es\/wp-content\/uploads\/sites\/12\/2013\/06\/2013-06-22_14-17-47_483.jpg 660w, https:\/\/static-blogs.diariosur.es\/wp-content\/uploads\/sites\/12\/2013\/06\/2013-06-22_14-17-47_483-640x361.jpg 640w\" sizes=\"(max-width: 660px) 100vw, 660px\" \/><\/a><\/p>\n<p>&nbsp;<\/p>\n<p><a href=\"https:\/\/blogs.diariosur.es\/tormentas-y-rayos\/2013\/06\/24\/temporal-de-levante-y-nieve-en-sierra-nevada\/bb-7\/\" rel=\"attachment wp-att-6119\"><img loading=\"lazy\" class=\"aligncenter size-full wp-image-6119\" title=\"bb\" src=\"\/tormentas-y-rayos\/wp-content\/uploads\/sites\/12\/2013\/06\/bb.jpg\" alt=\"\" width=\"660\" height=\"371\" srcset=\"https:\/\/static-blogs.diariosur.es\/wp-content\/uploads\/sites\/12\/2013\/06\/bb.jpg 660w, https:\/\/static-blogs.diariosur.es\/wp-content\/uploads\/sites\/12\/2013\/06\/bb-640x360.jpg 640w\" sizes=\"(max-width: 660px) 100vw, 660px\" \/><\/a><\/p>\n<p>&nbsp;<\/p>\n<p>Un abrazo a todos.<\/p>\n","protected":false},"excerpt":{"rendered":"<p>Buenos dias amigos de la meteo, tranquilidad que no viene fr\u00edo jijiji, es que si no digo nieve no entr\u00e1is al post. As\u00ed es, aun hay tela de nieve en Sierra Nevada. Si me dais permiso, os doy la previsi\u00f3n para estos primeros dias de la semana y al final os pongo las fotos de [&hellip;]<\/p>\n","protected":false},"author":16,"featured_media":6118,"comment_status":"open","ping_status":"open","sticky":false,"template":"","format":"standard","meta":[],"categories":[2],"tags":[390,553,689,701,913,966,1047],"_links":{"self":[{"href":"https:\/\/blogs.diariosur.es\/tormentas-y-rayos\/wp-json\/wp\/v2\/posts\/6109"}],"collection":[{"href":"https:\/\/blogs.diariosur.es\/tormentas-y-rayos\/wp-json\/wp\/v2\/posts"}],"about":[{"href":"https:\/\/blogs.diariosur.es\/tormentas-y-rayos\/wp-json\/wp\/v2\/types\/post"}],"author":[{"embeddable":true,"href":"https:\/\/blogs.diariosur.es\/tormentas-y-rayos\/wp-json\/wp\/v2\/users\/16"}],"replies":[{"embeddable":true,"href":"https:\/\/blogs.diariosur.es\/tormentas-y-rayos\/wp-json\/wp\/v2\/comments?post=6109"}],"version-history":[{"count":0,"href":"https:\/\/blogs.diariosur.es\/tormentas-y-rayos\/wp-json\/wp\/v2\/posts\/6109\/revisions"}],"wp:featuredmedia":[{"embeddable":true,"href":"https:\/\/blogs.diariosur.es\/tormentas-y-rayos\/wp-json\/wp\/v2\/media\/6118"}],"wp:attachment":[{"href":"https:\/\/blogs.diariosur.es\/tormentas-y-rayos\/wp-json\/wp\/v2\/media?parent=6109"}],"wp:term":[{"taxonomy":"category","embeddable":true,"href":"https:\/\/blogs.diariosur.es\/tormentas-y-rayos\/wp-json\/wp\/v2\/categories?post=6109"},{"taxonomy":"post_tag","embeddable":true,"href":"https:\/\/blogs.diariosur.es\/tormentas-y-rayos\/wp-json\/wp\/v2\/tags?post=6109"}],"curies":[{"name":"wp","href":"https:\/\/api.w.org\/{rel}","templated":true}]}}