{"id":6122,"date":"2013-06-26T07:38:05","date_gmt":"2013-06-26T05:38:05","guid":{"rendered":"http:\/\/blogs.diariosur.es\/tormentas-y-rayos\/?p=6122"},"modified":"2013-06-26T07:38:05","modified_gmt":"2013-06-26T05:38:05","slug":"tormenta-taladradorade-madrugada-en-avda-xxxiii-cruce-ortega-y-gasset-seguimos-con-el-temporal-de-levante","status":"publish","type":"post","link":"https:\/\/blogs.diariosur.es\/tormentas-y-rayos\/2013\/06\/26\/tormenta-taladradorade-madrugada-en-avda-xxxiii-cruce-ortega-y-gasset-seguimos-con-el-temporal-de-levante\/","title":{"rendered":"&#8220;Tormenta taladradora&#8221;de madrugada  en Avda XXXIII, cruce Ortega y Gasset. Seguimos con el temporal de levante."},"content":{"rendered":"<p><strong>Buenos dias amigos de la meteo, aunque para mi son malos dias. Una&#8221; tormenta taladradora&#8221; de pavimento que\u00a0empez\u00f3\u00a0a las once y media de la noche, ha estado taladrando<strong>\u00a0con alguna peque\u00f1a interrupci\u00f3n,<\/strong> hasta cerca de las cuatro de la ma\u00f1ana . El cruce de Juan XXXIII con Ortega y Gasset ha sido donde la tormenta no ha dado descanso. Quiero pensar que no hay otra hora para hacerlo por la cuesti\u00f3n del trafico, pero ese suelo desde que est\u00e1n las obras del metro lo han levantado un mont\u00f3n de veces. Cada uno va a lo suyo, en vez de ponerse todos de acuerdo y soterrar cables y\u00a0tuber\u00edas\u00a0al mismo tiempo, otro gallo\u00a0cantar\u00eda. Prefiero una tormenta como la de la foto de portada, seguro que luego dormiria como los angelitos.<\/strong><\/p>\n<p>&nbsp;<\/p>\n<p><iframe loading=\"lazy\" src=\"\/\/www.youtube.com\/embed\/qPsgeEif2bw\" frameborder=\"0\" width=\"640\" height=\"360\"><\/iframe><\/p>\n<p>&nbsp;<\/p>\n<p><strong>Siento haber empezado el post de hoy asi, venga hablemos del tiempo<\/strong><\/p>\n<p>&nbsp;<\/p>\n<p><strong>Son las seis \u00a0y media de la ma\u00f1ana, registro 20 grados y los cielos est\u00e1n nubosos como\u00a0pod\u00e9is\u00a0ver en esta foto. <\/strong><\/p>\n<p><a href=\"https:\/\/blogs.diariosur.es\/tormentas-y-rayos\/2013\/06\/26\/tormenta-taladradorade-madrugada-en-avda-xxxiii-cruce-ortega-y-gasset-seguimos-con-el-temporal-de-levante\/olympus-digital-camera-1373\/\" rel=\"attachment wp-att-6127\"><img loading=\"lazy\" class=\"aligncenter size-full wp-image-6127\" title=\"OLYMPUS DIGITAL CAMERA\" src=\"\/tormentas-y-rayos\/wp-content\/uploads\/sites\/12\/2013\/06\/001001_1.jpg\" alt=\"\" width=\"660\" height=\"495\" srcset=\"https:\/\/static-blogs.diariosur.es\/wp-content\/uploads\/sites\/12\/2013\/06\/001001_1.jpg 660w, https:\/\/static-blogs.diariosur.es\/wp-content\/uploads\/sites\/12\/2013\/06\/001001_1-533x400.jpg 533w\" sizes=\"(max-width: 660px) 100vw, 660px\" \/><\/a><\/p>\n<p><strong>Antes de nada quiero pedir disculpas por el fallo que comet\u00ed en el post del lunes. El pico mas alto de la\u00a0pen\u00ednsula\u00a0es el Mulhac\u00e9n y no el veleta como yo comente. Gracias Laduda por el aviso.<\/strong><\/p>\n<p><strong>Poco que contar amigos, las nubes de estancamiento han sido las protagonista este pasado martes debido al levante al igual que ahora mismo.\u00a0Tambi\u00e9n\u00a0la mar de fondo se ha dado en toda la costa malague\u00f1a. La maxima la ha dado el Centro meteorol\u00f3gico a las doce y veinte de la ma\u00f1ana con 25,6 grados, siendo la m\u00ednima de 19,8 en mi estaci\u00f3n.<\/strong><\/p>\n<p><a href=\"https:\/\/blogs.diariosur.es\/tormentas-y-rayos\/2013\/06\/26\/tormenta-taladradorade-madrugada-en-avda-xxxiii-cruce-ortega-y-gasset-seguimos-con-el-temporal-de-levante\/maxima-6\/\" rel=\"attachment wp-att-6123\"><img loading=\"lazy\" class=\"aligncenter size-full wp-image-6123\" title=\"maxima\" src=\"\/tormentas-y-rayos\/wp-content\/uploads\/sites\/12\/2013\/06\/maxima2.jpg\" alt=\"\" width=\"480\" height=\"189\" \/><\/a><\/p>\n<p><strong>Como os comentaba anteriormente las nubes de estancamiento han sido las protagonistas. Ayer a la hora de la comida\u00a0fotografi\u00e9\u00a0el cielo. Os paso una foto.<\/strong><\/p>\n<p><a href=\"https:\/\/blogs.diariosur.es\/tormentas-y-rayos\/2013\/06\/26\/tormenta-taladradorade-madrugada-en-avda-xxxiii-cruce-ortega-y-gasset-seguimos-con-el-temporal-de-levante\/olympus-digital-camera-1371\/\" rel=\"attachment wp-att-6124\"><img loading=\"lazy\" class=\"aligncenter size-full wp-image-6124\" title=\"OLYMPUS DIGITAL CAMERA\" src=\"\/tormentas-y-rayos\/wp-content\/uploads\/sites\/12\/2013\/06\/001001.jpg\" alt=\"\" width=\"660\" height=\"495\" srcset=\"https:\/\/static-blogs.diariosur.es\/wp-content\/uploads\/sites\/12\/2013\/06\/001001.jpg 660w, https:\/\/static-blogs.diariosur.es\/wp-content\/uploads\/sites\/12\/2013\/06\/001001-533x400.jpg 533w\" sizes=\"(max-width: 660px) 100vw, 660px\" \/><\/a><\/p>\n<p>&nbsp;<\/p>\n<p><strong>Sobre las nueve y media de la noche los cielos aun seguian cubiertos, os paso otra foto.<\/strong><\/p>\n<p><a href=\"https:\/\/blogs.diariosur.es\/tormentas-y-rayos\/2013\/06\/26\/tormenta-taladradorade-madrugada-en-avda-xxxiii-cruce-ortega-y-gasset-seguimos-con-el-temporal-de-levante\/olympus-digital-camera-1372\/\" rel=\"attachment wp-att-6125\"><img loading=\"lazy\" class=\"aligncenter size-full wp-image-6125\" title=\"OLYMPUS DIGITAL CAMERA\" src=\"\/tormentas-y-rayos\/wp-content\/uploads\/sites\/12\/2013\/06\/0020021.jpg\" alt=\"\" width=\"660\" height=\"495\" srcset=\"https:\/\/static-blogs.diariosur.es\/wp-content\/uploads\/sites\/12\/2013\/06\/0020021.jpg 660w, https:\/\/static-blogs.diariosur.es\/wp-content\/uploads\/sites\/12\/2013\/06\/0020021-533x400.jpg 533w\" sizes=\"(max-width: 660px) 100vw, 660px\" \/><\/a><\/p>\n<p>&nbsp;<\/p>\n<p><strong>Tambi\u00e9n desde el\u00a0sat\u00e9lite\u00a0terra se\u00a0ve\u00eda\u00a0la nubosidad que ha afectado a la costa malague\u00f1a.<\/strong><\/p>\n<p><a href=\"https:\/\/blogs.diariosur.es\/tormentas-y-rayos\/2013\/06\/26\/tormenta-taladradorade-madrugada-en-avda-xxxiii-cruce-ortega-y-gasset-seguimos-con-el-temporal-de-levante\/captura-154\/\" rel=\"attachment wp-att-6126\"><img loading=\"lazy\" class=\"aligncenter size-full wp-image-6126\" title=\"Captura\" src=\"\/tormentas-y-rayos\/wp-content\/uploads\/sites\/12\/2013\/06\/Captura4.jpg\" alt=\"\" width=\"660\" height=\"448\" srcset=\"https:\/\/static-blogs.diariosur.es\/wp-content\/uploads\/sites\/12\/2013\/06\/Captura4.jpg 660w, https:\/\/static-blogs.diariosur.es\/wp-content\/uploads\/sites\/12\/2013\/06\/Captura4-589x400.jpg 589w\" sizes=\"(max-width: 660px) 100vw, 660px\" \/><\/a><\/p>\n<p><strong>La zona del Estrecho sigue en aviso amarillo por viento y\u00a0fen\u00f3menos\u00a0costeros. Y la verdad poco mas que contar amigos.<\/strong><\/p>\n<p><strong>Seguiremos con levante hasta el\u00a0s\u00e1bado, en el Valle del Guadalquivir seguiran con temperaturas cercanas a los 38 grados. En M\u00e1laga Capital no pasaran de 26 o 27 grados. En el interior si llegaran a los 32 o mas, como es el caso de las Comarcas de Antequera y Ronda. Os dejo hasta el viernes amigos, espero que esta noche si se da alguna tormenta sea una\u00a0meteorol\u00f3gica\u00a0y no taladradora jejeje.,<\/strong><\/p>\n<p>&nbsp;<\/p>\n<p><img loading=\"lazy\" class=\"aligncenter\" src=\"\/tormentas-y-rayos\/wp-content\/uploads\/sites\/12\/2013\/06\/levante1.jpg\" alt=\"\" width=\"430\" height=\"526\" \/><\/p>\n","protected":false},"excerpt":{"rendered":"<p>Buenos dias amigos de la meteo, aunque para mi son malos dias. Una&#8221; tormenta taladradora&#8221; de pavimento que\u00a0empez\u00f3\u00a0a las once y media de la noche, ha estado taladrando\u00a0con alguna peque\u00f1a interrupci\u00f3n, hasta cerca de las cuatro de la ma\u00f1ana . El cruce de Juan XXXIII con Ortega y Gasset ha sido donde la tormenta no [&hellip;]<\/p>\n","protected":false},"author":16,"featured_media":6129,"comment_status":"open","ping_status":"open","sticky":false,"template":"","format":"standard","meta":[],"categories":[2],"tags":[389,553,951,966,992],"_links":{"self":[{"href":"https:\/\/blogs.diariosur.es\/tormentas-y-rayos\/wp-json\/wp\/v2\/posts\/6122"}],"collection":[{"href":"https:\/\/blogs.diariosur.es\/tormentas-y-rayos\/wp-json\/wp\/v2\/posts"}],"about":[{"href":"https:\/\/blogs.diariosur.es\/tormentas-y-rayos\/wp-json\/wp\/v2\/types\/post"}],"author":[{"embeddable":true,"href":"https:\/\/blogs.diariosur.es\/tormentas-y-rayos\/wp-json\/wp\/v2\/users\/16"}],"replies":[{"embeddable":true,"href":"https:\/\/blogs.diariosur.es\/tormentas-y-rayos\/wp-json\/wp\/v2\/comments?post=6122"}],"version-history":[{"count":0,"href":"https:\/\/blogs.diariosur.es\/tormentas-y-rayos\/wp-json\/wp\/v2\/posts\/6122\/revisions"}],"wp:featuredmedia":[{"embeddable":true,"href":"https:\/\/blogs.diariosur.es\/tormentas-y-rayos\/wp-json\/wp\/v2\/media\/6129"}],"wp:attachment":[{"href":"https:\/\/blogs.diariosur.es\/tormentas-y-rayos\/wp-json\/wp\/v2\/media?parent=6122"}],"wp:term":[{"taxonomy":"category","embeddable":true,"href":"https:\/\/blogs.diariosur.es\/tormentas-y-rayos\/wp-json\/wp\/v2\/categories?post=6122"},{"taxonomy":"post_tag","embeddable":true,"href":"https:\/\/blogs.diariosur.es\/tormentas-y-rayos\/wp-json\/wp\/v2\/tags?post=6122"}],"curies":[{"name":"wp","href":"https:\/\/api.w.org\/{rel}","templated":true}]}}