{"id":6130,"date":"2013-06-28T07:25:40","date_gmt":"2013-06-28T05:25:40","guid":{"rendered":"http:\/\/blogs.diariosur.es\/tormentas-y-rayos\/?p=6130"},"modified":"2013-06-28T07:25:40","modified_gmt":"2013-06-28T05:25:40","slug":"prevision-del-tiempo-alerta-amarilla-y-naranja-por-viento-y-fenomenos-costeros-en-malaga-y-cadiz-este-fin-de-semana","status":"publish","type":"post","link":"https:\/\/blogs.diariosur.es\/tormentas-y-rayos\/2013\/06\/28\/prevision-del-tiempo-alerta-amarilla-y-naranja-por-viento-y-fenomenos-costeros-en-malaga-y-cadiz-este-fin-de-semana\/","title":{"rendered":"Previsi\u00f3n del tiempo. Alerta amarilla y naranja por viento y fen\u00f3menos costeros en M\u00e1laga y Cadiz este fin de semana."},"content":{"rendered":"<p><strong>Son las seis de la ma\u00f1ana, registro 19 grados y los cielos est\u00e1n despejados.<\/strong><\/p>\n<p><strong>Os doy la previsi\u00f3n del tiempo para este fin de semana y luego os pongo en una imagen de \u00a0las medias de temperaturas de Junio, Julio, Agosto y Septiembre.<\/strong><\/p>\n<p><strong>Como hab\u00e9is podido ya entrever por el titulo del post, el levante ser\u00e1 el protagonista el s\u00e1bado y el domingo en toda la costa andaluza. La aemet activa el aviso amarillo y naranja por vientos y fen\u00f3menos costeros. Sera la Costa Gaditana e interior de esta provincia donde las rachas de viento sean mas fuertes, as\u00ed como los fen\u00f3menos costeros. Las rachas de viento pueden superar los 100 km\/h.<\/strong><\/p>\n<p><a href=\"https:\/\/blogs.diariosur.es\/tormentas-y-rayos\/2013\/06\/28\/prevision-del-tiempo-alerta-amarilla-y-naranja-por-viento-y-fenomenos-costeros-en-malaga-y-cadiz-este-fin-de-semana\/20130627193000_avi_pmna_ccaa61\/\" rel=\"attachment wp-att-6131\"><img loading=\"lazy\" class=\"aligncenter size-full wp-image-6131\" title=\"20130627193000_avi_pmna_ccaa61\" src=\"\/tormentas-y-rayos\/wp-content\/uploads\/sites\/12\/2013\/06\/20130627193000_avi_pmna_ccaa61.png\" alt=\"\" width=\"500\" height=\"334\" \/><\/a><\/p>\n<p><strong>Tanto el s\u00e1bado como el domingo la mar de fondo ser\u00e1 la protagonista en nuestro litoral.\u00a0As\u00ed\u00a0que cuidado con la reseca que es muy traicionera ok?. Las temperaturas ir\u00e1n subiendo a partir del domingo y empezaremos las &#8220;rebajas&#8221; con\u00a0m\u00e1ximas\u00a0mas altas a partir del lunes en toda\u00a0Andaluc\u00eda.\u00a0Pero de esto ya hablaremos el lunes.<\/strong><\/p>\n<p><a href=\"https:\/\/blogs.diariosur.es\/tormentas-y-rayos\/2013\/06\/28\/prevision-del-tiempo-alerta-amarilla-y-naranja-por-viento-y-fenomenos-costeros-en-malaga-y-cadiz-este-fin-de-semana\/terralita-sudo-13\/\" rel=\"attachment wp-att-6132\"><img loading=\"lazy\" class=\"aligncenter size-full wp-image-6132\" title=\"terralita sudo\" src=\"\/tormentas-y-rayos\/wp-content\/uploads\/sites\/12\/2013\/06\/terralita-sudo1.jpg\" alt=\"\" width=\"450\" height=\"606\" srcset=\"https:\/\/static-blogs.diariosur.es\/wp-content\/uploads\/sites\/12\/2013\/06\/terralita-sudo1.jpg 450w, https:\/\/static-blogs.diariosur.es\/wp-content\/uploads\/sites\/12\/2013\/06\/terralita-sudo1-297x400.jpg 297w\" sizes=\"(max-width: 450px) 100vw, 450px\" \/><\/a><\/p>\n<p>&nbsp;<\/p>\n<p><strong>He recibido muchos correos y comentarios sobre las medias de temperaturas en verano en M\u00e1laga Capital. Mi amigo Edu de Almer\u00eda ( Vigorro jiji) me ha pasado estos datos del Aeropuerto de M\u00e1laga que son muy interesantes. Pod\u00e9is ver las medias ( absolutas,\u00a0m\u00e1ximas\u00a0y\u00a0m\u00ednimas) de los \u00faltimos 50 a\u00f1os, 30, \u00a0y 15 a\u00f1os del Aeropuerto Malague\u00f1o. Perdonar por lo de meximas.<\/strong><\/p>\n<p><a href=\"https:\/\/blogs.diariosur.es\/tormentas-y-rayos\/2013\/06\/28\/prevision-del-tiempo-alerta-amarilla-y-naranja-por-viento-y-fenomenos-costeros-en-malaga-y-cadiz-este-fin-de-semana\/medias-2\/\" rel=\"attachment wp-att-6133\"><img loading=\"lazy\" class=\"aligncenter size-medium wp-image-6133\" title=\"medias\" src=\"\/tormentas-y-rayos\/wp-content\/uploads\/sites\/12\/2013\/06\/medias.jpg\" alt=\"\" width=\"600\" height=\"165\" srcset=\"https:\/\/static-blogs.diariosur.es\/wp-content\/uploads\/sites\/12\/2013\/06\/medias.jpg 796w, https:\/\/static-blogs.diariosur.es\/wp-content\/uploads\/sites\/12\/2013\/06\/medias-640x176.jpg 640w, https:\/\/static-blogs.diariosur.es\/wp-content\/uploads\/sites\/12\/2013\/06\/medias-768x211.jpg 768w\" sizes=\"(max-width: 600px) 100vw, 600px\" \/><\/a><\/p>\n<p><strong>Curioso verdad amigos.<\/strong><\/p>\n<p><strong>Pues poco mas que contar, el s\u00e1bado \u00a0trabajo todo el dia y parte de la noche, las rebajas tienen la culpa. Nos vemos el lunes a primera hora de la ma\u00f1ana.<\/strong><\/p>\n<p><strong>Un abrazo y mucha suerte con los\u00a0ex\u00e1menes\u00a0 Juan.<\/strong><\/p>\n<p><strong>Os dejo con este amanecer desde Guadalmar de \u00a0hace unos meses<\/strong>.<\/p>\n<p><a href=\"https:\/\/blogs.diariosur.es\/tormentas-y-rayos\/2013\/06\/28\/prevision-del-tiempo-alerta-amarilla-y-naranja-por-viento-y-fenomenos-costeros-en-malaga-y-cadiz-este-fin-de-semana\/527610_4113911525071_1437158154_n\/\" rel=\"attachment wp-att-6135\"><img loading=\"lazy\" class=\"aligncenter size-full wp-image-6135\" title=\"527610_4113911525071_1437158154_n\" src=\"\/tormentas-y-rayos\/wp-content\/uploads\/sites\/12\/2013\/06\/527610_4113911525071_1437158154_n.jpg\" alt=\"\" width=\"660\" height=\"495\" srcset=\"https:\/\/static-blogs.diariosur.es\/wp-content\/uploads\/sites\/12\/2013\/06\/527610_4113911525071_1437158154_n.jpg 660w, https:\/\/static-blogs.diariosur.es\/wp-content\/uploads\/sites\/12\/2013\/06\/527610_4113911525071_1437158154_n-533x400.jpg 533w\" sizes=\"(max-width: 660px) 100vw, 660px\" \/><\/a><\/p>\n<p><strong>Un abrazo a todo<\/strong>s<\/p>\n","protected":false},"excerpt":{"rendered":"<p>Son las seis de la ma\u00f1ana, registro 19 grados y los cielos est\u00e1n despejados. Os doy la previsi\u00f3n del tiempo para este fin de semana y luego os pongo en una imagen de \u00a0las medias de temperaturas de Junio, Julio, Agosto y Septiembre. Como hab\u00e9is podido ya entrever por el titulo del post, el levante [&hellip;]<\/p>\n","protected":false},"author":16,"featured_media":6131,"comment_status":"open","ping_status":"open","sticky":false,"template":"","format":"standard","meta":[],"categories":[2],"tags":[63,91,100,204,288,389,406,553,587,676,809,980,1059],"_links":{"self":[{"href":"https:\/\/blogs.diariosur.es\/tormentas-y-rayos\/wp-json\/wp\/v2\/posts\/6130"}],"collection":[{"href":"https:\/\/blogs.diariosur.es\/tormentas-y-rayos\/wp-json\/wp\/v2\/posts"}],"about":[{"href":"https:\/\/blogs.diariosur.es\/tormentas-y-rayos\/wp-json\/wp\/v2\/types\/post"}],"author":[{"embeddable":true,"href":"https:\/\/blogs.diariosur.es\/tormentas-y-rayos\/wp-json\/wp\/v2\/users\/16"}],"replies":[{"embeddable":true,"href":"https:\/\/blogs.diariosur.es\/tormentas-y-rayos\/wp-json\/wp\/v2\/comments?post=6130"}],"version-history":[{"count":0,"href":"https:\/\/blogs.diariosur.es\/tormentas-y-rayos\/wp-json\/wp\/v2\/posts\/6130\/revisions"}],"wp:featuredmedia":[{"embeddable":true,"href":"https:\/\/blogs.diariosur.es\/tormentas-y-rayos\/wp-json\/wp\/v2\/media\/6131"}],"wp:attachment":[{"href":"https:\/\/blogs.diariosur.es\/tormentas-y-rayos\/wp-json\/wp\/v2\/media?parent=6130"}],"wp:term":[{"taxonomy":"category","embeddable":true,"href":"https:\/\/blogs.diariosur.es\/tormentas-y-rayos\/wp-json\/wp\/v2\/categories?post=6130"},{"taxonomy":"post_tag","embeddable":true,"href":"https:\/\/blogs.diariosur.es\/tormentas-y-rayos\/wp-json\/wp\/v2\/tags?post=6130"}],"curies":[{"name":"wp","href":"https:\/\/api.w.org\/{rel}","templated":true}]}}