{"id":6136,"date":"2013-06-30T20:58:15","date_gmt":"2013-06-30T18:58:15","guid":{"rendered":"http:\/\/blogs.diariosur.es\/tormentas-y-rayos\/?p=6136"},"modified":"2013-06-30T20:58:15","modified_gmt":"2013-06-30T18:58:15","slug":"probabilidad-de-tormentas-el-lunes-comienzan-las-rebajas-con-subidas-de-temperaturas","status":"publish","type":"post","link":"https:\/\/blogs.diariosur.es\/tormentas-y-rayos\/2013\/06\/30\/probabilidad-de-tormentas-el-lunes-comienzan-las-rebajas-con-subidas-de-temperaturas\/","title":{"rendered":"Probabilidad de tormentas el lunes. Comienzan las rebajas con subidas de temperaturas."},"content":{"rendered":"<p><strong>Buenas tardes amigos de la meteo.<\/strong><\/p>\n<p><strong>Son las siete y media de la tarde, registro 28 grados y los cielos est\u00e1n despejados. No pensaba actualizar el blog hasta ma\u00f1ana lunes, pero acabo de ver algunos modelos que dan alg\u00fan chubasco para nuestra provincia. Una l\u00ednea de inestabilidad puede traer algunas tormentas espor\u00e1dicas esta \u00a0proxima madrugada o primeras horas de la ma\u00f1ana. En el norte de\u00a0\u00c1frica\u00a0en estos momentos ya se dan como pod\u00e9is ver en esta imagen.<\/strong><\/p>\n<p><a href=\"https:\/\/blogs.diariosur.es\/tormentas-y-rayos\/2013\/06\/30\/probabilidad-de-tormentas-el-lunes-comienzan-las-rebajas-con-subidas-de-temperaturas\/webexterna_hrv_18-00\/\" rel=\"attachment wp-att-6137\"><img loading=\"lazy\" class=\"aligncenter size-medium wp-image-6137\" title=\"webexterna_HRV_[18-00]\" src=\"\/tormentas-y-rayos\/wp-content\/uploads\/sites\/12\/2013\/06\/webexterna_HRV_18-00.jpg\" alt=\"\" width=\"554\" height=\"400\" srcset=\"https:\/\/static-blogs.diariosur.es\/wp-content\/uploads\/sites\/12\/2013\/06\/webexterna_HRV_18-00.jpg 748w, https:\/\/static-blogs.diariosur.es\/wp-content\/uploads\/sites\/12\/2013\/06\/webexterna_HRV_18-00-554x400.jpg 554w\" sizes=\"(max-width: 554px) 100vw, 554px\" \/><\/a><\/p>\n<p>&nbsp;<\/p>\n<p><strong>Seguro que en estos momentos se ven en esa zona impresionantes cumulonimbus como el de la foto de portada. Este fot\u00f3n es de mi amigo Felipe G. Fuertes Rodr\u00edguez, es un impresionante cumulonimbus cazado en Beceite en agosto del a\u00f1o pasado. Ademas la foto ha sido seleccionada para el calendario europeo\u00a0meteorol\u00f3gico\u00a02014, sera portada del mes de julio.\u00a0<\/strong><\/p>\n<p><strong> Es una pasada la foto Felipe, gracias por compartirlo en el blog.<\/strong><\/p>\n<p><a href=\"https:\/\/blogs.diariosur.es\/tormentas-y-rayos\/2013\/06\/30\/probabilidad-de-tormentas-el-lunes-comienzan-las-rebajas-con-subidas-de-temperaturas\/foto-9\/\" rel=\"attachment wp-att-6139\"><img loading=\"lazy\" class=\"aligncenter size-full wp-image-6139\" title=\"Foto 9\" src=\"\/tormentas-y-rayos\/wp-content\/uploads\/sites\/12\/2013\/06\/Foto-9.jpg\" alt=\"\" width=\"660\" height=\"496\" srcset=\"https:\/\/static-blogs.diariosur.es\/wp-content\/uploads\/sites\/12\/2013\/06\/Foto-9.jpg 660w, https:\/\/static-blogs.diariosur.es\/wp-content\/uploads\/sites\/12\/2013\/06\/Foto-9-532x400.jpg 532w\" sizes=\"(max-width: 660px) 100vw, 660px\" \/><\/a><\/p>\n<p>&nbsp;<\/p>\n<p><strong>Ma\u00f1ana comienzan las rebajas de verano, pero no la de las temperaturas, se espera que a partir del\u00a0 mi\u00e9rcoles la dorsal africana tome protagonismo.\u00a0<strong>En el Valle del Guadalquivir se ir\u00e1n acercando a los 40 grados dentro de unos dias.<\/strong><\/strong><\/p>\n<p><span style=\"color: #0000ff;\"><strong> Aunque a mi la temperatura ya me ha subido, un virus veraniego me tiene con un resfriado impresionante. Unos compis del curro lo han repartido con muy mala idea, no quiero dar nombres pero empiezan por R y J. Jijijiji<\/strong><\/span><\/p>\n<p>&nbsp;<\/p>\n<p>&nbsp;<\/p>\n<p><strong>Como se esperaba la mar de fondo ha sido la protagonista este fin de semana. Incluso en la playa de la misericordia tuvieron que rescatar a un ba\u00f1ista, que mas tarde falleci\u00f3. La resaca es muy traicionera y todos debemos extremar la precauci\u00f3n cuando en M\u00e1laga hay mar de fondo levante. Os paso un video y una foto.<\/strong><\/p>\n<p><strong>Os dejo y me meto en la cama aunque sea solo las nueve. Achisssssssssssss<\/strong>ss<\/p>\n<p>&nbsp;<\/p>\n<p><iframe loading=\"lazy\" src=\"\/\/www.youtube.com\/embed\/H04dHwG0L7M\" frameborder=\"0\" width=\"640\" height=\"360\"><\/iframe><\/p>\n<p>&nbsp;<\/p>\n<p><a href=\"https:\/\/blogs.diariosur.es\/tormentas-y-rayos\/2013\/06\/30\/probabilidad-de-tormentas-el-lunes-comienzan-las-rebajas-con-subidas-de-temperaturas\/olympus-digital-camera-1375\/\" rel=\"attachment wp-att-6140\"><img loading=\"lazy\" class=\"aligncenter size-full wp-image-6140\" title=\"OLYMPUS DIGITAL CAMERA\" src=\"\/tormentas-y-rayos\/wp-content\/uploads\/sites\/12\/2013\/06\/007007.jpg\" alt=\"\" width=\"660\" height=\"495\" srcset=\"https:\/\/static-blogs.diariosur.es\/wp-content\/uploads\/sites\/12\/2013\/06\/007007.jpg 660w, https:\/\/static-blogs.diariosur.es\/wp-content\/uploads\/sites\/12\/2013\/06\/007007-533x400.jpg 533w\" sizes=\"(max-width: 660px) 100vw, 660px\" \/><\/a><\/p>\n","protected":false},"excerpt":{"rendered":"<p>Buenas tardes amigos de la meteo. Son las siete y media de la tarde, registro 28 grados y los cielos est\u00e1n despejados. No pensaba actualizar el blog hasta ma\u00f1ana lunes, pero acabo de ver algunos modelos que dan alg\u00fan chubasco para nuestra provincia. Una l\u00ednea de inestabilidad puede traer algunas tormentas espor\u00e1dicas esta \u00a0proxima madrugada [&hellip;]<\/p>\n","protected":false},"author":16,"featured_media":6139,"comment_status":"open","ping_status":"open","sticky":false,"template":"","format":"standard","meta":[],"categories":[2],"tags":[848,934,962,996],"_links":{"self":[{"href":"https:\/\/blogs.diariosur.es\/tormentas-y-rayos\/wp-json\/wp\/v2\/posts\/6136"}],"collection":[{"href":"https:\/\/blogs.diariosur.es\/tormentas-y-rayos\/wp-json\/wp\/v2\/posts"}],"about":[{"href":"https:\/\/blogs.diariosur.es\/tormentas-y-rayos\/wp-json\/wp\/v2\/types\/post"}],"author":[{"embeddable":true,"href":"https:\/\/blogs.diariosur.es\/tormentas-y-rayos\/wp-json\/wp\/v2\/users\/16"}],"replies":[{"embeddable":true,"href":"https:\/\/blogs.diariosur.es\/tormentas-y-rayos\/wp-json\/wp\/v2\/comments?post=6136"}],"version-history":[{"count":0,"href":"https:\/\/blogs.diariosur.es\/tormentas-y-rayos\/wp-json\/wp\/v2\/posts\/6136\/revisions"}],"wp:featuredmedia":[{"embeddable":true,"href":"https:\/\/blogs.diariosur.es\/tormentas-y-rayos\/wp-json\/wp\/v2\/media\/6139"}],"wp:attachment":[{"href":"https:\/\/blogs.diariosur.es\/tormentas-y-rayos\/wp-json\/wp\/v2\/media?parent=6136"}],"wp:term":[{"taxonomy":"category","embeddable":true,"href":"https:\/\/blogs.diariosur.es\/tormentas-y-rayos\/wp-json\/wp\/v2\/categories?post=6136"},{"taxonomy":"post_tag","embeddable":true,"href":"https:\/\/blogs.diariosur.es\/tormentas-y-rayos\/wp-json\/wp\/v2\/tags?post=6136"}],"curies":[{"name":"wp","href":"https:\/\/api.w.org\/{rel}","templated":true}]}}