{"id":6142,"date":"2013-07-03T07:42:19","date_gmt":"2013-07-03T05:42:19","guid":{"rendered":"http:\/\/blogs.diariosur.es\/tormentas-y-rayos\/?p=6142"},"modified":"2013-07-03T07:42:19","modified_gmt":"2013-07-03T05:42:19","slug":"primera-ola-de-calor-verano-2013-un-ano-sin-verano-alerta-naranja-por-altas-temperaturas","status":"publish","type":"post","link":"https:\/\/blogs.diariosur.es\/tormentas-y-rayos\/2013\/07\/03\/primera-ola-de-calor-verano-2013-un-ano-sin-verano-alerta-naranja-por-altas-temperaturas\/","title":{"rendered":"Primera ola de calor verano 2013. \u00bf Un a\u00f1o sin verano? Alerta naranja por altas temperaturas."},"content":{"rendered":"<p><strong>Buenos dias amigos de la meteo.<\/strong><\/p>\n<p><strong>Son las seis de la ma\u00f1ana, registro 22 grados y los cielos est\u00e1n despejados.<\/strong><\/p>\n<p><strong>Se confirma la primera ola de calor de este verano 2013. Antes de nada comentaros que se considera una ola de calor cuando se registran temperaturas muy altas durante un periodo prolongado.<\/strong><\/p>\n<p><a href=\"https:\/\/blogs.diariosur.es\/tormentas-y-rayos\/2013\/07\/03\/primera-ola-de-calor-verano-2013-un-ano-sin-verano-alerta-naranja-por-altas-temperaturas\/terralita-sudo-14\/\" rel=\"attachment wp-att-6145\"><img loading=\"lazy\" class=\"aligncenter size-full wp-image-6145\" title=\"terralita sudo\" src=\"\/tormentas-y-rayos\/wp-content\/uploads\/sites\/12\/2013\/07\/terralita-sudo.jpg\" alt=\"\" width=\"450\" height=\"606\" srcset=\"https:\/\/static-blogs.diariosur.es\/wp-content\/uploads\/sites\/12\/2013\/07\/terralita-sudo.jpg 450w, https:\/\/static-blogs.diariosur.es\/wp-content\/uploads\/sites\/12\/2013\/07\/terralita-sudo-297x400.jpg 297w\" sizes=\"(max-width: 450px) 100vw, 450px\" \/><\/a><\/p>\n<p>&nbsp;<\/p>\n<p><strong>A partir del jueves las temperaturas a 850 hpa ( 1500 metros) rondaran los 25 y 28 grados, esto har\u00e1 que las temperaturas en el Valle del Guadalquivir lleguen a los 40 grados, asi como tambi\u00e9n en Extremadura.<\/strong><\/p>\n<p><a href=\"https:\/\/blogs.diariosur.es\/tormentas-y-rayos\/2013\/07\/03\/primera-ola-de-calor-verano-2013-un-ano-sin-verano-alerta-naranja-por-altas-temperaturas\/ppppp\/\" rel=\"attachment wp-att-6151\"><img loading=\"lazy\" class=\"aligncenter size-medium wp-image-6151\" title=\"ppppp\" src=\"\/tormentas-y-rayos\/wp-content\/uploads\/sites\/12\/2013\/07\/ppppp.jpg\" alt=\"\" width=\"569\" height=\"400\" srcset=\"https:\/\/static-blogs.diariosur.es\/wp-content\/uploads\/sites\/12\/2013\/07\/ppppp.jpg 1000w, https:\/\/static-blogs.diariosur.es\/wp-content\/uploads\/sites\/12\/2013\/07\/ppppp-570x400.jpg 570w, https:\/\/static-blogs.diariosur.es\/wp-content\/uploads\/sites\/12\/2013\/07\/ppppp-768x539.jpg 768w\" sizes=\"(max-width: 569px) 100vw, 569px\" \/><\/a><\/p>\n<p><strong>La aemet activa el aviso naranja y amarillo por altas temperaturas en la provincia de Sevilla, C\u00f3rdoba, Ja\u00e9n y Badajoz. En la Comunidad de Madrid y Castilla la Mancha tambi\u00e9n se activa el aviso amarillo. <\/strong><\/p>\n<p><a href=\"https:\/\/blogs.diariosur.es\/tormentas-y-rayos\/2013\/07\/03\/primera-ola-de-calor-verano-2013-un-ano-sin-verano-alerta-naranja-por-altas-temperaturas\/alerta-18\/\" rel=\"attachment wp-att-6143\"><img loading=\"lazy\" class=\"aligncenter size-full wp-image-6143\" title=\"alerta\" src=\"\/tormentas-y-rayos\/wp-content\/uploads\/sites\/12\/2013\/07\/alerta.jpg\" alt=\"\" width=\"583\" height=\"434\" srcset=\"https:\/\/static-blogs.diariosur.es\/wp-content\/uploads\/sites\/12\/2013\/07\/alerta.jpg 583w, https:\/\/static-blogs.diariosur.es\/wp-content\/uploads\/sites\/12\/2013\/07\/alerta-537x400.jpg 537w\" sizes=\"(max-width: 583px) 100vw, 583px\" \/><\/a><\/p>\n<p>&nbsp;<\/p>\n<p><strong>La dorsal Africana que hasta ahora no ha querido entrar, ser\u00e1 la protagonista de momento hasta el jueves dia 11. Ya sab\u00e9is que una dorsal africana es una masa de aire c\u00e1lido que se adentra desde el norte de \u00c1frica hacia la peninsula. Habr\u00e1 d\u00edas que incluso las isos lleguen a los 30 grados y hay posibilidad de que los 43 o 44 grados se den en las provincias de Sevilla y C\u00f3rdoba.\u00a0<\/strong><\/p>\n<p><strong>Fijaros en este mapa previsto para el martes dia 9. Miedo me da.<\/strong><\/p>\n<p><a href=\"https:\/\/blogs.diariosur.es\/tormentas-y-rayos\/2013\/07\/03\/primera-ola-de-calor-verano-2013-un-ano-sin-verano-alerta-naranja-por-altas-temperaturas\/juevesv\/\" rel=\"attachment wp-att-6144\"><img loading=\"lazy\" class=\"aligncenter size-medium wp-image-6144\" title=\"juevesv\" src=\"\/tormentas-y-rayos\/wp-content\/uploads\/sites\/12\/2013\/07\/juevesv.png\" alt=\"\" width=\"487\" height=\"400\" srcset=\"https:\/\/static-blogs.diariosur.es\/wp-content\/uploads\/sites\/12\/2013\/07\/juevesv.png 790w, https:\/\/static-blogs.diariosur.es\/wp-content\/uploads\/sites\/12\/2013\/07\/juevesv-488x400.png 488w, https:\/\/static-blogs.diariosur.es\/wp-content\/uploads\/sites\/12\/2013\/07\/juevesv-768x630.png 768w\" sizes=\"(max-width: 487px) 100vw, 487px\" \/><\/a><\/p>\n<p><strong>En nuestra provincia malague\u00f1a ser\u00e1 el interior donde las temperaturas sobrepasen los 37 grados, como es el caso de la Comarca de Ronda y Antequera. En M\u00e1laga Capital llegaremos a los 30 o mas, \u00a0que unido a la alta humedad har\u00e1 que la sensaci\u00f3n t\u00e9rmica sea de mas calor. Las m\u00ednimas tambi\u00e9n ser\u00e1n altas por la noche y de madrugada, asi que sudaremos la gota gorda. El mar \u00a0que ba\u00f1a nuestra costa subir\u00e1 de temperatura y rondara los 24 grados.<\/strong><\/p>\n<p><strong>Yo hasta ahora estaba muy bien, pero un levante con temperaturas de 30 grados no me gusta nada.<\/strong>\u00a0<strong>Asi que pondremos al mu\u00f1equito que tanto os gusta.<\/strong><\/p>\n<p><a href=\"https:\/\/blogs.diariosur.es\/tormentas-y-rayos\/2013\/07\/03\/primera-ola-de-calor-verano-2013-un-ano-sin-verano-alerta-naranja-por-altas-temperaturas\/levante-14\/\" rel=\"attachment wp-att-6146\"><img loading=\"lazy\" class=\"aligncenter size-full wp-image-6146\" title=\"levante\" src=\"\/tormentas-y-rayos\/wp-content\/uploads\/sites\/12\/2013\/07\/levante.jpg\" alt=\"\" width=\"430\" height=\"526\" srcset=\"https:\/\/static-blogs.diariosur.es\/wp-content\/uploads\/sites\/12\/2013\/07\/levante.jpg 430w, https:\/\/static-blogs.diariosur.es\/wp-content\/uploads\/sites\/12\/2013\/07\/levante-327x400.jpg 327w\" sizes=\"(max-width: 430px) 100vw, 430px\" \/><\/a><\/p>\n<p>&nbsp;<\/p>\n<p><strong>Ya tenemos aqu\u00ed a nuestra primera ola de calor de un a\u00f1o sin verano. Dejamos de hablar de esto y os hago un peque\u00f1o resumen del lunes y el martes.<\/strong><\/p>\n<p><strong>Se cumpli\u00f3 lo que comentaba en el post que abr\u00ed el domingo por la noche ( por cierto estoy un pelin mejor del resfriao) y las tormentas fueron las protagonistas. El lunes pasaron cerca de la Costa Malague\u00f1a como pod\u00e9is ver en esta captura.<\/strong><\/p>\n<p><strong>\u00a0<\/strong><a href=\"https:\/\/blogs.diariosur.es\/tormentas-y-rayos\/2013\/07\/03\/primera-ola-de-calor-verano-2013-un-ano-sin-verano-alerta-naranja-por-altas-temperaturas\/201307011400_r79g\/\" rel=\"attachment wp-att-6147\"><img loading=\"lazy\" class=\"aligncenter size-full wp-image-6147\" title=\"201307011400_r79g\" src=\"\/tormentas-y-rayos\/wp-content\/uploads\/sites\/12\/2013\/07\/201307011400_r79g.gif\" alt=\"\" width=\"500\" height=\"500\" \/><\/a><\/p>\n<p>&nbsp;<\/p>\n<p><strong>Pero el martes si se dieron en nuestra provincia, incluso la zona del Torcal registro medio litro. \u00a0Os paso el mapa de rayos y una foto de la siete de la ma\u00f1ana.<\/strong><\/p>\n<p><a href=\"https:\/\/blogs.diariosur.es\/tormentas-y-rayos\/2013\/07\/03\/primera-ola-de-calor-verano-2013-un-ano-sin-verano-alerta-naranja-por-altas-temperaturas\/rayos-martes-2\/\" rel=\"attachment wp-att-6148\"><img loading=\"lazy\" class=\"aligncenter size-full wp-image-6148\" title=\"rayos martes\" src=\"\/tormentas-y-rayos\/wp-content\/uploads\/sites\/12\/2013\/07\/rayos-martes.gif\" alt=\"\" width=\"500\" height=\"500\" \/><\/a><\/p>\n<p><a href=\"https:\/\/blogs.diariosur.es\/tormentas-y-rayos\/2013\/07\/03\/primera-ola-de-calor-verano-2013-un-ano-sin-verano-alerta-naranja-por-altas-temperaturas\/captura-156\/\" rel=\"attachment wp-att-6149\"><img loading=\"lazy\" class=\"aligncenter size-medium wp-image-6149\" title=\"Captura\" src=\"\/tormentas-y-rayos\/wp-content\/uploads\/sites\/12\/2013\/07\/Captura.jpg\" alt=\"\" width=\"600\" height=\"146\" srcset=\"https:\/\/static-blogs.diariosur.es\/wp-content\/uploads\/sites\/12\/2013\/07\/Captura.jpg 1167w, https:\/\/static-blogs.diariosur.es\/wp-content\/uploads\/sites\/12\/2013\/07\/Captura-640x156.jpg 640w, https:\/\/static-blogs.diariosur.es\/wp-content\/uploads\/sites\/12\/2013\/07\/Captura-768x188.jpg 768w\" sizes=\"(max-width: 600px) 100vw, 600px\" \/><\/a><\/p>\n<p>&nbsp;<\/p>\n<p>&nbsp;<\/p>\n<p><a href=\"https:\/\/blogs.diariosur.es\/tormentas-y-rayos\/2013\/07\/03\/primera-ola-de-calor-verano-2013-un-ano-sin-verano-alerta-naranja-por-altas-temperaturas\/olympus-digital-camera-1376\/\" rel=\"attachment wp-att-6150\"><img loading=\"lazy\" class=\"aligncenter size-full wp-image-6150\" title=\"OLYMPUS DIGITAL CAMERA\" src=\"\/tormentas-y-rayos\/wp-content\/uploads\/sites\/12\/2013\/07\/004004.jpg\" alt=\"\" width=\"660\" height=\"495\" srcset=\"https:\/\/static-blogs.diariosur.es\/wp-content\/uploads\/sites\/12\/2013\/07\/004004.jpg 660w, https:\/\/static-blogs.diariosur.es\/wp-content\/uploads\/sites\/12\/2013\/07\/004004-533x400.jpg 533w\" sizes=\"(max-width: 660px) 100vw, 660px\" \/><\/a><\/p>\n<p><strong>Durante la tarde noche del martes, fue la provincia de Granada donde las tormentas fueron las protagonistas. Dejando 8 litros en Capileira.<\/strong><\/p>\n<p><strong>Poco mas que contar amigos, estoy a la espera de ver como se ha portado junio cuando la aemet saque el resumen. Viendo los datos que ha puesto Juan en un comentario ha sido mas fresco de lo habitual en un mes de junio. Aunque me falta la media absoluta del mes.<\/strong><\/p>\n<p><strong>OS PASO LAS MEDIAS Y LA\u00a0VALORACI\u00d3N\u00a0QUE LA AEMET HA DADO A\u00a0ANDALUC\u00cdA.<\/strong><\/p>\n<p><a href=\"https:\/\/blogs.diariosur.es\/tormentas-y-rayos\/2013\/07\/03\/primera-ola-de-calor-verano-2013-un-ano-sin-verano-alerta-naranja-por-altas-temperaturas\/media\/\" rel=\"attachment wp-att-6155\"><img loading=\"lazy\" class=\"aligncenter size-medium wp-image-6155\" title=\"media\" src=\"\/tormentas-y-rayos\/wp-content\/uploads\/sites\/12\/2013\/07\/media.jpg\" alt=\"\" width=\"517\" height=\"400\" srcset=\"https:\/\/static-blogs.diariosur.es\/wp-content\/uploads\/sites\/12\/2013\/07\/media.jpg 769w, https:\/\/static-blogs.diariosur.es\/wp-content\/uploads\/sites\/12\/2013\/07\/media-518x400.jpg 518w, https:\/\/static-blogs.diariosur.es\/wp-content\/uploads\/sites\/12\/2013\/07\/media-768x593.jpg 768w\" sizes=\"(max-width: 517px) 100vw, 517px\" \/><\/a><\/p>\n<p>&nbsp;<\/p>\n<p><a href=\"https:\/\/blogs.diariosur.es\/tormentas-y-rayos\/2013\/07\/03\/primera-ola-de-calor-verano-2013-un-ano-sin-verano-alerta-naranja-por-altas-temperaturas\/rec\/\" rel=\"attachment wp-att-6156\"><img loading=\"lazy\" class=\"aligncenter size-medium wp-image-6156\" title=\"rec\" src=\"\/tormentas-y-rayos\/wp-content\/uploads\/sites\/12\/2013\/07\/rec.jpg\" alt=\"\" width=\"600\" height=\"381\" srcset=\"https:\/\/static-blogs.diariosur.es\/wp-content\/uploads\/sites\/12\/2013\/07\/rec.jpg 797w, https:\/\/static-blogs.diariosur.es\/wp-content\/uploads\/sites\/12\/2013\/07\/rec-629x400.jpg 629w, https:\/\/static-blogs.diariosur.es\/wp-content\/uploads\/sites\/12\/2013\/07\/rec-768x489.jpg 768w\" sizes=\"(max-width: 600px) 100vw, 600px\" \/><\/a><\/p>\n","protected":false},"excerpt":{"rendered":"<p>Buenos dias amigos de la meteo. Son las seis de la ma\u00f1ana, registro 22 grados y los cielos est\u00e1n despejados. Se confirma la primera ola de calor de este verano 2013. Antes de nada comentaros que se considera una ola de calor cuando se registran temperaturas muy altas durante un periodo prolongado. &nbsp; A partir [&hellip;]<\/p>\n","protected":false},"author":16,"featured_media":6143,"comment_status":"open","ping_status":"open","sticky":false,"template":"","format":"standard","meta":[],"categories":[2],"tags":[13,63,81,109,676,734,921,962,1052],"_links":{"self":[{"href":"https:\/\/blogs.diariosur.es\/tormentas-y-rayos\/wp-json\/wp\/v2\/posts\/6142"}],"collection":[{"href":"https:\/\/blogs.diariosur.es\/tormentas-y-rayos\/wp-json\/wp\/v2\/posts"}],"about":[{"href":"https:\/\/blogs.diariosur.es\/tormentas-y-rayos\/wp-json\/wp\/v2\/types\/post"}],"author":[{"embeddable":true,"href":"https:\/\/blogs.diariosur.es\/tormentas-y-rayos\/wp-json\/wp\/v2\/users\/16"}],"replies":[{"embeddable":true,"href":"https:\/\/blogs.diariosur.es\/tormentas-y-rayos\/wp-json\/wp\/v2\/comments?post=6142"}],"version-history":[{"count":0,"href":"https:\/\/blogs.diariosur.es\/tormentas-y-rayos\/wp-json\/wp\/v2\/posts\/6142\/revisions"}],"wp:featuredmedia":[{"embeddable":true,"href":"https:\/\/blogs.diariosur.es\/tormentas-y-rayos\/wp-json\/wp\/v2\/media\/6143"}],"wp:attachment":[{"href":"https:\/\/blogs.diariosur.es\/tormentas-y-rayos\/wp-json\/wp\/v2\/media?parent=6142"}],"wp:term":[{"taxonomy":"category","embeddable":true,"href":"https:\/\/blogs.diariosur.es\/tormentas-y-rayos\/wp-json\/wp\/v2\/categories?post=6142"},{"taxonomy":"post_tag","embeddable":true,"href":"https:\/\/blogs.diariosur.es\/tormentas-y-rayos\/wp-json\/wp\/v2\/tags?post=6142"}],"curies":[{"name":"wp","href":"https:\/\/api.w.org\/{rel}","templated":true}]}}