{"id":6157,"date":"2013-07-05T07:37:25","date_gmt":"2013-07-05T05:37:25","guid":{"rendered":"http:\/\/blogs.diariosur.es\/tormentas-y-rayos\/?p=6157"},"modified":"2013-07-05T07:37:25","modified_gmt":"2013-07-05T05:37:25","slug":"la-aemet-activa-un-aviso-especial-de-ola-de-calor-en-espana-malaga-se-libra-de-esta-ola-de-calor-gracias-al-levante","status":"publish","type":"post","link":"https:\/\/blogs.diariosur.es\/tormentas-y-rayos\/2013\/07\/05\/la-aemet-activa-un-aviso-especial-de-ola-de-calor-en-espana-malaga-se-libra-de-esta-ola-de-calor-gracias-al-levante\/","title":{"rendered":"La AEMET activa un aviso especial de ola de calor en Espa\u00f1a. M\u00e1laga se libra de esta ola de calor gracias al levante."},"content":{"rendered":"<p><strong>Buenos dias amigos de la meteo. Son las seis de la ma\u00f1ana, registro 21 grados y los cielos est\u00e1n poco nubosos. La humedad ahora mismo es del 79%, a mi ya me caen los goterones de sudor jijijij.<\/strong><\/p>\n<p><strong>\u00a0La aemet ha sacado un aviso especial de ola de calor que durara aproximadamente 10 d\u00edas.<\/strong><\/p>\n<p>&nbsp;<\/p>\n<p>&nbsp;<\/p>\n<p><a href=\"https:\/\/blogs.diariosur.es\/tormentas-y-rayos\/2013\/07\/05\/la-aemet-activa-un-aviso-especial-de-ola-de-calor-en-espana-malaga-se-libra-de-esta-ola-de-calor-gracias-al-levante\/ola-de-calor-2\/\" rel=\"attachment wp-att-6158\"><img loading=\"lazy\" class=\"aligncenter size-large wp-image-6158\" title=\"ola de calor\" src=\"\/tormentas-y-rayos\/wp-content\/uploads\/sites\/12\/2013\/07\/ola-de-calor.jpg\" alt=\"\" width=\"625\" height=\"600\" srcset=\"https:\/\/static-blogs.diariosur.es\/wp-content\/uploads\/sites\/12\/2013\/07\/ola-de-calor.jpg 725w, https:\/\/static-blogs.diariosur.es\/wp-content\/uploads\/sites\/12\/2013\/07\/ola-de-calor-417x400.jpg 417w\" sizes=\"(max-width: 625px) 100vw, 625px\" \/><\/a><\/p>\n<p>&nbsp;<\/p>\n<p><a href=\"https:\/\/blogs.diariosur.es\/tormentas-y-rayos\/2013\/07\/05\/la-aemet-activa-un-aviso-especial-de-ola-de-calor-en-espana-malaga-se-libra-de-esta-ola-de-calor-gracias-al-levante\/terralita-sudo-15\/\" rel=\"attachment wp-att-6160\"><img loading=\"lazy\" class=\"aligncenter size-full wp-image-6160\" title=\"terralita sudo\" src=\"\/tormentas-y-rayos\/wp-content\/uploads\/sites\/12\/2013\/07\/terralita-sudo1.jpg\" alt=\"\" width=\"450\" height=\"606\" srcset=\"https:\/\/static-blogs.diariosur.es\/wp-content\/uploads\/sites\/12\/2013\/07\/terralita-sudo1.jpg 450w, https:\/\/static-blogs.diariosur.es\/wp-content\/uploads\/sites\/12\/2013\/07\/terralita-sudo1-297x400.jpg 297w\" sizes=\"(max-width: 450px) 100vw, 450px\" \/><\/a><\/p>\n<p><strong>La dorsal africana \u00a0desde el jueves ha\u00a0tra\u00eddo\u00a0 una masa de aire c\u00e1lido, que ha hecho subir las temperaturas a mas de 40 grados. Os pongo unos datos recogido \u00a0por mi amigo \u00a0Edu de las\u00a0m\u00e1ximas\u00a0del\u00a0jueves. Destaca El Granado en Huelva con 43.1 grados.<\/strong><\/p>\n<p><a href=\"https:\/\/blogs.diariosur.es\/tormentas-y-rayos\/2013\/07\/05\/la-aemet-activa-un-aviso-especial-de-ola-de-calor-en-espana-malaga-se-libra-de-esta-ola-de-calor-gracias-al-levante\/maximas\/\" rel=\"attachment wp-att-6162\"><img loading=\"lazy\" class=\"aligncenter size-full wp-image-6162\" title=\"maximas\" src=\"\/tormentas-y-rayos\/wp-content\/uploads\/sites\/12\/2013\/07\/maximas.jpg\" alt=\"\" width=\"372\" height=\"586\" srcset=\"https:\/\/static-blogs.diariosur.es\/wp-content\/uploads\/sites\/12\/2013\/07\/maximas.jpg 372w, https:\/\/static-blogs.diariosur.es\/wp-content\/uploads\/sites\/12\/2013\/07\/maximas-254x400.jpg 254w\" sizes=\"(max-width: 372px) 100vw, 372px\" \/><\/a><\/p>\n<p>&nbsp;<\/p>\n<p>&nbsp;<\/p>\n<p><strong>Como se\u00a0prev\u00e9 que estas temperaturas\u00a0est\u00e9n\u00a0durante<span style=\"color: #ff0000;\"> casi diez dias o mas<\/span>, \u00a0la aemet activa el aviso de ola de calor \u00a0en el Valle del Guadalquivir, Extremadura e interior de Galicia.\u00a0<\/strong><\/p>\n<p><strong>Las isos a 850 hpa \u00a0(1500 metros) rondaran los 28 grados e incluso mas. Tambi\u00e9n la zona de Castilla la Mancha ,Valle del Ebro \u00a0y Canarias sufrir\u00e1n esta ola de calor. Os paso un mapa previsto para el domingo, es bestial.\u00a0<\/strong><\/p>\n<p><a href=\"https:\/\/blogs.diariosur.es\/tormentas-y-rayos\/2013\/07\/05\/la-aemet-activa-un-aviso-especial-de-ola-de-calor-en-espana-malaga-se-libra-de-esta-ola-de-calor-gracias-al-levante\/cana\/\" rel=\"attachment wp-att-6159\"><img loading=\"lazy\" class=\"aligncenter size-medium wp-image-6159\" title=\"cana\" src=\"\/tormentas-y-rayos\/wp-content\/uploads\/sites\/12\/2013\/07\/cana.jpg\" alt=\"\" width=\"522\" height=\"400\" srcset=\"https:\/\/static-blogs.diariosur.es\/wp-content\/uploads\/sites\/12\/2013\/07\/cana.jpg 791w, https:\/\/static-blogs.diariosur.es\/wp-content\/uploads\/sites\/12\/2013\/07\/cana-522x400.jpg 522w, https:\/\/static-blogs.diariosur.es\/wp-content\/uploads\/sites\/12\/2013\/07\/cana-768x588.jpg 768w\" sizes=\"(max-width: 522px) 100vw, 522px\" \/><\/a><\/p>\n<p>&nbsp;<\/p>\n<p>&nbsp;<\/p>\n<p><strong>Lo particular de este episodio es la duraci\u00f3n amigos, ya que en verano es normal tener 40 o 41 grados en Andaluc\u00eda.\u00a0<\/strong><\/p>\n<p><strong>El levante ser\u00e1 el protagonista tambi\u00e9n en el Estrecho y Mar de Albor\u00e1n ( aviso naranja y amarillo) , soplara con rachas muy fuertes. Cuidado de nuevo con la mar de fondo que se\u00a0dar\u00e1\u00a0estos dias.<\/strong><\/p>\n<p><a href=\"https:\/\/blogs.diariosur.es\/tormentas-y-rayos\/2013\/07\/05\/la-aemet-activa-un-aviso-especial-de-ola-de-calor-en-espana-malaga-se-libra-de-esta-ola-de-calor-gracias-al-levante\/20130705050000_avi_hoy_ccaa61\/\" rel=\"attachment wp-att-6163\"><img loading=\"lazy\" class=\"aligncenter size-full wp-image-6163\" title=\"20130705050000_avi_hoy_ccaa61\" src=\"\/tormentas-y-rayos\/wp-content\/uploads\/sites\/12\/2013\/07\/20130705050000_avi_hoy_ccaa61.png\" alt=\"\" width=\"500\" height=\"334\" \/><\/a><\/p>\n<p><strong><span style=\"color: #ff0000;\">La costa de M\u00e1laga se librara de esta ola de calor gracias al levante y las\u00a0m\u00e1ximas\u00a0en la capital no creo que pasen de 29 o 30 grados. En el interior de la provincia si subir\u00e1n mas y se pueden dar\u00a0m\u00e1ximas\u00a0cercanas a los 36 grados como es el caso de Ronda y Antequera . Miedo me da cuando cambie a terral, ya os avisare.<\/span><\/strong><\/p>\n<p><a href=\"https:\/\/blogs.diariosur.es\/tormentas-y-rayos\/2013\/07\/05\/la-aemet-activa-un-aviso-especial-de-ola-de-calor-en-espana-malaga-se-libra-de-esta-ola-de-calor-gracias-al-levante\/levante-15\/\" rel=\"attachment wp-att-6161\"><img loading=\"lazy\" class=\"aligncenter size-full wp-image-6161\" title=\"levante\" src=\"\/tormentas-y-rayos\/wp-content\/uploads\/sites\/12\/2013\/07\/levante1.jpg\" alt=\"\" width=\"430\" height=\"526\" srcset=\"https:\/\/static-blogs.diariosur.es\/wp-content\/uploads\/sites\/12\/2013\/07\/levante1.jpg 430w, https:\/\/static-blogs.diariosur.es\/wp-content\/uploads\/sites\/12\/2013\/07\/levante1-327x400.jpg 327w\" sizes=\"(max-width: 430px) 100vw, 430px\" \/><\/a><\/p>\n<p>&nbsp;<\/p>\n<p><strong>El lunes con mas tiempo os\u00a0pondr\u00e9\u00a0el resumen del mes de junio de las medias absolutas que se han dado en\u00a0Andaluc\u00eda. Ya\u00a0sab\u00e9is\u00a0que ando muy liado con las rebajas, ademas el\u00a0s\u00e1bado\u00a0y el domingo curro. Paqui Carnero quiere compartir este fot\u00f3n con todos nosotros, es el amanecer del pasado\u00a0mi\u00e9rcoles.<\/strong><\/p>\n<p><a href=\"https:\/\/blogs.diariosur.es\/tormentas-y-rayos\/2013\/07\/05\/la-aemet-activa-un-aviso-especial-de-ola-de-calor-en-espana-malaga-se-libra-de-esta-ola-de-calor-gracias-al-levante\/1013133_4988683445822_1131736903_n\/\" rel=\"attachment wp-att-6167\"><img loading=\"lazy\" class=\"aligncenter size-full wp-image-6167\" title=\"1013133_4988683445822_1131736903_n\" src=\"\/tormentas-y-rayos\/wp-content\/uploads\/sites\/12\/2013\/07\/1013133_4988683445822_1131736903_n.jpg\" alt=\"\" width=\"660\" height=\"495\" srcset=\"https:\/\/static-blogs.diariosur.es\/wp-content\/uploads\/sites\/12\/2013\/07\/1013133_4988683445822_1131736903_n.jpg 660w, https:\/\/static-blogs.diariosur.es\/wp-content\/uploads\/sites\/12\/2013\/07\/1013133_4988683445822_1131736903_n-533x400.jpg 533w\" sizes=\"(max-width: 660px) 100vw, 660px\" \/><\/a><\/p>\n<p><strong>Poco mas que contar amigos de la meteo, gracias al levante la Costa Malague\u00f1a, Granadina y Almeriense se librara de estas altas temperaturas. Fuente Aemet<\/strong><\/p>\n<p><a href=\"https:\/\/blogs.diariosur.es\/tormentas-y-rayos\/2013\/07\/05\/la-aemet-activa-un-aviso-especial-de-ola-de-calor-en-espana-malaga-se-libra-de-esta-ola-de-calor-gracias-al-levante\/vv\/\" rel=\"attachment wp-att-6165\"><img loading=\"lazy\" class=\"aligncenter size-medium wp-image-6165\" title=\"vv\" src=\"\/tormentas-y-rayos\/wp-content\/uploads\/sites\/12\/2013\/07\/vv.jpg\" alt=\"\" width=\"584\" height=\"400\" srcset=\"https:\/\/static-blogs.diariosur.es\/wp-content\/uploads\/sites\/12\/2013\/07\/vv.jpg 798w, https:\/\/static-blogs.diariosur.es\/wp-content\/uploads\/sites\/12\/2013\/07\/vv-585x400.jpg 585w, https:\/\/static-blogs.diariosur.es\/wp-content\/uploads\/sites\/12\/2013\/07\/vv-768x525.jpg 768w\" sizes=\"(max-width: 584px) 100vw, 584px\" \/><\/a><\/p>\n<p><strong>Por contra la zona del Valle del Guadalquivir e interior de Huelva llegaran a los 40 grados o mas. Hasta el lunes\u00a0<\/strong><\/p>\n<p>&nbsp;<\/p>\n<p><a href=\"https:\/\/blogs.diariosur.es\/tormentas-y-rayos\/2013\/07\/05\/la-aemet-activa-un-aviso-especial-de-ola-de-calor-en-espana-malaga-se-libra-de-esta-ola-de-calor-gracias-al-levante\/vierness\/\" rel=\"attachment wp-att-6166\"><img loading=\"lazy\" class=\"aligncenter size-medium wp-image-6166\" title=\"vierness\" src=\"\/tormentas-y-rayos\/wp-content\/uploads\/sites\/12\/2013\/07\/vierness.jpg\" alt=\"\" width=\"573\" height=\"400\" srcset=\"https:\/\/static-blogs.diariosur.es\/wp-content\/uploads\/sites\/12\/2013\/07\/vierness.jpg 810w, https:\/\/static-blogs.diariosur.es\/wp-content\/uploads\/sites\/12\/2013\/07\/vierness-573x400.jpg 573w, https:\/\/static-blogs.diariosur.es\/wp-content\/uploads\/sites\/12\/2013\/07\/vierness-768x536.jpg 768w\" sizes=\"(max-width: 573px) 100vw, 573px\" \/><\/a><\/p>\n","protected":false},"excerpt":{"rendered":"<p>Buenos dias amigos de la meteo. Son las seis de la ma\u00f1ana, registro 21 grados y los cielos est\u00e1n poco nubosos. La humedad ahora mismo es del 79%, a mi ya me caen los goterones de sudor jijijij. \u00a0La aemet ha sacado un aviso especial de ola de calor que durara aproximadamente 10 d\u00edas. &nbsp; [&hellip;]<\/p>\n","protected":false},"author":16,"featured_media":6168,"comment_status":"open","ping_status":"open","sticky":false,"template":"","format":"standard","meta":[],"categories":[2],"tags":[46,151,212,375,376,587,732],"_links":{"self":[{"href":"https:\/\/blogs.diariosur.es\/tormentas-y-rayos\/wp-json\/wp\/v2\/posts\/6157"}],"collection":[{"href":"https:\/\/blogs.diariosur.es\/tormentas-y-rayos\/wp-json\/wp\/v2\/posts"}],"about":[{"href":"https:\/\/blogs.diariosur.es\/tormentas-y-rayos\/wp-json\/wp\/v2\/types\/post"}],"author":[{"embeddable":true,"href":"https:\/\/blogs.diariosur.es\/tormentas-y-rayos\/wp-json\/wp\/v2\/users\/16"}],"replies":[{"embeddable":true,"href":"https:\/\/blogs.diariosur.es\/tormentas-y-rayos\/wp-json\/wp\/v2\/comments?post=6157"}],"version-history":[{"count":0,"href":"https:\/\/blogs.diariosur.es\/tormentas-y-rayos\/wp-json\/wp\/v2\/posts\/6157\/revisions"}],"wp:featuredmedia":[{"embeddable":true,"href":"https:\/\/blogs.diariosur.es\/tormentas-y-rayos\/wp-json\/wp\/v2\/media\/6168"}],"wp:attachment":[{"href":"https:\/\/blogs.diariosur.es\/tormentas-y-rayos\/wp-json\/wp\/v2\/media?parent=6157"}],"wp:term":[{"taxonomy":"category","embeddable":true,"href":"https:\/\/blogs.diariosur.es\/tormentas-y-rayos\/wp-json\/wp\/v2\/categories?post=6157"},{"taxonomy":"post_tag","embeddable":true,"href":"https:\/\/blogs.diariosur.es\/tormentas-y-rayos\/wp-json\/wp\/v2\/tags?post=6157"}],"curies":[{"name":"wp","href":"https:\/\/api.w.org\/{rel}","templated":true}]}}