{"id":6176,"date":"2013-07-10T07:46:11","date_gmt":"2013-07-10T05:46:11","guid":{"rendered":"http:\/\/blogs.diariosur.es\/tormentas-y-rayos\/?p=6176"},"modified":"2013-07-10T07:46:11","modified_gmt":"2013-07-10T05:46:11","slug":"el-calor-y-las-tormentas-veraniegas-protagonistas-respiro-en-galicia","status":"publish","type":"post","link":"https:\/\/blogs.diariosur.es\/tormentas-y-rayos\/2013\/07\/10\/el-calor-y-las-tormentas-veraniegas-protagonistas-respiro-en-galicia\/","title":{"rendered":"El calor y las tormentas veraniegas protagonistas. Respiro en Galicia."},"content":{"rendered":"<p><strong>Buenos d\u00edas amigos amigos de la meteo, son las seis de la ma\u00f1ana registro 24 grados y tengo las pilas cargadas, !!si amigos!! las pilas cargadas\u00a0meteorol\u00f3gicas\u00a0jijiji<span style=\"color: #0000ff;\">. Primero<\/span>, \u00a0porque disfrute con mis hijas y mi pareja de un estupendo almuerzo, y que conste en acta que Lidia y Estefan\u00eda nos invitaron jiji. Y no os met\u00e1is con mi camisa, porque no tiene nada que ver con el mantel ehhhhhhhhhh. Un besito princesas.<\/strong><\/p>\n<p><a href=\"https:\/\/blogs.diariosur.es\/tormentas-y-rayos\/2013\/07\/10\/el-calor-y-las-tormentas-veraniegas-protagonistas-respiro-en-galicia\/olympus-digital-camera-1377\/\" rel=\"attachment wp-att-6177\"><img loading=\"lazy\" class=\"aligncenter size-full wp-image-6177\" title=\"OLYMPUS DIGITAL CAMERA\" src=\"\/tormentas-y-rayos\/wp-content\/uploads\/sites\/12\/2013\/07\/blog.jpg\" alt=\"\" width=\"660\" height=\"505\" srcset=\"https:\/\/static-blogs.diariosur.es\/wp-content\/uploads\/sites\/12\/2013\/07\/blog.jpg 660w, https:\/\/static-blogs.diariosur.es\/wp-content\/uploads\/sites\/12\/2013\/07\/blog-523x400.jpg 523w\" sizes=\"(max-width: 660px) 100vw, 660px\" \/><\/a><\/p>\n<p><strong>Y lo <span style=\"color: #0000ff;\">segundo<\/span> porque me di el primer ba\u00f1o de vera<\/strong><strong>no completo. El agua a las diez de la ma\u00f1ana estaba estupenda, concretamente marcaba 23,5 grados. Hab\u00eda\u00a0<strong>\u00a0un poquitin de mar de fondo, pero muy poca cosa.\u00a0<\/strong><\/strong><\/p>\n<p><strong><a href=\"https:\/\/blogs.diariosur.es\/tormentas-y-rayos\/2013\/07\/10\/el-calor-y-las-tormentas-veraniegas-protagonistas-respiro-en-galicia\/attachment\/010010\/\" rel=\"attachment wp-att-6186\"><img loading=\"lazy\" class=\"aligncenter size-full wp-image-6186\" title=\"010010\" src=\"\/tormentas-y-rayos\/wp-content\/uploads\/sites\/12\/2013\/07\/010010.jpg\" alt=\"\" width=\"660\" height=\"440\" srcset=\"https:\/\/static-blogs.diariosur.es\/wp-content\/uploads\/sites\/12\/2013\/07\/010010.jpg 660w, https:\/\/static-blogs.diariosur.es\/wp-content\/uploads\/sites\/12\/2013\/07\/010010-600x400.jpg 600w\" sizes=\"(max-width: 660px) 100vw, 660px\" \/><\/a><a href=\"https:\/\/blogs.diariosur.es\/tormentas-y-rayos\/2013\/07\/10\/el-calor-y-las-tormentas-veraniegas-protagonistas-respiro-en-galicia\/attachment\/008008\/\" rel=\"attachment wp-att-6178\"><br \/>\n<\/a><\/strong><\/p>\n<p>&nbsp;<\/p>\n<p><strong>La m\u00e1xima del martes en M\u00e1laga en la zona de teatinos fue de 31,2 grados a los dos de la tarde, en la zona del puerto la m\u00e1xima fue de 30 grados, pero se dio<span style=\"color: #ff0000;\"> a las 10 y media de la ma\u00f1ana.<\/span> En esos momentos hab\u00eda una peque\u00f1a reboza de terral en esa zona. Os puedo asegurar que era asi, yo estaba en la playa de la misericordia y a las diez de la ma\u00f1ana\u00a0ten\u00edamos\u00a0esa temperatura. A los pocos minutos\u00a0empez\u00f3\u00a0a bajar por las brisas de levante.<\/strong><\/p>\n<p><strong>Os paso el\u00a0gr\u00e1fico\u00a0del puerto y del aeropuerto, impresionante. Fuente aemet<\/strong><\/p>\n<p>&nbsp;<\/p>\n<p><a href=\"https:\/\/blogs.diariosur.es\/tormentas-y-rayos\/2013\/07\/10\/el-calor-y-las-tormentas-veraniegas-protagonistas-respiro-en-galicia\/maximaaa\/\" rel=\"attachment wp-att-6188\"><img loading=\"lazy\" class=\"aligncenter size-full wp-image-6188\" title=\"maximaaa\" src=\"\/tormentas-y-rayos\/wp-content\/uploads\/sites\/12\/2013\/07\/maximaaa.jpg\" alt=\"\" width=\"448\" height=\"182\" \/><\/a><\/p>\n<p><a href=\"https:\/\/blogs.diariosur.es\/tormentas-y-rayos\/2013\/07\/10\/el-calor-y-las-tormentas-veraniegas-protagonistas-respiro-en-galicia\/puerto-10\/\" rel=\"attachment wp-att-6180\"><img loading=\"lazy\" class=\"aligncenter size-medium wp-image-6180\" title=\"puerto\" src=\"\/tormentas-y-rayos\/wp-content\/uploads\/sites\/12\/2013\/07\/puerto.jpg\" alt=\"\" width=\"600\" height=\"262\" srcset=\"https:\/\/static-blogs.diariosur.es\/wp-content\/uploads\/sites\/12\/2013\/07\/puerto.jpg 719w, https:\/\/static-blogs.diariosur.es\/wp-content\/uploads\/sites\/12\/2013\/07\/puerto-640x279.jpg 640w\" sizes=\"(max-width: 600px) 100vw, 600px\" \/><\/a><a href=\"https:\/\/blogs.diariosur.es\/tormentas-y-rayos\/2013\/07\/10\/el-calor-y-las-tormentas-veraniegas-protagonistas-respiro-en-galicia\/aeropuerto-2\/\" rel=\"attachment wp-att-6181\"><img loading=\"lazy\" class=\"aligncenter size-medium wp-image-6181\" title=\"aeropuerto\" src=\"\/tormentas-y-rayos\/wp-content\/uploads\/sites\/12\/2013\/07\/aeropuerto.jpg\" alt=\"\" width=\"600\" height=\"252\" srcset=\"https:\/\/static-blogs.diariosur.es\/wp-content\/uploads\/sites\/12\/2013\/07\/aeropuerto.jpg 721w, https:\/\/static-blogs.diariosur.es\/wp-content\/uploads\/sites\/12\/2013\/07\/aeropuerto-640x269.jpg 640w\" sizes=\"(max-width: 600px) 100vw, 600px\" \/><\/a><\/p>\n<p>&nbsp;<\/p>\n<p>&nbsp;<\/p>\n<p><strong>EN ESTE OTRO\u00a0GR\u00c1FICO \u00a0DE VIENTO SE PUEDE VER CLARAMENTE COMO EN LA MADRUGADA\u00a0TEN\u00cdAMOS\u00a0REBOZAS DE TERRAL. FUENTE AEMET<\/strong><\/p>\n<p><a href=\"https:\/\/blogs.diariosur.es\/tormentas-y-rayos\/2013\/07\/10\/el-calor-y-las-tormentas-veraniegas-protagonistas-respiro-en-galicia\/viento-22\/\" rel=\"attachment wp-att-6182\"><img loading=\"lazy\" class=\"aligncenter size-medium wp-image-6182\" title=\"viento\" src=\"\/tormentas-y-rayos\/wp-content\/uploads\/sites\/12\/2013\/07\/viento.jpg\" alt=\"\" width=\"600\" height=\"260\" srcset=\"https:\/\/static-blogs.diariosur.es\/wp-content\/uploads\/sites\/12\/2013\/07\/viento.jpg 722w, https:\/\/static-blogs.diariosur.es\/wp-content\/uploads\/sites\/12\/2013\/07\/viento-640x278.jpg 640w\" sizes=\"(max-width: 600px) 100vw, 600px\" \/><\/a><\/p>\n<p>&nbsp;<\/p>\n<p><strong>Ayer me jarte de reir con mi hija Lidia cuando la llevaba en la moto al control que la EMT tiene en la Alameda. Era las ocho y media y\u00a0ten\u00edamos 25 grados como\u00a0pod\u00e9is\u00a0ver en el\u00a0gr\u00e1fico\u00a0de arriba, pues paso un mont\u00f3n de fr\u00edo en la moto jejeje, es muy friolera. Hasta hace un par de dias\u00a0dorm\u00eda\u00a0con pijama de invierno.<\/strong><\/p>\n<p><strong>Ayer tambi\u00e9n las tormentas veraniegas fueron las protagonistas en los Sistemas Monta\u00f1osos de \u00a0Andaluc\u00eda, Castilla La Mancha, Arag\u00f3n y Pirineos. Y si os soy sincero no las esperaba en\u00a0Andaluc\u00eda.\u00a0 \u00a0<\/strong><\/p>\n<p><strong> En la zona de C\u00f3rdoba,\u00a0Ja\u00e9n\u00a0 Granada y Almer\u00eda se dieron algunos chubascos. Esto se\u00a0debi\u00f3\u00a0a un peque\u00f1o \u00a0embolsamiento de \u00a0aire\u00a0fr\u00edo\u00a0en altura y con las temperaturas tan altas que hay, hacen que se desarrollen estos cumulonimbos. Los chubascos fueron\u00a0espor\u00e1dicos, en cambio los rayos y los truenos si fueron los protagonistas. Se llegaron a contabilizar ayer mas de 5000 rayos en la\u00a0pen\u00ednsula.<\/strong><\/p>\n<p><strong> Os paso el radar de lluvias, rayos , y una imagen del sat 24.<\/strong><\/p>\n<p><a href=\"https:\/\/blogs.diariosur.es\/tormentas-y-rayos\/2013\/07\/10\/el-calor-y-las-tormentas-veraniegas-protagonistas-respiro-en-galicia\/tormenta-cordoba\/\" rel=\"attachment wp-att-6183\"><img loading=\"lazy\" class=\"aligncenter size-full wp-image-6183\" title=\"tormenta cordoba\" src=\"\/tormentas-y-rayos\/wp-content\/uploads\/sites\/12\/2013\/07\/tormenta-cordoba.gif\" alt=\"\" width=\"480\" height=\"530\" \/><\/a><a href=\"https:\/\/blogs.diariosur.es\/tormentas-y-rayos\/2013\/07\/10\/el-calor-y-las-tormentas-veraniegas-protagonistas-respiro-en-galicia\/tormentas-2\/\" rel=\"attachment wp-att-6184\"><img loading=\"lazy\" class=\"aligncenter size-medium wp-image-6184\" title=\"tormentas\" src=\"\/tormentas-y-rayos\/wp-content\/uploads\/sites\/12\/2013\/07\/tormentas.jpg\" alt=\"\" width=\"520\" height=\"400\" srcset=\"https:\/\/static-blogs.diariosur.es\/wp-content\/uploads\/sites\/12\/2013\/07\/tormentas.jpg 763w, https:\/\/static-blogs.diariosur.es\/wp-content\/uploads\/sites\/12\/2013\/07\/tormentas-521x400.jpg 521w\" sizes=\"(max-width: 520px) 100vw, 520px\" \/><\/a><\/p>\n<p>&nbsp;<\/p>\n<p><strong><br \/>\n<\/strong><\/p>\n<p><a href=\"https:\/\/blogs.diariosur.es\/tormentas-y-rayos\/2013\/07\/10\/el-calor-y-las-tormentas-veraniegas-protagonistas-respiro-en-galicia\/rayosssssss\/\" rel=\"attachment wp-att-6187\"><img loading=\"lazy\" class=\"aligncenter size-full wp-image-6187\" title=\"RAYOSSSSSSS\" src=\"\/tormentas-y-rayos\/wp-content\/uploads\/sites\/12\/2013\/07\/RAYOSSSSSSS.gif\" alt=\"\" width=\"500\" height=\"500\" \/><\/a><\/p>\n<p><strong>Mi amigo Juan Carlos P\u00e9rez Gonz\u00e1lez quiere compartir este fot\u00f3n . Un impresionante yunque que se dio ayer Martes. \u00a0 La foto esta tirada desde la A 1 a la altura de El Vellon. En la zona Norte o Noroeste de la provincia de Guadalajara. Gracias Juan.<\/strong><\/p>\n<p><a href=\"https:\/\/blogs.diariosur.es\/tormentas-y-rayos\/2013\/07\/10\/el-calor-y-las-tormentas-veraniegas-protagonistas-respiro-en-galicia\/juna-carlos-perez-gonzalez\/\" rel=\"attachment wp-att-6189\"><img loading=\"lazy\" class=\"aligncenter size-full wp-image-6189\" title=\"juna carlos perez gonzalez\" src=\"\/tormentas-y-rayos\/wp-content\/uploads\/sites\/12\/2013\/07\/juna-carlos-perez-gonzalez.jpg\" alt=\"\" width=\"660\" height=\"495\" srcset=\"https:\/\/static-blogs.diariosur.es\/wp-content\/uploads\/sites\/12\/2013\/07\/juna-carlos-perez-gonzalez.jpg 660w, https:\/\/static-blogs.diariosur.es\/wp-content\/uploads\/sites\/12\/2013\/07\/juna-carlos-perez-gonzalez-533x400.jpg 533w\" sizes=\"(max-width: 660px) 100vw, 660px\" \/><\/a><\/p>\n<p><strong>Y como colof\u00f3n para terminar el dia de ayer, el pedazo de atardecer que tuvimos. El aire fr\u00edo en altura trajo estos bonitos cirros a M\u00e1laga Capital,\u00a0d\u00e1ndose\u00a0un precioso candilazo.<\/strong><\/p>\n<p><a href=\"https:\/\/blogs.diariosur.es\/tormentas-y-rayos\/2013\/07\/10\/el-calor-y-las-tormentas-veraniegas-protagonistas-respiro-en-galicia\/olympus-digital-camera-1378\/\" rel=\"attachment wp-att-6190\"><img loading=\"lazy\" class=\"aligncenter size-full wp-image-6190\" title=\"OLYMPUS DIGITAL CAMERA\" src=\"\/tormentas-y-rayos\/wp-content\/uploads\/sites\/12\/2013\/07\/014014.jpg\" alt=\"\" width=\"660\" height=\"495\" srcset=\"https:\/\/static-blogs.diariosur.es\/wp-content\/uploads\/sites\/12\/2013\/07\/014014.jpg 660w, https:\/\/static-blogs.diariosur.es\/wp-content\/uploads\/sites\/12\/2013\/07\/014014-533x400.jpg 533w\" sizes=\"(max-width: 660px) 100vw, 660px\" \/><\/a><\/p>\n<p>&nbsp;<\/p>\n<p>&nbsp;<\/p>\n<p><strong>Ahora son las siete \u00a0de la ma\u00f1ana y nuestro amigo Lui Garcia Marin de Diario de un Camale\u00f3n nos manda en directo el amanecer desde la playa de la misericordia, muy bonita Lui.<\/strong><\/p>\n<p><a href=\"https:\/\/blogs.diariosur.es\/tormentas-y-rayos\/2013\/07\/10\/el-calor-y-las-tormentas-veraniegas-protagonistas-respiro-en-galicia\/playa-misericordia\/\" rel=\"attachment wp-att-6193\"><img loading=\"lazy\" class=\"aligncenter size-full wp-image-6193\" title=\"PLAYA MISERICORDIA\" src=\"\/tormentas-y-rayos\/wp-content\/uploads\/sites\/12\/2013\/07\/PLAYA-MISERICORDIA.jpg\" alt=\"\" width=\"660\" height=\"495\" srcset=\"https:\/\/static-blogs.diariosur.es\/wp-content\/uploads\/sites\/12\/2013\/07\/PLAYA-MISERICORDIA.jpg 660w, https:\/\/static-blogs.diariosur.es\/wp-content\/uploads\/sites\/12\/2013\/07\/PLAYA-MISERICORDIA-533x400.jpg 533w\" sizes=\"(max-width: 660px) 100vw, 660px\" \/><\/a><\/p>\n<p>&nbsp;<\/p>\n<p>&nbsp;<\/p>\n<p>&nbsp;<\/p>\n<p><a href=\"https:\/\/blogs.diariosur.es\/tormentas-y-rayos\/2013\/07\/10\/el-calor-y-las-tormentas-veraniegas-protagonistas-respiro-en-galicia\/terralita-11\/\" rel=\"attachment wp-att-6194\"><img loading=\"lazy\" class=\"aligncenter size-full wp-image-6194\" title=\"terralita\" src=\"\/tormentas-y-rayos\/wp-content\/uploads\/sites\/12\/2013\/07\/terralita1.jpg\" alt=\"\" width=\"470\" height=\"570\" srcset=\"https:\/\/static-blogs.diariosur.es\/wp-content\/uploads\/sites\/12\/2013\/07\/terralita1.jpg 470w, https:\/\/static-blogs.diariosur.es\/wp-content\/uploads\/sites\/12\/2013\/07\/terralita1-330x400.jpg 330w\" sizes=\"(max-width: 470px) 100vw, 470px\" \/><\/a><\/p>\n<p>&nbsp;<\/p>\n<p><strong>Hoy mi\u00e9rcoles siguen activos los avisos amarillos y naranja por altas temperaturas y tormentas. Os paso el \u00a0mapa, fuente aemet.<\/strong><\/p>\n<p><strong>\u00a0<\/strong><a href=\"https:\/\/blogs.diariosur.es\/tormentas-y-rayos\/2013\/07\/10\/el-calor-y-las-tormentas-veraniegas-protagonistas-respiro-en-galicia\/menos-calor-galicia\/\" rel=\"attachment wp-att-6191\"><img loading=\"lazy\" class=\"aligncenter size-full wp-image-6191\" title=\"menos calor galicia\" src=\"\/tormentas-y-rayos\/wp-content\/uploads\/sites\/12\/2013\/07\/menos-calor-galicia.jpg\" alt=\"\" width=\"580\" height=\"433\" srcset=\"https:\/\/static-blogs.diariosur.es\/wp-content\/uploads\/sites\/12\/2013\/07\/menos-calor-galicia.jpg 580w, https:\/\/static-blogs.diariosur.es\/wp-content\/uploads\/sites\/12\/2013\/07\/menos-calor-galicia-536x400.jpg 536w\" sizes=\"(max-width: 580px) 100vw, 580px\" \/><\/a><\/p>\n<p><strong>Si os\u00a0fij\u00e1is\u00a0en los avisos,\u00a0ver\u00e9is\u00a0como Galicia ya no esta en alerta por altas temperaturas.<\/strong><\/p>\n<p><strong>En este otro mapa previsto para ma\u00f1ana jueves se ve claramente como la ola de calor casi toca a su fin, siendo\u00a0Andaluc\u00eda\u00a0y Castilla La Mancha donde las temperaturas\u00a0seguir\u00edan\u00a0altas, pero normales para el mes que estamos.<\/strong><\/p>\n<p><a href=\"https:\/\/blogs.diariosur.es\/tormentas-y-rayos\/2013\/07\/10\/el-calor-y-las-tormentas-veraniegas-protagonistas-respiro-en-galicia\/juevessss\/\" rel=\"attachment wp-att-6192\"><img loading=\"lazy\" class=\"aligncenter size-full wp-image-6192\" title=\"juevessss\" src=\"\/tormentas-y-rayos\/wp-content\/uploads\/sites\/12\/2013\/07\/juevessss.jpg\" alt=\"\" width=\"577\" height=\"431\" srcset=\"https:\/\/static-blogs.diariosur.es\/wp-content\/uploads\/sites\/12\/2013\/07\/juevessss.jpg 577w, https:\/\/static-blogs.diariosur.es\/wp-content\/uploads\/sites\/12\/2013\/07\/juevessss-535x400.jpg 535w\" sizes=\"(max-width: 577px) 100vw, 577px\" \/><\/a><\/p>\n<p><strong>La mala noticia, \u00a0que viendo mapas para el viernes y el\u00a0s\u00e1bado\u00a0 el terral puede ser el protagonista en M\u00e1laga Capital. Pero esto lo iremos viendo poco a poco. \u00a0El viernes a primera hora de la ma\u00f1ana veremos si se da o no.<\/strong><\/p>\n<p><strong>Hoy\u00a0mi\u00e9rcoles\u00a0y ma\u00f1ana jueves las\u00a0m\u00e1ximas\u00a0en la capital malague\u00f1a pasaran de los 30 grados, en algunos momentos tendremos rebozas de levante e incluso de terral. En los Sistemas Monta\u00f1osos de Granada se pueden dar\u00a0fen\u00f3menos\u00a0tormentosos, asi que cuidado a los que\u00a0vay\u00e1is\u00a0a esa zona. Las tormentas de verano son muy\u00a0peligrosas\u00a0en esa zona.<\/strong><\/p>\n<p>&nbsp;<\/p>\n<p><span style=\"color: #ff00ff;\"><strong>Poco mas que contar amigos, solo confirmaros que Canal Sur me har\u00e1 una entrevista el pr\u00f3ximo mi\u00e9rcoles para hablar del terral malague\u00f1o.<\/strong><\/span><\/p>\n<p>&nbsp;<\/p>\n<p>&nbsp;<\/p>\n","protected":false},"excerpt":{"rendered":"<p>Buenos d\u00edas amigos amigos de la meteo, son las seis de la ma\u00f1ana registro 24 grados y tengo las pilas cargadas, !!si amigos!! las pilas cargadas\u00a0meteorol\u00f3gicas\u00a0jijiji. Primero, \u00a0porque disfrute con mis hijas y mi pareja de un estupendo almuerzo, y que conste en acta que Lidia y Estefan\u00eda nos invitaron jiji. Y no os met\u00e1is [&hellip;]<\/p>\n","protected":false},"author":16,"featured_media":6189,"comment_status":"open","ping_status":"open","sticky":false,"template":"","format":"standard","meta":[],"categories":[2],"tags":[212,442,732,996],"_links":{"self":[{"href":"https:\/\/blogs.diariosur.es\/tormentas-y-rayos\/wp-json\/wp\/v2\/posts\/6176"}],"collection":[{"href":"https:\/\/blogs.diariosur.es\/tormentas-y-rayos\/wp-json\/wp\/v2\/posts"}],"about":[{"href":"https:\/\/blogs.diariosur.es\/tormentas-y-rayos\/wp-json\/wp\/v2\/types\/post"}],"author":[{"embeddable":true,"href":"https:\/\/blogs.diariosur.es\/tormentas-y-rayos\/wp-json\/wp\/v2\/users\/16"}],"replies":[{"embeddable":true,"href":"https:\/\/blogs.diariosur.es\/tormentas-y-rayos\/wp-json\/wp\/v2\/comments?post=6176"}],"version-history":[{"count":0,"href":"https:\/\/blogs.diariosur.es\/tormentas-y-rayos\/wp-json\/wp\/v2\/posts\/6176\/revisions"}],"wp:featuredmedia":[{"embeddable":true,"href":"https:\/\/blogs.diariosur.es\/tormentas-y-rayos\/wp-json\/wp\/v2\/media\/6189"}],"wp:attachment":[{"href":"https:\/\/blogs.diariosur.es\/tormentas-y-rayos\/wp-json\/wp\/v2\/media?parent=6176"}],"wp:term":[{"taxonomy":"category","embeddable":true,"href":"https:\/\/blogs.diariosur.es\/tormentas-y-rayos\/wp-json\/wp\/v2\/categories?post=6176"},{"taxonomy":"post_tag","embeddable":true,"href":"https:\/\/blogs.diariosur.es\/tormentas-y-rayos\/wp-json\/wp\/v2\/tags?post=6176"}],"curies":[{"name":"wp","href":"https:\/\/api.w.org\/{rel}","templated":true}]}}