{"id":6197,"date":"2013-07-12T07:33:52","date_gmt":"2013-07-12T05:33:52","guid":{"rendered":"http:\/\/blogs.diariosur.es\/tormentas-y-rayos\/?p=6197"},"modified":"2013-07-12T07:33:52","modified_gmt":"2013-07-12T05:33:52","slug":"prevision-del-tiempo-alivio-termico-en-casi-toda-la-peninsula-posibilidad-de-terral-en-malaga-capital-tormentas-moderadas","status":"publish","type":"post","link":"https:\/\/blogs.diariosur.es\/tormentas-y-rayos\/2013\/07\/12\/prevision-del-tiempo-alivio-termico-en-casi-toda-la-peninsula-posibilidad-de-terral-en-malaga-capital-tormentas-moderadas\/","title":{"rendered":"Previsi\u00f3n del tiempo. Alivio t\u00e9rmico en casi toda la pen\u00ednsula. Posibilidad de terral en M\u00e1laga Capital. Tormentas moderadas."},"content":{"rendered":"<p><span style=\"color: #0000ff;\"><strong>ACTUALIZACI\u00d3N: 13-7-2013<\/strong><\/span><\/p>\n<p><span style=\"color: #ff0000;\"><strong>Buenos dias amigos de la meteo. Son las siete y cuarto de la ma\u00f1ana, registro 21.2 grados y los cielos est\u00e1n despejados. Antes de nada comentaros que las nubes que se dieron ayer ni los profesionales ni los aficionados a la meteorolog\u00eda esper\u00e1bamos tanta nubosidad. Incluso en algunos puntos de la Costa Granadina y Almeriense se registraron algunos goteos, asi es la meteo, muchas veces nos da sorpresas.<\/strong><\/span><br \/>\n<span style=\"color: #ff0000;\"><strong>Viendo ahora mismo los \u00a0modelos de viento, solo en el Estrecho habr\u00e1 poniente moderado, aun no tengo muy claro si hoy tendremos terral en la capital malague\u00f1a. En la provincia de M\u00e1laga se\u00f1ala sur y suroeste, asi que toca esperar para ver si se da o no.\u00a0<\/strong><\/span><br \/>\n<span style=\"color: #ff0000;\"><strong>Lo que si se dar\u00e1n hoy ser\u00e1n tormentas en el norte y noreste peninsular, la aemet activa los avisos naranjas y amarillos en estas zonas.<\/strong><\/span><\/p>\n<p><a href=\"https:\/\/blogs.diariosur.es\/tormentas-y-rayos\/2013\/07\/12\/prevision-del-tiempo-alivio-termico-en-casi-toda-la-peninsula-posibilidad-de-terral-en-malaga-capital-tormentas-moderadas\/20130713052000_avi_hoy_zonas\/\" rel=\"attachment wp-att-6205\"><img loading=\"lazy\" class=\"aligncenter size-medium wp-image-6205\" title=\"20130713052000_avi_hoy_zonas\" src=\"\/tormentas-y-rayos\/wp-content\/uploads\/sites\/12\/2013\/07\/20130713052000_avi_hoy_zonas.png\" alt=\"\" width=\"600\" height=\"400\" srcset=\"https:\/\/static-blogs.diariosur.es\/wp-content\/uploads\/sites\/12\/2013\/07\/20130713052000_avi_hoy_zonas.png 1247w, https:\/\/static-blogs.diariosur.es\/wp-content\/uploads\/sites\/12\/2013\/07\/20130713052000_avi_hoy_zonas-600x400.png 600w, https:\/\/static-blogs.diariosur.es\/wp-content\/uploads\/sites\/12\/2013\/07\/20130713052000_avi_hoy_zonas-768x512.png 768w\" sizes=\"(max-width: 600px) 100vw, 600px\" \/><\/a><br \/>\n<span style=\"color: #ff0000;\"><strong>Poco mas que contar, os dejo que hoy el dia es muy largo y deseando que llegue ma\u00f1ana para cargar las pilas.<\/strong><\/span><\/p>\n<p>&nbsp;<\/p>\n<p>&nbsp;<\/p>\n<p><strong>Buenos dias amigos de la meteo.<\/strong><\/p>\n<p><strong>\u00a0Son las seis y veinte de la ma\u00f1ana, registro 21 grados y los cielos malague\u00f1os est\u00e1n adornados de unos preciosos cirros y cirrocumulos , asi que seguro que tendremos un precioso amanecer casi en directo en el blog, \u00a0por parte de Lui desde la playa y\u00a0m\u00eda\u00a0desde la terraza.<\/strong><\/p>\n<p><strong>El fot\u00f3n de portada de hoy es de mi amigo Salvador Salas fot\u00f3grafo del Diario Sur, que como todos sab\u00e9is esta en Bitburg Alemania con la preparaci\u00f3n del M\u00e1laga. Me la ha mandado por Wassat hace un rato y me comenta que es impresionante ver el sol asi. Os aseguro que no tiene\u00a0ning\u00fan\u00a0retoque. Gracias Salvi es una pasada.<\/strong><\/p>\n<p><a href=\"https:\/\/blogs.diariosur.es\/tormentas-y-rayos\/2013\/07\/12\/prevision-del-tiempo-alivio-termico-en-casi-toda-la-peninsula-posibilidad-de-terral-en-malaga-capital-tormentas-moderadas\/018-4\/\" rel=\"attachment wp-att-6198\"><img loading=\"lazy\" class=\"aligncenter size-full wp-image-6198\" title=\"018\" src=\"\/tormentas-y-rayos\/wp-content\/uploads\/sites\/12\/2013\/07\/018.jpg\" alt=\"\" width=\"660\" height=\"384\" srcset=\"https:\/\/static-blogs.diariosur.es\/wp-content\/uploads\/sites\/12\/2013\/07\/018.jpg 660w, https:\/\/static-blogs.diariosur.es\/wp-content\/uploads\/sites\/12\/2013\/07\/018-640x372.jpg 640w\" sizes=\"(max-width: 660px) 100vw, 660px\" \/><\/a><\/p>\n<p>&nbsp;<\/p>\n<p><strong>Antes de daros el pron\u00f3stico para este fin de semana os hago un peque\u00f1o resumen del mi\u00e9rcoles y jueves. El pasado mi\u00e9rcoles fue el dia mas caluroso en lo que va de julio en la provincia malague\u00f1a. Se llego a una m\u00e1xima de 35.3 grados sobre las tres de la tarde en el Aeropuerto, por contra la m\u00e1xima en el Puerto fue de 33.1 grados pero se dio a las 10:30 de la ma\u00f1ana. <\/strong><\/p>\n<p><strong>\u00a0<\/strong><strong>\u00a0El jueves bajaron las temperaturas, d\u00e1ndose una m\u00e1xima de 30 grados en el Aeropuerto y de 29.5 grados a las once y media de la ma\u00f1ana en el puerto. \u00a0<\/strong><strong>\u00a0 De igual forma en el Valle del Guadalquivir se quedaron en 38 grados tanto Sevilla como C\u00f3rdoba. Los vientos del suroeste hacen bajar en esta zona la s temperaturas.\u00a0<\/strong><\/p>\n<p><strong>Bueno amigos son las siete menos cinco de la ma\u00f1ana y ya tenemos casi en directo y para los dormilones el amanecer de M\u00e1laga. \u00a0Os pongo primero el mio desde la terraza, ya que Lui aun no me lo ha mandado.<\/strong><\/p>\n<p><a href=\"https:\/\/blogs.diariosur.es\/tormentas-y-rayos\/2013\/07\/12\/prevision-del-tiempo-alivio-termico-en-casi-toda-la-peninsula-posibilidad-de-terral-en-malaga-capital-tormentas-moderadas\/olympus-digital-camera-1379\/\" rel=\"attachment wp-att-6201\"><img loading=\"lazy\" class=\"aligncenter size-full wp-image-6201\" title=\"OLYMPUS DIGITAL CAMERA\" src=\"\/tormentas-y-rayos\/wp-content\/uploads\/sites\/12\/2013\/07\/004.jpg\" alt=\"\" width=\"660\" height=\"495\" srcset=\"https:\/\/static-blogs.diariosur.es\/wp-content\/uploads\/sites\/12\/2013\/07\/004.jpg 660w, https:\/\/static-blogs.diariosur.es\/wp-content\/uploads\/sites\/12\/2013\/07\/004-533x400.jpg 533w\" sizes=\"(max-width: 660px) 100vw, 660px\" \/><\/a><\/p>\n<p>&nbsp;<\/p>\n<p><strong>Ya tengo aqui la foto de Lui G Mar\u00edn ( Diario de un Camale\u00f3n) desde la Playa de la Misericordia, me comenta que ha llegado un poco tarde y que ya no\u00a0hab\u00eda\u00a0tanto candilazo, aun\u00a0as\u00ed\u00a0Lui impresionante la foto amigo.<\/strong><\/p>\n<p><a href=\"https:\/\/blogs.diariosur.es\/tormentas-y-rayos\/2013\/07\/12\/prevision-del-tiempo-alivio-termico-en-casi-toda-la-peninsula-posibilidad-de-terral-en-malaga-capital-tormentas-moderadas\/1071087_10200201803789390_1739904108_o-11071087_10200201803789390_1739904108_o-1\/\" rel=\"attachment wp-att-6203\"><img loading=\"lazy\" class=\"aligncenter size-full wp-image-6203\" title=\"1071087_10200201803789390_1739904108_o (1)1071087_10200201803789390_1739904108_o (1)\" src=\"\/tormentas-y-rayos\/wp-content\/uploads\/sites\/12\/2013\/07\/1071087_10200201803789390_1739904108_o-11071087_10200201803789390_1739904108_o-1.jpg\" alt=\"\" width=\"660\" height=\"495\" srcset=\"https:\/\/static-blogs.diariosur.es\/wp-content\/uploads\/sites\/12\/2013\/07\/1071087_10200201803789390_1739904108_o-11071087_10200201803789390_1739904108_o-1.jpg 660w, https:\/\/static-blogs.diariosur.es\/wp-content\/uploads\/sites\/12\/2013\/07\/1071087_10200201803789390_1739904108_o-11071087_10200201803789390_1739904108_o-1-533x400.jpg 533w\" sizes=\"(max-width: 660px) 100vw, 660px\" \/><\/a><\/p>\n<p><span style=\"color: #ff0000;\"><strong>PREVISI\u00d3N FIN DE SEMANA.\u00a0<\/strong><\/span><\/p>\n<p><strong>Los avisos por altas temperaturas se desactivan a partir de hoy viernes y hasta el domingo en Andaluc\u00eda Occidental y tambi\u00e9n en buena parte de la\u00a0pen\u00ednsula\u00a0 Los \u00fanicos que seguir\u00e1n activos tanto hoy como hasta el domingo ser\u00e1n los de las tormentas. Esto se deber\u00e1 a un peque\u00f1o embolsamiento de aire\u00a0fr\u00edo\u00a0en altura que se situara sobre el norte peninsular. Aqui se puede ver claramente en este mapa de 500 hpa ( 5500 metros).<\/strong><\/p>\n<p><a href=\"https:\/\/blogs.diariosur.es\/tormentas-y-rayos\/2013\/07\/12\/prevision-del-tiempo-alivio-termico-en-casi-toda-la-peninsula-posibilidad-de-terral-en-malaga-capital-tormentas-moderadas\/aire-frio\/\" rel=\"attachment wp-att-6199\"><img loading=\"lazy\" class=\"aligncenter size-medium wp-image-6199\" title=\"aire frio\" src=\"\/tormentas-y-rayos\/wp-content\/uploads\/sites\/12\/2013\/07\/aire-frio.jpg\" alt=\"\" width=\"532\" height=\"400\" srcset=\"https:\/\/static-blogs.diariosur.es\/wp-content\/uploads\/sites\/12\/2013\/07\/aire-frio.jpg 752w, https:\/\/static-blogs.diariosur.es\/wp-content\/uploads\/sites\/12\/2013\/07\/aire-frio-532x400.jpg 532w\" sizes=\"(max-width: 532px) 100vw, 532px\" \/><\/a><\/p>\n<p>&nbsp;<\/p>\n<p><strong>\u00a0Esto\u00a0traer\u00e1\u00a0consigo tormentas veraniegas moderadas, \u00a0que incluso pueden ir acompa\u00f1adas de granizo en el norte y noreste \u00a0peninsular. Y sobre todo un giro de los vientos al oeste, que\u00a0har\u00e1\u00a0que las\u00a0m\u00e1ximas\u00a0bajen con respecto a los dias pasados. Os paso esta impresionante foto de Miguel\u00a0\u00c1ngel\u00a0Corvo desde Sanabria, menudo pedrisco se dio ayer jueves en esa zona, gracias por compartir la foto amigo.<\/strong><\/p>\n<p><a href=\"https:\/\/blogs.diariosur.es\/tormentas-y-rayos\/2013\/07\/12\/prevision-del-tiempo-alivio-termico-en-casi-toda-la-peninsula-posibilidad-de-terral-en-malaga-capital-tormentas-moderadas\/mangel-corvo-sanabria\/\" rel=\"attachment wp-att-6202\"><img loading=\"lazy\" class=\"aligncenter size-full wp-image-6202\" title=\"MaNGEL cORVO SANABRIA\" src=\"\/tormentas-y-rayos\/wp-content\/uploads\/sites\/12\/2013\/07\/MaNGEL-cORVO-SANABRIA.jpg\" alt=\"\" width=\"640\" height=\"480\" srcset=\"https:\/\/static-blogs.diariosur.es\/wp-content\/uploads\/sites\/12\/2013\/07\/MaNGEL-cORVO-SANABRIA.jpg 640w, https:\/\/static-blogs.diariosur.es\/wp-content\/uploads\/sites\/12\/2013\/07\/MaNGEL-cORVO-SANABRIA-533x400.jpg 533w\" sizes=\"(max-width: 640px) 100vw, 640px\" \/><\/a><\/p>\n<p>&nbsp;<\/p>\n<p><strong>Hoy viernes\u00a0seguir\u00e1\u00a0soplando sureste en la Costa Malague\u00f1a, sera a partir del\u00a0s\u00e1bado\u00a0cuando los vientos rolen a componente poniente en el Estrecho. Esto puede traer consigo que el\u00a0s\u00e1bado\u00a0por la\u00a0tarde\u00a0entre el terral en M\u00e1laga. La verdad que no lo tengo muy claro si\u00a0tendr\u00e1\u00a0la suficiente fuerza para pasar los Sistemas Monta\u00f1osos que rodean a M\u00e1laga Capital y bajar recalentados por el Valle del Guadalhorce y cuenca del Guadalmedina. Si se cumple lo del terral seguro que la AEMET activara durante el dia de hoy el aviso amarillo por altas temperaturas en M\u00e1laga Capital.<\/strong><\/p>\n<p>&nbsp;<\/p>\n<p><span style=\"color: #ff00ff;\"><strong>Ya veremos si nuestro amigo es el protagonista.<\/strong><\/span><\/p>\n<p><img loading=\"lazy\" class=\"aligncenter\" src=\"\/tormentas-y-rayos\/wp-content\/uploads\/sites\/12\/2013\/06\/terralll1.jpg\" alt=\"\" width=\"430\" height=\"537\" \/><\/p>\n<p><strong>Yo en un rato tiro para el curro y no lo podre ver hasta la hora de la comida, si es asi\u00a0pondr\u00e9\u00a0una nota de ultima hora en el blog. Un abrazo a todos.<\/strong><\/p>\n","protected":false},"excerpt":{"rendered":"<p>ACTUALIZACI\u00d3N: 13-7-2013 Buenos dias amigos de la meteo. Son las siete y cuarto de la ma\u00f1ana, registro 21.2 grados y los cielos est\u00e1n despejados. Antes de nada comentaros que las nubes que se dieron ayer ni los profesionales ni los aficionados a la meteorolog\u00eda esper\u00e1bamos tanta nubosidad. Incluso en algunos puntos de la Costa Granadina [&hellip;]<\/p>\n","protected":false},"author":16,"featured_media":6198,"comment_status":"open","ping_status":"open","sticky":false,"template":"","format":"standard","meta":[],"categories":[2],"tags":[160,587,809,962,975,980,996],"_links":{"self":[{"href":"https:\/\/blogs.diariosur.es\/tormentas-y-rayos\/wp-json\/wp\/v2\/posts\/6197"}],"collection":[{"href":"https:\/\/blogs.diariosur.es\/tormentas-y-rayos\/wp-json\/wp\/v2\/posts"}],"about":[{"href":"https:\/\/blogs.diariosur.es\/tormentas-y-rayos\/wp-json\/wp\/v2\/types\/post"}],"author":[{"embeddable":true,"href":"https:\/\/blogs.diariosur.es\/tormentas-y-rayos\/wp-json\/wp\/v2\/users\/16"}],"replies":[{"embeddable":true,"href":"https:\/\/blogs.diariosur.es\/tormentas-y-rayos\/wp-json\/wp\/v2\/comments?post=6197"}],"version-history":[{"count":0,"href":"https:\/\/blogs.diariosur.es\/tormentas-y-rayos\/wp-json\/wp\/v2\/posts\/6197\/revisions"}],"wp:featuredmedia":[{"embeddable":true,"href":"https:\/\/blogs.diariosur.es\/tormentas-y-rayos\/wp-json\/wp\/v2\/media\/6198"}],"wp:attachment":[{"href":"https:\/\/blogs.diariosur.es\/tormentas-y-rayos\/wp-json\/wp\/v2\/media?parent=6197"}],"wp:term":[{"taxonomy":"category","embeddable":true,"href":"https:\/\/blogs.diariosur.es\/tormentas-y-rayos\/wp-json\/wp\/v2\/categories?post=6197"},{"taxonomy":"post_tag","embeddable":true,"href":"https:\/\/blogs.diariosur.es\/tormentas-y-rayos\/wp-json\/wp\/v2\/tags?post=6197"}],"curies":[{"name":"wp","href":"https:\/\/api.w.org\/{rel}","templated":true}]}}