{"id":6207,"date":"2013-07-15T07:26:11","date_gmt":"2013-07-15T05:26:11","guid":{"rendered":"http:\/\/blogs.diariosur.es\/tormentas-y-rayos\/?p=6207"},"modified":"2013-07-15T07:26:11","modified_gmt":"2013-07-15T05:26:11","slug":"hace-un-ano-el-rincon-de-la-victoria-llego-a-41-7-grados-de-momento-el-terral-se-olvida-de-malaga","status":"publish","type":"post","link":"https:\/\/blogs.diariosur.es\/tormentas-y-rayos\/2013\/07\/15\/hace-un-ano-el-rincon-de-la-victoria-llego-a-41-7-grados-de-momento-el-terral-se-olvida-de-malaga\/","title":{"rendered":"Hace un a\u00f1o el Rinc\u00f3n de la Victoria llego a 41.7 grados. De momento el terral se olvida de M\u00e1laga."},"content":{"rendered":"<p><strong>Buenos dias amigos de la meteo.<\/strong><\/p>\n<p><strong>\u00a0Son las seis de la ma\u00f1ana, registro 20.8 grados y los cielos est\u00e1n despejados. Madrugada muy agradable en toda Andalucia, la firmo para todo lo que queda de verano.<br \/>\n<\/strong><\/p>\n<p><strong>A los que compreis el Diario Sur mirar la pagina 17, ya sale la entrevista que me hizo mi amiga\u00a0 Raquel Merino el mes pasado. Muchas gracias Raquel me ha encantado , asi como la foto tan chula de Sanvador Salas jejejeje.<br \/>\n<\/strong><\/p>\n<p><strong>Antes de nada quiero dedicar el post de hoy a una pareja que conoc\u00ed ayer en Torre de Benagalb\u00f3n, concretamente en el chiringuito Mami y Papi. Lolo Berral y su mujer Puri me comentaban como el a\u00f1o pasado un dia 14 de julio al llegar a la Cala del Moral se quedaron impresionados por el calor que hacia. Aunque ellos son de Montilla (\u00a0 que tambien hace tela de calor) \u00a0no esperaban ese aire tan caliente al bajar del coche, y es que en esos momentos hab\u00eda zonas que marcaban 42 grados, que unido a la sensaci\u00f3n t\u00e9rmica del fuerte viento el aire quemaba. Tambi\u00e9n me comentaban que de pronto les ven\u00eda aire fresquete y que duraba pocos segundos. En una charla muy amena le he explicado lo que es el terral, y porque en esta ocasi\u00f3n llego al Rinc\u00f3n y a Torre de Benagalb\u00f3n. Os paso el enlace donde el a\u00f1o pasado explicaba porque se dio esta circunstancia.<\/strong><\/p>\n<p><strong><a href=\"https:\/\/blogs.diariosur.es\/tormentas-y-rayos\/2012\/07\/16\/porque-el-sabado-el-rincon-de-la-victoria-llego-a-417-grados-record-historico\/\">Rinc\u00f3n de la Victoria alcanza 41.7 grados enlace<\/a><\/strong><\/p>\n<p><strong>Nuestro amigo Lolo quiere compartir esta preciosa foto tomada en la Maroma, me comentaba que alucino cuando\u00a0subi\u00f3\u00a0a esta zona el invierno pasado. Preciosa la foto amigo. Nos vemos.<\/strong><\/p>\n<p><a href=\"https:\/\/blogs.diariosur.es\/tormentas-y-rayos\/2013\/07\/15\/hace-un-ano-el-rincon-de-la-victoria-llego-a-41-7-grados-de-momento-el-terral-se-olvida-de-malaga\/313730_466030283464454_1005339406_n\/\" rel=\"attachment wp-att-6208\"><img loading=\"lazy\" class=\"aligncenter size-full wp-image-6208\" title=\"313730_466030283464454_1005339406_n\" src=\"\/tormentas-y-rayos\/wp-content\/uploads\/sites\/12\/2013\/07\/313730_466030283464454_1005339406_n.jpg\" alt=\"\" width=\"660\" height=\"880\" srcset=\"https:\/\/static-blogs.diariosur.es\/wp-content\/uploads\/sites\/12\/2013\/07\/313730_466030283464454_1005339406_n.jpg 660w, https:\/\/static-blogs.diariosur.es\/wp-content\/uploads\/sites\/12\/2013\/07\/313730_466030283464454_1005339406_n-300x400.jpg 300w\" sizes=\"(max-width: 660px) 100vw, 660px\" \/><\/a><\/p>\n<p>&nbsp;<\/p>\n<p><span style=\"color: #0000ff;\"><strong>Os doy la previsi\u00f3n para estos primeros d\u00edas de la semana, donde las temperaturas ir\u00e1n subiendo paulatinamente, pero sin llegar a los valores extremos de la semana pasada.<\/strong><\/span><\/p>\n<p><span style=\"color: #0000ff;\"><strong>Esta subida se notara un poco mas en la campi\u00f1a Cordobesa y Valla del Guadalquivir. Las rebozas del suroeste en esta zona haran que no se lleguen a temperaturas muy altas.<br \/>\n<\/strong><\/span><\/p>\n<p><span style=\"color: #0000ff;\"><strong>En M\u00e1laga soplara sureste y levante, hay posibilidad de nieblas <span style=\"color: #ff0000;\">(boria)<\/span> en la Costa Malague\u00f1a. Las m\u00e1ximas en la capital malague\u00f1a no creo que lleguen a los 30 grados, por el interior si se llegara o se sobrepasara los treinta.<\/strong><\/span><\/p>\n<p><img loading=\"lazy\" class=\"aligncenter\" src=\"\/tormentas-y-rayos\/wp-content\/uploads\/sites\/12\/2013\/07\/levante1.jpg\" alt=\"\" width=\"430\" height=\"526\" \/><\/p>\n<p>&nbsp;<\/p>\n<p><strong>Hagamos un peque\u00f1o resumen del s\u00e1bado y el domingo. <\/strong><\/p>\n<p><strong>Primero comentaros que el terral no apareci\u00f3, y las\u00a0m\u00e1ximas\u00a0no sobrepasaron los 29 grados. Tambi\u00e9n las maximas en el interior de Andaluc\u00eda estuvieron estupendas, en la campi\u00f1a Cordobesa no se sobrepaso de los 32 grados, os paso un mapa de las\u00a0m\u00e1ximas\u00a0y m\u00ednimas del s\u00e1bado en Andaluc\u00eda. Fuente Aemet.<\/strong><\/p>\n<p><a href=\"https:\/\/blogs.diariosur.es\/tormentas-y-rayos\/2013\/07\/15\/hace-un-ano-el-rincon-de-la-victoria-llego-a-41-7-grados-de-momento-el-terral-se-olvida-de-malaga\/maximas-2\/\" rel=\"attachment wp-att-6209\"><img loading=\"lazy\" class=\"aligncenter size-medium wp-image-6209\" title=\"maximas\" src=\"\/tormentas-y-rayos\/wp-content\/uploads\/sites\/12\/2013\/07\/maximas1.jpg\" alt=\"\" width=\"600\" height=\"377\" srcset=\"https:\/\/static-blogs.diariosur.es\/wp-content\/uploads\/sites\/12\/2013\/07\/maximas1.jpg 750w, https:\/\/static-blogs.diariosur.es\/wp-content\/uploads\/sites\/12\/2013\/07\/maximas1-636x400.jpg 636w\" sizes=\"(max-width: 600px) 100vw, 600px\" \/><\/a><\/p>\n<p>&nbsp;<\/p>\n<p><a href=\"https:\/\/blogs.diariosur.es\/tormentas-y-rayos\/2013\/07\/15\/hace-un-ano-el-rincon-de-la-victoria-llego-a-41-7-grados-de-momento-el-terral-se-olvida-de-malaga\/mimimas-2\/\" rel=\"attachment wp-att-6211\"><img loading=\"lazy\" class=\"aligncenter size-medium wp-image-6211\" title=\"mimimas\" src=\"\/tormentas-y-rayos\/wp-content\/uploads\/sites\/12\/2013\/07\/mimimas1.jpg\" alt=\"\" width=\"600\" height=\"372\" srcset=\"https:\/\/static-blogs.diariosur.es\/wp-content\/uploads\/sites\/12\/2013\/07\/mimimas1.jpg 756w, https:\/\/static-blogs.diariosur.es\/wp-content\/uploads\/sites\/12\/2013\/07\/mimimas1-640x397.jpg 640w\" sizes=\"(max-width: 600px) 100vw, 600px\" \/><\/a><\/p>\n<p>&nbsp;<\/p>\n<p><strong>El domingo fue curioso la diferencia de temperatura entre el Puerto de M\u00e1laga y el Aeropuerto. Sobre las cuatro de la tarde entro una reboza de levante que hizo bajar la temperatura a 24 grados en el Puerto, mientras a esa misma hora el Aeropuerto daba 32 grados, ocho grados de diferencia. Os paso unos gr\u00e1ficos de la aemet.<\/strong><\/p>\n<p><a href=\"https:\/\/blogs.diariosur.es\/tormentas-y-rayos\/2013\/07\/15\/hace-un-ano-el-rincon-de-la-victoria-llego-a-41-7-grados-de-momento-el-terral-se-olvida-de-malaga\/maxima-domingo\/\" rel=\"attachment wp-att-6212\"><img loading=\"lazy\" class=\"aligncenter size-medium wp-image-6212\" title=\"maxima domingo\" src=\"\/tormentas-y-rayos\/wp-content\/uploads\/sites\/12\/2013\/07\/maxima-domingo.jpg\" alt=\"\" width=\"600\" height=\"257\" srcset=\"https:\/\/static-blogs.diariosur.es\/wp-content\/uploads\/sites\/12\/2013\/07\/maxima-domingo.jpg 731w, https:\/\/static-blogs.diariosur.es\/wp-content\/uploads\/sites\/12\/2013\/07\/maxima-domingo-640x275.jpg 640w\" sizes=\"(max-width: 600px) 100vw, 600px\" \/><\/a><\/p>\n<p>&nbsp;<\/p>\n<p><a href=\"https:\/\/blogs.diariosur.es\/tormentas-y-rayos\/2013\/07\/15\/hace-un-ano-el-rincon-de-la-victoria-llego-a-41-7-grados-de-momento-el-terral-se-olvida-de-malaga\/captura-157\/\" rel=\"attachment wp-att-6214\"><img loading=\"lazy\" class=\"aligncenter size-full wp-image-6214\" title=\"Captura\" src=\"\/tormentas-y-rayos\/wp-content\/uploads\/sites\/12\/2013\/07\/Captura1.jpg\" alt=\"\" width=\"369\" height=\"206\" \/><\/a><\/p>\n<p><a href=\"https:\/\/blogs.diariosur.es\/tormentas-y-rayos\/2013\/07\/15\/hace-un-ano-el-rincon-de-la-victoria-llego-a-41-7-grados-de-momento-el-terral-se-olvida-de-malaga\/maxima-puerto\/\" rel=\"attachment wp-att-6213\"><img loading=\"lazy\" class=\"aligncenter size-medium wp-image-6213\" title=\"maxima puerto\" src=\"\/tormentas-y-rayos\/wp-content\/uploads\/sites\/12\/2013\/07\/maxima-puerto.jpg\" alt=\"\" width=\"600\" height=\"259\" srcset=\"https:\/\/static-blogs.diariosur.es\/wp-content\/uploads\/sites\/12\/2013\/07\/maxima-puerto.jpg 732w, https:\/\/static-blogs.diariosur.es\/wp-content\/uploads\/sites\/12\/2013\/07\/maxima-puerto-640x276.jpg 640w\" sizes=\"(max-width: 600px) 100vw, 600px\" \/><\/a><\/p>\n<p><strong>Impresionante esa\u00a0diferencia<\/strong><\/p>\n<p><strong>\u00a0de temperatura en tan pocos kil\u00f3metros \u00bf verdad amigos?<\/strong><\/p>\n<p><strong>Las tormentas tanto el s\u00e1bado como el domingo fueron las protagonistas en el norte peninsular. Mi amigo y compa\u00f1ero de curro Pepe Rivas me mando un mensaje, coment\u00e1ndome que le estaba cayendo una impresionante tormenta pasando Orense. Viendo el mapa de rayos se ve claramente \u00a0el aparato el\u00e9ctrico que hab\u00eda en Galicia.<\/strong><\/p>\n<p><a href=\"https:\/\/blogs.diariosur.es\/tormentas-y-rayos\/2013\/07\/15\/hace-un-ano-el-rincon-de-la-victoria-llego-a-41-7-grados-de-momento-el-terral-se-olvida-de-malaga\/201307141800_r79g\/\" rel=\"attachment wp-att-6216\"><img loading=\"lazy\" class=\"aligncenter size-full wp-image-6216\" title=\"201307141800_r79g\" src=\"\/tormentas-y-rayos\/wp-content\/uploads\/sites\/12\/2013\/07\/201307141800_r79g.gif\" alt=\"\" width=\"500\" height=\"500\" \/><\/a><\/p>\n<p>&nbsp;<\/p>\n<p><strong>Poco mas que contar amigos, de nuevo tengo el ordenador roto y desde la antigualla que intento escribir me resulta muy dif\u00edcil jejeje. Os dejo con un precioso atardecer desde Torre de Benagalb\u00f3n y un amanecer desde la playa de la misericordia. Son de hace unos a\u00f1os.<br \/>\n<\/strong><\/p>\n<p><a href=\"https:\/\/blogs.diariosur.es\/tormentas-y-rayos\/2013\/07\/15\/hace-un-ano-el-rincon-de-la-victoria-llego-a-41-7-grados-de-momento-el-terral-se-olvida-de-malaga\/29781_1346815149391_2483850_n\/\" rel=\"attachment wp-att-6218\"><img loading=\"lazy\" class=\"aligncenter size-medium wp-image-6218\" title=\"29781_1346815149391_2483850_n\" src=\"\/tormentas-y-rayos\/wp-content\/uploads\/sites\/12\/2013\/07\/29781_1346815149391_2483850_n.jpg\" alt=\"\" width=\"600\" height=\"400\" srcset=\"https:\/\/static-blogs.diariosur.es\/wp-content\/uploads\/sites\/12\/2013\/07\/29781_1346815149391_2483850_n.jpg 720w, https:\/\/static-blogs.diariosur.es\/wp-content\/uploads\/sites\/12\/2013\/07\/29781_1346815149391_2483850_n-600x400.jpg 600w\" sizes=\"(max-width: 600px) 100vw, 600px\" \/><\/a><\/p>\n<p>&nbsp;<\/p>\n<p><a href=\"https:\/\/blogs.diariosur.es\/tormentas-y-rayos\/2013\/07\/15\/hace-un-ano-el-rincon-de-la-victoria-llego-a-41-7-grados-de-momento-el-terral-se-olvida-de-malaga\/29781_1346821149541_3390362_n\/\" rel=\"attachment wp-att-6219\"><img loading=\"lazy\" class=\"aligncenter size-medium wp-image-6219\" title=\"29781_1346821149541_3390362_n\" src=\"\/tormentas-y-rayos\/wp-content\/uploads\/sites\/12\/2013\/07\/29781_1346821149541_3390362_n.jpg\" alt=\"\" width=\"600\" height=\"385\" srcset=\"https:\/\/static-blogs.diariosur.es\/wp-content\/uploads\/sites\/12\/2013\/07\/29781_1346821149541_3390362_n.jpg 720w, https:\/\/static-blogs.diariosur.es\/wp-content\/uploads\/sites\/12\/2013\/07\/29781_1346821149541_3390362_n-622x400.jpg 622w\" sizes=\"(max-width: 600px) 100vw, 600px\" \/><\/a><\/p>\n","protected":false},"excerpt":{"rendered":"<p>Buenos dias amigos de la meteo. \u00a0Son las seis de la ma\u00f1ana, registro 20.8 grados y los cielos est\u00e1n despejados. Madrugada muy agradable en toda Andalucia, la firmo para todo lo que queda de verano. A los que compreis el Diario Sur mirar la pagina 17, ya sale la entrevista que me hizo mi amiga\u00a0 [&hellip;]<\/p>\n","protected":false},"author":16,"featured_media":6208,"comment_status":"open","ping_status":"open","sticky":false,"template":"","format":"standard","meta":[],"categories":[2],"tags":[864,975],"_links":{"self":[{"href":"https:\/\/blogs.diariosur.es\/tormentas-y-rayos\/wp-json\/wp\/v2\/posts\/6207"}],"collection":[{"href":"https:\/\/blogs.diariosur.es\/tormentas-y-rayos\/wp-json\/wp\/v2\/posts"}],"about":[{"href":"https:\/\/blogs.diariosur.es\/tormentas-y-rayos\/wp-json\/wp\/v2\/types\/post"}],"author":[{"embeddable":true,"href":"https:\/\/blogs.diariosur.es\/tormentas-y-rayos\/wp-json\/wp\/v2\/users\/16"}],"replies":[{"embeddable":true,"href":"https:\/\/blogs.diariosur.es\/tormentas-y-rayos\/wp-json\/wp\/v2\/comments?post=6207"}],"version-history":[{"count":0,"href":"https:\/\/blogs.diariosur.es\/tormentas-y-rayos\/wp-json\/wp\/v2\/posts\/6207\/revisions"}],"wp:featuredmedia":[{"embeddable":true,"href":"https:\/\/blogs.diariosur.es\/tormentas-y-rayos\/wp-json\/wp\/v2\/media\/6208"}],"wp:attachment":[{"href":"https:\/\/blogs.diariosur.es\/tormentas-y-rayos\/wp-json\/wp\/v2\/media?parent=6207"}],"wp:term":[{"taxonomy":"category","embeddable":true,"href":"https:\/\/blogs.diariosur.es\/tormentas-y-rayos\/wp-json\/wp\/v2\/categories?post=6207"},{"taxonomy":"post_tag","embeddable":true,"href":"https:\/\/blogs.diariosur.es\/tormentas-y-rayos\/wp-json\/wp\/v2\/tags?post=6207"}],"curies":[{"name":"wp","href":"https:\/\/api.w.org\/{rel}","templated":true}]}}