{"id":6221,"date":"2013-07-17T08:05:51","date_gmt":"2013-07-17T06:05:51","guid":{"rendered":"http:\/\/blogs.diariosur.es\/tormentas-y-rayos\/?p=6221"},"modified":"2013-07-17T08:05:51","modified_gmt":"2013-07-17T06:05:51","slug":"aviso-amarillo-por-altas-temperaturas-y-tormentas","status":"publish","type":"post","link":"https:\/\/blogs.diariosur.es\/tormentas-y-rayos\/2013\/07\/17\/aviso-amarillo-por-altas-temperaturas-y-tormentas\/","title":{"rendered":"Aviso amarillo por altas temperaturas y tormentas."},"content":{"rendered":"<p><strong>Buenos d\u00edas amigos de la meteo. Sigo sin ordenador y desde d\u00f3nde os escribo me es imposible poner gr\u00e1ficos y fotos. \u00a0Hoy tengo la entrevista de Canal \u00a0Sur para hablar del terral malague\u00f1o. Si esta tarde tengo arreglado el ordenador (tarjeta gr\u00e1fica rota) os dir\u00e9 como me ha ido y el d\u00eda que lo ponen, ya que no es en directo. Espero pasarlo bien con Javier \u00a0que como todos sab\u00e9is es el que da el tiempo en canal sur. Comentaros que se activan los avisos amarillos por altas temperaturas en el valle del Guadalquivir , as\u00ed como tambi\u00e9n por tormentas en el noreste peninsular. Aqu\u00ed seguiremos con Levante, humedad alta y mucho sudor jeje. S\u00ed est\u00e1 tarde tengo arreglado el ordenador nos vemos y hablamos de las tormentas veraniegas que se est\u00e1n dando. Amigo Lolo un abrazo y un detalle dejar un comentario<\/strong><\/p>\n","protected":false},"excerpt":{"rendered":"<p>Buenos d\u00edas amigos de la meteo. Sigo sin ordenador y desde d\u00f3nde os escribo me es imposible poner gr\u00e1ficos y fotos. \u00a0Hoy tengo la entrevista de Canal \u00a0Sur para hablar del terral malague\u00f1o. Si esta tarde tengo arreglado el ordenador (tarjeta gr\u00e1fica rota) os dir\u00e9 como me ha ido y el d\u00eda que lo ponen, [&hellip;]<\/p>\n","protected":false},"author":16,"featured_media":0,"comment_status":"open","ping_status":"open","sticky":false,"template":"","format":"standard","meta":[],"categories":[2],"tags":[],"_links":{"self":[{"href":"https:\/\/blogs.diariosur.es\/tormentas-y-rayos\/wp-json\/wp\/v2\/posts\/6221"}],"collection":[{"href":"https:\/\/blogs.diariosur.es\/tormentas-y-rayos\/wp-json\/wp\/v2\/posts"}],"about":[{"href":"https:\/\/blogs.diariosur.es\/tormentas-y-rayos\/wp-json\/wp\/v2\/types\/post"}],"author":[{"embeddable":true,"href":"https:\/\/blogs.diariosur.es\/tormentas-y-rayos\/wp-json\/wp\/v2\/users\/16"}],"replies":[{"embeddable":true,"href":"https:\/\/blogs.diariosur.es\/tormentas-y-rayos\/wp-json\/wp\/v2\/comments?post=6221"}],"version-history":[{"count":0,"href":"https:\/\/blogs.diariosur.es\/tormentas-y-rayos\/wp-json\/wp\/v2\/posts\/6221\/revisions"}],"wp:attachment":[{"href":"https:\/\/blogs.diariosur.es\/tormentas-y-rayos\/wp-json\/wp\/v2\/media?parent=6221"}],"wp:term":[{"taxonomy":"category","embeddable":true,"href":"https:\/\/blogs.diariosur.es\/tormentas-y-rayos\/wp-json\/wp\/v2\/categories?post=6221"},{"taxonomy":"post_tag","embeddable":true,"href":"https:\/\/blogs.diariosur.es\/tormentas-y-rayos\/wp-json\/wp\/v2\/tags?post=6221"}],"curies":[{"name":"wp","href":"https:\/\/api.w.org\/{rel}","templated":true}]}}