{"id":6223,"date":"2013-07-17T19:27:27","date_gmt":"2013-07-17T17:27:27","guid":{"rendered":"http:\/\/blogs.diariosur.es\/tormentas-y-rayos\/?p=6223"},"modified":"2013-07-17T19:27:27","modified_gmt":"2013-07-17T17:27:27","slug":"el-18-de-julio-del-1978-malaga-registro-44-2-grados-una-pasada-la-entrevista-de-canal-sur","status":"publish","type":"post","link":"https:\/\/blogs.diariosur.es\/tormentas-y-rayos\/2013\/07\/17\/el-18-de-julio-del-1978-malaga-registro-44-2-grados-una-pasada-la-entrevista-de-canal-sur\/","title":{"rendered":"El 18 de julio del 1978 M\u00e1laga registro 44.2 grados. Una pasada la entrevista de Canal Sur."},"content":{"rendered":"<p><strong>Buenos tardes amigos de la meteo. <\/strong><\/p>\n<p><strong>Lo he pasado genial en la entrevista que me ha hecho Javier Aguilar ( presentador del tiempo en Canal Sur) sobre el terral de M\u00e1laga. Os cuento como ha ido todo, ya que hubo una gran sorpresa. \u00a0Hab\u00edamos quedado frente a la Torre M\u00f3nica, concretamente en el Hotel Vincci. El primero que llego fue el \u00a0c\u00e1mara y cual fue mi sorpresa que era mi amgo Juan Nacho Sarrias. Lo conozco de cliente del Corte Ingl\u00e9s y con el tiempo hemos llegado a entablar una gran amistad, aunque lo curioso que en la calle no hemos visto solo dos veces. La primera vez el estaba en una gr\u00faa trasmitiendo para Canal Sur la Semana Santa Malague\u00f1a y hoy jijiji. La sorpresa ha sido mutua, hasta nos hemos puesto nerviosos. Siempre hemos comentado dentro de mi trabajo que nunca nos hab\u00edamos tomado una cerveza, pues hoy ha sido la primera y espero verte mas a menudo.<\/strong><\/p>\n<p><strong>A los pocos minutos llego nuestro hombre del tiempo de Canal Sur, que deciros de Javier Aguilar, pues que es un profesional impresionante. Gracias a sus palabras me he relajado un mont\u00f3n y la entrevista ha sido muy amena. Eso si, los tres hemos cogido un \u00a0colorcillo de quemados, ya que la grabaci\u00f3n ha sido en la playa. Menos mal que no ha soplado terral como el 18 de julio del 1978 ( 44,2 gardos) si no la grabaci\u00f3n hubiera sido dentro del agua, aunque estuviera fria jijiji. Desde esa zona le he mostrado a Javier donde el terral no suele llegar, desde donde hemos estado grabando se ve la fabrica de cemento. Se ha quedado impresionado cuando Juannacho y yo le hemos comentado que de estar \u00a0a 40 , baja casi 9 grados en esa zona en apenas unos minutos. Aunque como todo\u00a0sab\u00e9is\u00a0el a\u00f1o pasado el terral si llego al Rinc\u00f3n.\u00a0<\/strong><\/p>\n<p><strong>\u00a0Amigo Javier encantado de conocerte y de verdad he pasado unas horas estupendas y disfrutando como un \u00a0ni\u00f1o chico.<\/strong><\/p>\n<p><strong>Comentaros que el viernes dia 26 de julio lo emitir\u00e1n en los informativos de Canal Sur que empiezan a las dos de la tarde. Lo que no sabemos con seguridad si ser\u00e1 al principio, \u00a0o sobre las tres y media. Ya que el tiempo lo dan tanto al principio como al final. Os dejo con unas cuantas fotos y hablamos de los 44, 2 grados.<\/strong><\/p>\n<p><a href=\"https:\/\/blogs.diariosur.es\/tormentas-y-rayos\/2013\/07\/17\/el-18-de-julio-del-1978-malaga-registro-44-2-grados-una-pasada-la-entrevista-de-canal-sur\/attachment\/003003\/\" rel=\"attachment wp-att-6224\"><img loading=\"lazy\" class=\"aligncenter size-full wp-image-6224\" title=\"003003\" src=\"\/tormentas-y-rayos\/wp-content\/uploads\/sites\/12\/2013\/07\/003003.jpg\" alt=\"\" width=\"680\" height=\"454\" srcset=\"https:\/\/static-blogs.diariosur.es\/wp-content\/uploads\/sites\/12\/2013\/07\/003003.jpg 680w, https:\/\/static-blogs.diariosur.es\/wp-content\/uploads\/sites\/12\/2013\/07\/003003-599x400.jpg 599w\" sizes=\"(max-width: 680px) 100vw, 680px\" \/><\/a><\/p>\n<p><a href=\"https:\/\/blogs.diariosur.es\/tormentas-y-rayos\/2013\/07\/17\/el-18-de-julio-del-1978-malaga-registro-44-2-grados-una-pasada-la-entrevista-de-canal-sur\/004004-2\/\" rel=\"attachment wp-att-6225\"><img loading=\"lazy\" class=\"aligncenter size-full wp-image-6225\" title=\"004004\" src=\"\/tormentas-y-rayos\/wp-content\/uploads\/sites\/12\/2013\/07\/0040042.jpg\" alt=\"\" width=\"680\" height=\"517\" srcset=\"https:\/\/static-blogs.diariosur.es\/wp-content\/uploads\/sites\/12\/2013\/07\/0040042.jpg 680w, https:\/\/static-blogs.diariosur.es\/wp-content\/uploads\/sites\/12\/2013\/07\/0040042-526x400.jpg 526w\" sizes=\"(max-width: 680px) 100vw, 680px\" \/><\/a><\/p>\n<p>&nbsp;<\/p>\n<p><a href=\"https:\/\/blogs.diariosur.es\/tormentas-y-rayos\/2013\/07\/17\/el-18-de-julio-del-1978-malaga-registro-44-2-grados-una-pasada-la-entrevista-de-canal-sur\/attachment\/006006\/\" rel=\"attachment wp-att-6226\"><img loading=\"lazy\" class=\"aligncenter size-full wp-image-6226\" title=\"006006\" src=\"\/tormentas-y-rayos\/wp-content\/uploads\/sites\/12\/2013\/07\/006006.jpg\" alt=\"\" width=\"680\" height=\"608\" srcset=\"https:\/\/static-blogs.diariosur.es\/wp-content\/uploads\/sites\/12\/2013\/07\/006006.jpg 680w, https:\/\/static-blogs.diariosur.es\/wp-content\/uploads\/sites\/12\/2013\/07\/006006-447x400.jpg 447w\" sizes=\"(max-width: 680px) 100vw, 680px\" \/><\/a><\/p>\n<p>&nbsp;<\/p>\n<p><a href=\"https:\/\/blogs.diariosur.es\/tormentas-y-rayos\/2013\/07\/17\/el-18-de-julio-del-1978-malaga-registro-44-2-grados-una-pasada-la-entrevista-de-canal-sur\/008008-3\/\" rel=\"attachment wp-att-6227\"><img loading=\"lazy\" class=\"aligncenter size-full wp-image-6227\" title=\"008008\" src=\"\/tormentas-y-rayos\/wp-content\/uploads\/sites\/12\/2013\/07\/0080082.jpg\" alt=\"\" width=\"680\" height=\"454\" srcset=\"https:\/\/static-blogs.diariosur.es\/wp-content\/uploads\/sites\/12\/2013\/07\/0080082.jpg 680w, https:\/\/static-blogs.diariosur.es\/wp-content\/uploads\/sites\/12\/2013\/07\/0080082-599x400.jpg 599w\" sizes=\"(max-width: 680px) 100vw, 680px\" \/><\/a><\/p>\n<p>&nbsp;<\/p>\n<p><span style=\"color: #ff0000;\"><strong>Hablemos un poquitin del dia mas caluroso que ha tenido M\u00e1laga Capital.<\/strong><\/span><\/p>\n<p><strong>Ma\u00f1ana 18 de julio hace 35 a\u00f1os que M\u00e1laga registro a la sombra la m\u00e1xima mal alta desde que se tienen datos. Como es l\u00f3gico fue un dia de terral, y aunque yo tenia 18 a\u00f1os me acuerdo perfectamente de ese dia. Si amigos llegamos a la sombra a 44,2 grados y no me extra\u00f1ar\u00eda que en alg\u00fan punto de la ciudad rondaran los 45, que unido al viento no os quiero ni contar que sensaci\u00f3n t\u00e9rmica tendriamos. Ese dia una baja presi\u00f3n situada en las Islas Britanicas hizo cambiar la direcci\u00f3n del viento en toda la\u00a0pen\u00ednsula. Os paso un mapa fuente del gfs.<\/strong><\/p>\n<p><a href=\"https:\/\/blogs.diariosur.es\/tormentas-y-rayos\/2013\/07\/17\/el-18-de-julio-del-1978-malaga-registro-44-2-grados-una-pasada-la-entrevista-de-canal-sur\/julio\/\" rel=\"attachment wp-att-6228\"><img loading=\"lazy\" class=\"aligncenter size-medium wp-image-6228\" title=\"julio\" src=\"\/tormentas-y-rayos\/wp-content\/uploads\/sites\/12\/2013\/07\/julio.jpg\" alt=\"\" width=\"468\" height=\"400\" srcset=\"https:\/\/static-blogs.diariosur.es\/wp-content\/uploads\/sites\/12\/2013\/07\/julio.jpg 770w, https:\/\/static-blogs.diariosur.es\/wp-content\/uploads\/sites\/12\/2013\/07\/julio-468x400.jpg 468w, https:\/\/static-blogs.diariosur.es\/wp-content\/uploads\/sites\/12\/2013\/07\/julio-768x656.jpg 768w\" sizes=\"(max-width: 468px) 100vw, 468px\" \/><\/a><\/p>\n<p><strong>A esto hay que unirle una masa de aire c\u00e1lida Sahariana que afectaba en esos momentos a casi toda Andaluc\u00eda. En la vertical de M\u00e1laga ese dia la temperatura a 850 hpa( 1500 metros) estaba a 30 grados, como pod\u00e9is ver en este otro mapa de temperaturas.<\/strong><\/p>\n<p><a href=\"https:\/\/blogs.diariosur.es\/tormentas-y-rayos\/2013\/07\/17\/el-18-de-julio-del-1978-malaga-registro-44-2-grados-una-pasada-la-entrevista-de-canal-sur\/juliooo\/\" rel=\"attachment wp-att-6229\"><img loading=\"lazy\" class=\"aligncenter size-medium wp-image-6229\" title=\"juliooo\" src=\"\/tormentas-y-rayos\/wp-content\/uploads\/sites\/12\/2013\/07\/juliooo.jpg\" alt=\"\" width=\"524\" height=\"400\" srcset=\"https:\/\/static-blogs.diariosur.es\/wp-content\/uploads\/sites\/12\/2013\/07\/juliooo.jpg 824w, https:\/\/static-blogs.diariosur.es\/wp-content\/uploads\/sites\/12\/2013\/07\/juliooo-525x400.jpg 525w, https:\/\/static-blogs.diariosur.es\/wp-content\/uploads\/sites\/12\/2013\/07\/juliooo-768x585.jpg 768w\" sizes=\"(max-width: 524px) 100vw, 524px\" \/><\/a><\/p>\n<p>&nbsp;<\/p>\n<p><strong>Impresionante la diferencia entre el norte peninsular con isos a 10 grados y en nuestra zona a 30, bestial amigos. Todo estos factores hizo que M\u00e1laga llegara a 44,2 grados. Recuerdo que esa noche la gran mayor\u00eda de los malague\u00f1os nos fuimos a la playas. A las doce la noche los term\u00f3metros marcaban 39 grados y la gran mayor\u00eda de los malague\u00f1os en aquella \u00e9poca no ten\u00edan aire acondicionado.<\/strong><\/p>\n<p><strong>Bueno os dejo hasta el viernes que os dar\u00e9 la previsi\u00f3n del fin de semana. Un abrazo a todos<\/strong><\/p>\n","protected":false},"excerpt":{"rendered":"<p>Buenos tardes amigos de la meteo. Lo he pasado genial en la entrevista que me ha hecho Javier Aguilar ( presentador del tiempo en Canal Sur) sobre el terral de M\u00e1laga. Os cuento como ha ido todo, ya que hubo una gran sorpresa. \u00a0Hab\u00edamos quedado frente a la Torre M\u00f3nica, concretamente en el Hotel Vincci. [&hellip;]<\/p>\n","protected":false},"author":16,"featured_media":6227,"comment_status":"open","ping_status":"open","sticky":false,"template":"","format":"standard","meta":[],"categories":[2],"tags":[7,29,217,480,587,624,945,975],"_links":{"self":[{"href":"https:\/\/blogs.diariosur.es\/tormentas-y-rayos\/wp-json\/wp\/v2\/posts\/6223"}],"collection":[{"href":"https:\/\/blogs.diariosur.es\/tormentas-y-rayos\/wp-json\/wp\/v2\/posts"}],"about":[{"href":"https:\/\/blogs.diariosur.es\/tormentas-y-rayos\/wp-json\/wp\/v2\/types\/post"}],"author":[{"embeddable":true,"href":"https:\/\/blogs.diariosur.es\/tormentas-y-rayos\/wp-json\/wp\/v2\/users\/16"}],"replies":[{"embeddable":true,"href":"https:\/\/blogs.diariosur.es\/tormentas-y-rayos\/wp-json\/wp\/v2\/comments?post=6223"}],"version-history":[{"count":0,"href":"https:\/\/blogs.diariosur.es\/tormentas-y-rayos\/wp-json\/wp\/v2\/posts\/6223\/revisions"}],"wp:featuredmedia":[{"embeddable":true,"href":"https:\/\/blogs.diariosur.es\/tormentas-y-rayos\/wp-json\/wp\/v2\/media\/6227"}],"wp:attachment":[{"href":"https:\/\/blogs.diariosur.es\/tormentas-y-rayos\/wp-json\/wp\/v2\/media?parent=6223"}],"wp:term":[{"taxonomy":"category","embeddable":true,"href":"https:\/\/blogs.diariosur.es\/tormentas-y-rayos\/wp-json\/wp\/v2\/categories?post=6223"},{"taxonomy":"post_tag","embeddable":true,"href":"https:\/\/blogs.diariosur.es\/tormentas-y-rayos\/wp-json\/wp\/v2\/tags?post=6223"}],"curies":[{"name":"wp","href":"https:\/\/api.w.org\/{rel}","templated":true}]}}