{"id":6230,"date":"2013-07-19T08:37:39","date_gmt":"2013-07-19T06:37:39","guid":{"rendered":"http:\/\/blogs.diariosur.es\/tormentas-y-rayos\/?p=6230"},"modified":"2013-07-19T08:37:39","modified_gmt":"2013-07-19T06:37:39","slug":"prevision-del-tiempo-fin-de-semana-atentos-a-la-semana-que-viene-algo-se-cuece","status":"publish","type":"post","link":"https:\/\/blogs.diariosur.es\/tormentas-y-rayos\/2013\/07\/19\/prevision-del-tiempo-fin-de-semana-atentos-a-la-semana-que-viene-algo-se-cuece\/","title":{"rendered":"Previsi\u00f3n del tiempo fin de semana. Atentos a la semana que viene, algo se cuece."},"content":{"rendered":"<p><strong>Buenos dias amigos de la meteo.<\/strong><\/p>\n<p><strong>Son las siete de la ma\u00f1ana, registro 21 grados y los cielos malague\u00f1os est\u00e1n despejados. Nuestro amigo Lui Garcia Mar\u00edn (diario de un camale\u00f3n) nos manda casi en directo el amanecer de hoy 19 de julio. Me comenta que cada dia sale un minuto mas tarde y as\u00ed es Lui,\u00a0 hoy ha salido a las siete de la ma\u00f1ana y 13 minutos.\u00a0<\/strong><\/p>\n<p><a href=\"https:\/\/blogs.diariosur.es\/tormentas-y-rayos\/2013\/07\/19\/prevision-del-tiempo-fin-de-semana-atentos-a-la-semana-que-viene-algo-se-cuece\/965351_10200237664005873_295100988_o\/\" rel=\"attachment wp-att-6232\"><img loading=\"lazy\" class=\"aligncenter size-full wp-image-6232\" title=\"965351_10200237664005873_295100988_o\" src=\"\/tormentas-y-rayos\/wp-content\/uploads\/sites\/12\/2013\/07\/965351_10200237664005873_295100988_o.jpg\" alt=\"\" width=\"660\" height=\"495\" srcset=\"https:\/\/static-blogs.diariosur.es\/wp-content\/uploads\/sites\/12\/2013\/07\/965351_10200237664005873_295100988_o.jpg 660w, https:\/\/static-blogs.diariosur.es\/wp-content\/uploads\/sites\/12\/2013\/07\/965351_10200237664005873_295100988_o-533x400.jpg 533w\" sizes=\"(max-width: 660px) 100vw, 660px\" \/><\/a><\/p>\n<p>&nbsp;<\/p>\n<p>&nbsp;<\/p>\n<p>&nbsp;<\/p>\n<p><strong>En la entrevista que me hizo mi amigo<span style=\"color: #0000ff;\"> <a href=\"https:\/\/blogs.diariosur.es\/tormentas-y-rayos\/2013\/07\/17\/el-18-de-julio-del-1978-malaga-registro-44-2-grados-una-pasada-la-entrevista-de-canal-sur\/\">Javier Aguilar<\/a><\/span><a href=\"https:\/\/blogs.diariosur.es\/tormentas-y-rayos\/2013\/07\/17\/el-18-de-julio-del-1978-malaga-registro-44-2-grados-una-pasada-la-entrevista-de-canal-sur\/\"> para Canal Sur<\/a>, me comentaba que en algunas ocasiones las\u00a0m\u00e1ximas\u00a0en M\u00e1laga variaban bastante de una zona a otra. Asi es Javier, ayer mismo 18 de julio paso esa circunstancia. La m\u00e1xima del Puerto se dio a las diez de la ma\u00f1ana con casi 30 grados, luego a las dos de la tarde marcaban 24,5 y a partir de las cuatro 28. Que ocurri\u00f3 me preguntareis ?, pues que sobre las nueve de la ma\u00f1ana entro una reboza de terral por la Cuenca del Guadalmedina, asi de sencillo amigos. Os paso unos gr\u00e1ficos fuente aemet.<\/strong><\/p>\n<p><a href=\"https:\/\/blogs.diariosur.es\/tormentas-y-rayos\/2013\/07\/19\/prevision-del-tiempo-fin-de-semana-atentos-a-la-semana-que-viene-algo-se-cuece\/rebo-vi\/\" rel=\"attachment wp-att-6233\"><img loading=\"lazy\" class=\"aligncenter size-medium wp-image-6233\" title=\"rebo vi\" src=\"\/tormentas-y-rayos\/wp-content\/uploads\/sites\/12\/2013\/07\/rebo-vi.jpg\" alt=\"\" width=\"600\" height=\"250\" srcset=\"https:\/\/static-blogs.diariosur.es\/wp-content\/uploads\/sites\/12\/2013\/07\/rebo-vi.jpg 740w, https:\/\/static-blogs.diariosur.es\/wp-content\/uploads\/sites\/12\/2013\/07\/rebo-vi-640x267.jpg 640w\" sizes=\"(max-width: 600px) 100vw, 600px\" \/><\/a><\/p>\n<p><a href=\"https:\/\/blogs.diariosur.es\/tormentas-y-rayos\/2013\/07\/19\/prevision-del-tiempo-fin-de-semana-atentos-a-la-semana-que-viene-algo-se-cuece\/reboza-terral\/\" rel=\"attachment wp-att-6234\"><img loading=\"lazy\" class=\"aligncenter size-medium wp-image-6234\" title=\"reboza terral\" src=\"\/tormentas-y-rayos\/wp-content\/uploads\/sites\/12\/2013\/07\/reboza-terral.jpg\" alt=\"\" width=\"600\" height=\"278\" srcset=\"https:\/\/static-blogs.diariosur.es\/wp-content\/uploads\/sites\/12\/2013\/07\/reboza-terral.jpg 705w, https:\/\/static-blogs.diariosur.es\/wp-content\/uploads\/sites\/12\/2013\/07\/reboza-terral-640x297.jpg 640w\" sizes=\"(max-width: 600px) 100vw, 600px\" \/><\/a><\/p>\n<p>&nbsp;<\/p>\n<p>&nbsp;<\/p>\n<p><strong>Bueno amigos esto fue lo mas destacado que paso ayer jueves que hizo 36 a\u00f1os que M\u00e1laga registro la m\u00e1xima desde que se tienen datos ( 44.2 grados).<\/strong><\/p>\n<p><strong>PREVISI\u00d3N FIN DE SEMANA<\/strong><\/p>\n<p><strong>Hoy viernes se espera que los vientos en la Costa Mediterranea soplen de direcci\u00f3n variable, el sur sureste puede hacer que tengamos algo de boria. A partir del s\u00e1bado el viento soplara mas del suroeste como pod\u00e9is ver en este mapa previsto del hirlam. <\/strong><\/p>\n<p><strong>\u00a0<\/strong><a href=\"https:\/\/blogs.diariosur.es\/tormentas-y-rayos\/2013\/07\/19\/prevision-del-tiempo-fin-de-semana-atentos-a-la-semana-que-viene-algo-se-cuece\/viento-23\/\" rel=\"attachment wp-att-6235\"><img loading=\"lazy\" class=\"aligncenter size-medium wp-image-6235\" title=\"viento\" src=\"\/tormentas-y-rayos\/wp-content\/uploads\/sites\/12\/2013\/07\/viento1.jpg\" alt=\"\" width=\"521\" height=\"400\" srcset=\"https:\/\/static-blogs.diariosur.es\/wp-content\/uploads\/sites\/12\/2013\/07\/viento1.jpg 774w, https:\/\/static-blogs.diariosur.es\/wp-content\/uploads\/sites\/12\/2013\/07\/viento1-521x400.jpg 521w, https:\/\/static-blogs.diariosur.es\/wp-content\/uploads\/sites\/12\/2013\/07\/viento1-768x589.jpg 768w\" sizes=\"(max-width: 521px) 100vw, 521px\" \/><\/a><\/p>\n<p><strong>Esto har\u00e1 que el Valle del Guadalquivir e interior de Andaluc\u00eda no registren temperaturas muy altas. En M\u00e1laga Capital rondaran los 30 grados e incluso si se escapa alguna reboza por el Valle del Guadalhorce se pueden dar maximas de 34 grados en zonas como teatinos y Aeropuerto. En el pr\u00f3ximo post que os habr\u00e1 veremos las\u00a0m\u00e1ximas\u00a0que se han dado en los tres observatorios que la aemet tiene en M\u00e1laga.<\/strong><\/p>\n<p>&nbsp;<\/p>\n<p><strong><span style=\"color: #ff0000;\">Tranquilos que ya os hablo de la\u00a0cocci\u00f3n\u00a0jijiji. Primero os pongo este mapa al dia de hoy. \u00bf que veis de especial en el ?\u00a0<\/span><\/strong><\/p>\n<p>&nbsp;<\/p>\n<p>&nbsp;<\/p>\n<p><a href=\"https:\/\/blogs.diariosur.es\/tormentas-y-rayos\/2013\/07\/19\/prevision-del-tiempo-fin-de-semana-atentos-a-la-semana-que-viene-algo-se-cuece\/gfs-0-12_jbn8\/\" rel=\"attachment wp-att-6231\"><img loading=\"lazy\" class=\"aligncenter size-medium wp-image-6231\" title=\"gfs-0-12_jbn8\" src=\"\/tormentas-y-rayos\/wp-content\/uploads\/sites\/12\/2013\/07\/gfs-0-12_jbn8.png\" alt=\"\" width=\"600\" height=\"400\" srcset=\"https:\/\/static-blogs.diariosur.es\/wp-content\/uploads\/sites\/12\/2013\/07\/gfs-0-12_jbn8.png 768w, https:\/\/static-blogs.diariosur.es\/wp-content\/uploads\/sites\/12\/2013\/07\/gfs-0-12_jbn8-600x400.png 600w\" sizes=\"(max-width: 600px) 100vw, 600px\" \/><\/a><\/p>\n<p>&nbsp;<\/p>\n<p><strong>Muy f\u00e1cil amigos de la meteo, un potente anticicl\u00f3n en el Reino Unido, que esta haciendo que las\u00a0m\u00e1ximas\u00a0sean de 30 grados. Esta configuraci\u00f3n no es habitual en esta\u00a0\u00e9poca\u00a0del a\u00f1o.<\/strong><\/p>\n<p><strong>Y muchos me preguntareis y que tiene que ver con nosotros? Si tiene que ver amigos, esta situaci\u00f3n del anticicl\u00f3n puede hacer que borrascas o embolsamientos de aire fr\u00edo se acerquen a la\u00a0pen\u00ednsula\u00a0 trayendo fuertes tormentas e incluso altas temperaturas en algunas zonas, como es el caso de M\u00e1laga Capital. En este mapa fuente meteociel gfs pod\u00e9is ver de los que os hablo.<\/strong><\/p>\n<p><a href=\"https:\/\/blogs.diariosur.es\/tormentas-y-rayos\/2013\/07\/19\/prevision-del-tiempo-fin-de-semana-atentos-a-la-semana-que-viene-algo-se-cuece\/gota-2\/\" rel=\"attachment wp-att-6236\"><img loading=\"lazy\" class=\"aligncenter size-medium wp-image-6236\" title=\"gota\" src=\"\/tormentas-y-rayos\/wp-content\/uploads\/sites\/12\/2013\/07\/gota.png\" alt=\"\" width=\"600\" height=\"400\" srcset=\"https:\/\/static-blogs.diariosur.es\/wp-content\/uploads\/sites\/12\/2013\/07\/gota.png 768w, https:\/\/static-blogs.diariosur.es\/wp-content\/uploads\/sites\/12\/2013\/07\/gota-600x400.png 600w\" sizes=\"(max-width: 600px) 100vw, 600px\" \/><\/a><\/p>\n<p><strong>Esto lo iremos viendo poco a poco, ya que aun queda mucha tela que cortar y\u00a0ning\u00fan\u00a0modelo se pone de acuerdo en lo que pueda suceder. Os dejo y que paeis un buen fin de semana.<\/strong><\/p>\n<p>&nbsp;<\/p>\n<p><strong>\u00a0<\/strong><\/p>\n<p>&nbsp;<\/p>\n","protected":false},"excerpt":{"rendered":"<p>Buenos dias amigos de la meteo. Son las siete de la ma\u00f1ana, registro 21 grados y los cielos malague\u00f1os est\u00e1n despejados. Nuestro amigo Lui Garcia Mar\u00edn (diario de un camale\u00f3n) nos manda casi en directo el amanecer de hoy 19 de julio. Me comenta que cada dia sale un minuto mas tarde y as\u00ed es [&hellip;]<\/p>\n","protected":false},"author":16,"featured_media":6237,"comment_status":"open","ping_status":"open","sticky":false,"template":"","format":"standard","meta":[],"categories":[2],"tags":[412,809,980],"_links":{"self":[{"href":"https:\/\/blogs.diariosur.es\/tormentas-y-rayos\/wp-json\/wp\/v2\/posts\/6230"}],"collection":[{"href":"https:\/\/blogs.diariosur.es\/tormentas-y-rayos\/wp-json\/wp\/v2\/posts"}],"about":[{"href":"https:\/\/blogs.diariosur.es\/tormentas-y-rayos\/wp-json\/wp\/v2\/types\/post"}],"author":[{"embeddable":true,"href":"https:\/\/blogs.diariosur.es\/tormentas-y-rayos\/wp-json\/wp\/v2\/users\/16"}],"replies":[{"embeddable":true,"href":"https:\/\/blogs.diariosur.es\/tormentas-y-rayos\/wp-json\/wp\/v2\/comments?post=6230"}],"version-history":[{"count":0,"href":"https:\/\/blogs.diariosur.es\/tormentas-y-rayos\/wp-json\/wp\/v2\/posts\/6230\/revisions"}],"wp:featuredmedia":[{"embeddable":true,"href":"https:\/\/blogs.diariosur.es\/tormentas-y-rayos\/wp-json\/wp\/v2\/media\/6237"}],"wp:attachment":[{"href":"https:\/\/blogs.diariosur.es\/tormentas-y-rayos\/wp-json\/wp\/v2\/media?parent=6230"}],"wp:term":[{"taxonomy":"category","embeddable":true,"href":"https:\/\/blogs.diariosur.es\/tormentas-y-rayos\/wp-json\/wp\/v2\/categories?post=6230"},{"taxonomy":"post_tag","embeddable":true,"href":"https:\/\/blogs.diariosur.es\/tormentas-y-rayos\/wp-json\/wp\/v2\/tags?post=6230"}],"curies":[{"name":"wp","href":"https:\/\/api.w.org\/{rel}","templated":true}]}}