{"id":6239,"date":"2013-07-22T07:37:08","date_gmt":"2013-07-22T05:37:08","guid":{"rendered":"http:\/\/blogs.diariosur.es\/tormentas-y-rayos\/?p=6239"},"modified":"2013-07-22T07:37:08","modified_gmt":"2013-07-22T05:37:08","slug":"la-dorsal-gana-la-partida-el-levante-protagonista","status":"publish","type":"post","link":"https:\/\/blogs.diariosur.es\/tormentas-y-rayos\/2013\/07\/22\/la-dorsal-gana-la-partida-el-levante-protagonista\/","title":{"rendered":"La dorsal gana la partida. El levante protagonista."},"content":{"rendered":"<p><strong>Buenos dias amigos de la meteo. Son las cinco de la ma\u00f1ana registro 24 grados y la humedad es del 60 % en mi estaci\u00f3n. <\/strong><\/p>\n<p><strong>Antes de nada os quiero comentar que por asuntos familiares los post ser\u00e1n mas cortos y tendr\u00e1n menos contenido, pero hare lo posible para estar con vosotros un ratito, ya que el escribir me ayuda a cargar las pilas. Me hubiera encantado poneros fotos de mis amigos que han fotografiado las tormentas de este pasado fin de semana, os prometo que cuando todo se estabilice os la subo.<\/strong><\/p>\n<p><strong>El dia pasado os hablaba de posibles cambios, tanto para fuertes tormentas como para que entrara el terral. La dorsal Africana de momento tiene mas fuerza y ha hecho que esa borrasca tome otro camino. En M\u00e1laga estos dos primeros d\u00edas de la semana soplara levante, en la zona del Valle del Guadalquivir\u00a0tendr\u00e1n\u00a0 mas componente suroeste, con lo cual no se registraran\u00a0m\u00e1ximas\u00a0muy altas. Las temperaturas ser\u00e1n las normales para un mes de julio. Donde si bajaran las temperaturas ser\u00e1 en el norte y noroeste, donde se pueden producir algunos chubascos. Poco mas que contar os dejo, un abrazo a todos.<\/strong><\/p>\n<p><img loading=\"lazy\" class=\"aligncenter\" src=\"\/tormentas-y-rayos\/wp-content\/uploads\/sites\/12\/2013\/06\/levante.jpg\" alt=\"\" width=\"326\" height=\"400\" \/><\/p>\n<p><strong>\u00a0<\/strong><\/p>\n","protected":false},"excerpt":{"rendered":"<p>Buenos dias amigos de la meteo. Son las cinco de la ma\u00f1ana registro 24 grados y la humedad es del 60 % en mi estaci\u00f3n. Antes de nada os quiero comentar que por asuntos familiares los post ser\u00e1n mas cortos y tendr\u00e1n menos contenido, pero hare lo posible para estar con vosotros un ratito, ya [&hellip;]<\/p>\n","protected":false},"author":16,"featured_media":6241,"comment_status":"open","ping_status":"open","sticky":false,"template":"","format":"standard","meta":[],"categories":[2],"tags":[],"_links":{"self":[{"href":"https:\/\/blogs.diariosur.es\/tormentas-y-rayos\/wp-json\/wp\/v2\/posts\/6239"}],"collection":[{"href":"https:\/\/blogs.diariosur.es\/tormentas-y-rayos\/wp-json\/wp\/v2\/posts"}],"about":[{"href":"https:\/\/blogs.diariosur.es\/tormentas-y-rayos\/wp-json\/wp\/v2\/types\/post"}],"author":[{"embeddable":true,"href":"https:\/\/blogs.diariosur.es\/tormentas-y-rayos\/wp-json\/wp\/v2\/users\/16"}],"replies":[{"embeddable":true,"href":"https:\/\/blogs.diariosur.es\/tormentas-y-rayos\/wp-json\/wp\/v2\/comments?post=6239"}],"version-history":[{"count":0,"href":"https:\/\/blogs.diariosur.es\/tormentas-y-rayos\/wp-json\/wp\/v2\/posts\/6239\/revisions"}],"wp:featuredmedia":[{"embeddable":true,"href":"https:\/\/blogs.diariosur.es\/tormentas-y-rayos\/wp-json\/wp\/v2\/media\/6241"}],"wp:attachment":[{"href":"https:\/\/blogs.diariosur.es\/tormentas-y-rayos\/wp-json\/wp\/v2\/media?parent=6239"}],"wp:term":[{"taxonomy":"category","embeddable":true,"href":"https:\/\/blogs.diariosur.es\/tormentas-y-rayos\/wp-json\/wp\/v2\/categories?post=6239"},{"taxonomy":"post_tag","embeddable":true,"href":"https:\/\/blogs.diariosur.es\/tormentas-y-rayos\/wp-json\/wp\/v2\/tags?post=6239"}],"curies":[{"name":"wp","href":"https:\/\/api.w.org\/{rel}","templated":true}]}}