{"id":6242,"date":"2013-07-24T07:22:33","date_gmt":"2013-07-24T05:22:33","guid":{"rendered":"http:\/\/blogs.diariosur.es\/tormentas-y-rayos\/?p=6242"},"modified":"2013-07-24T07:22:33","modified_gmt":"2013-07-24T05:22:33","slug":"aviso-amarillo-por-altas-temperaturas-en-el-valle-del-guadalquivir-seguimos-sin-terral-pero","status":"publish","type":"post","link":"https:\/\/blogs.diariosur.es\/tormentas-y-rayos\/2013\/07\/24\/aviso-amarillo-por-altas-temperaturas-en-el-valle-del-guadalquivir-seguimos-sin-terral-pero\/","title":{"rendered":"Aviso amarillo por altas temperaturas en el Valle del Guadalquivir. Seguimos sin terral  pero&#8230;&#8230;&#8230;&#8230;"},"content":{"rendered":"<p><strong>Buenos dias amigos de la meteo. Son las seis y media de la ma\u00f1ana, registro 23 grados y la humedad es del 69%, datos recogidos en mi estaci\u00f3n. Mi almohada esta empapa jejejej.<\/strong><\/p>\n<p><strong>Antes de nada daros las gracias a todos por las muestras de cari\u00f1o y apoyo que est\u00e1is teniendo.<\/strong><\/p>\n<p><strong>Solo comentaros que a partir de ma\u00f1ana jueves la aemet activa el aviso amarillo por altas temperaturas en la campi\u00f1a Cordobesa, Sevillana y Ja\u00e9n. Algo normal en este mes de julio. Asi como tambien en la Comunidad de Madrid , Castilla La Mancha, Rioja y Arag\u00f3n. Una masa de aire\u00a0c\u00e1lido\u00a0Sahariana afectara a buena parte de la\u00a0pen\u00ednsula. En el mapa de portada la\u00a0pod\u00e9is\u00a0ver. Fuente meteociel gfs.<\/strong><\/p>\n<p><a href=\"https:\/\/blogs.diariosur.es\/tormentas-y-rayos\/2013\/07\/24\/aviso-amarillo-por-altas-temperaturas-en-el-valle-del-guadalquivir-seguimos-sin-terral-pero\/20130724044000_avi_mna_ccaa61\/\" rel=\"attachment wp-att-6243\"><img loading=\"lazy\" class=\"aligncenter size-full wp-image-6243\" title=\"20130724044000_avi_mna_ccaa61\" src=\"\/tormentas-y-rayos\/wp-content\/uploads\/sites\/12\/2013\/07\/20130724044000_avi_mna_ccaa61.png\" alt=\"\" width=\"500\" height=\"334\" \/><\/a><\/p>\n<p>&nbsp;<\/p>\n<p><a href=\"https:\/\/blogs.diariosur.es\/tormentas-y-rayos\/2013\/07\/24\/aviso-amarillo-por-altas-temperaturas-en-el-valle-del-guadalquivir-seguimos-sin-terral-pero\/20130724045000_avi_mna\/\" rel=\"attachment wp-att-6245\"><img loading=\"lazy\" class=\"aligncenter size-full wp-image-6245\" title=\"20130724045000_avi_mna\" src=\"\/tormentas-y-rayos\/wp-content\/uploads\/sites\/12\/2013\/07\/20130724045000_avi_mna.png\" alt=\"\" width=\"500\" height=\"334\" \/><\/a><\/p>\n<p>&nbsp;<\/p>\n<p><strong>\u00a0Si ayer martes las\u00a0m\u00e1ximas\u00a0en\u00a0Andaluc\u00eda\u00a0rondaron los 35 y 36 grados. Fuente Aemet.<\/strong><\/p>\n<p><a href=\"https:\/\/blogs.diariosur.es\/tormentas-y-rayos\/2013\/07\/24\/aviso-amarillo-por-altas-temperaturas-en-el-valle-del-guadalquivir-seguimos-sin-terral-pero\/maximas-martes\/\" rel=\"attachment wp-att-6244\"><img loading=\"lazy\" class=\"aligncenter size-medium wp-image-6244\" title=\"maximas martes\" src=\"\/tormentas-y-rayos\/wp-content\/uploads\/sites\/12\/2013\/07\/maximas-martes.jpg\" alt=\"\" width=\"581\" height=\"400\" srcset=\"https:\/\/static-blogs.diariosur.es\/wp-content\/uploads\/sites\/12\/2013\/07\/maximas-martes.jpg 727w, https:\/\/static-blogs.diariosur.es\/wp-content\/uploads\/sites\/12\/2013\/07\/maximas-martes-582x400.jpg 582w\" sizes=\"(max-width: 581px) 100vw, 581px\" \/><\/a><\/p>\n<p><strong>Ma\u00f1ana jueves se acercaran a los 39 grados en las zonas de avisos de nuestra regi\u00f3n.<\/strong><\/p>\n<p><strong>Como\u00a0pod\u00e9is\u00a0ver en el mapa, \u00a0las\u00a0m\u00e1ximas\u00a0en M\u00e1laga Capital fueron de 28.8 grados en el Puerto y de 30.6 en el Aeropuerto y Centro\u00a0Meteorol\u00f3gico. Hoy y ma\u00f1ana\u00a0seguir\u00e1n\u00a0rondando esas temperaturas, ya que el sureste\u00a0seguir\u00e1\u00a0soplando por toda la Costa\u00a0Mediterr\u00e1nea\u00a0Andaluza.<\/strong><\/p>\n<p><a href=\"https:\/\/blogs.diariosur.es\/tormentas-y-rayos\/2013\/07\/24\/aviso-amarillo-por-altas-temperaturas-en-el-valle-del-guadalquivir-seguimos-sin-terral-pero\/terralita-14\/\" rel=\"attachment wp-att-6247\"><img loading=\"lazy\" class=\"aligncenter size-full wp-image-6247\" title=\"terralita\" src=\"\/tormentas-y-rayos\/wp-content\/uploads\/sites\/12\/2013\/07\/terralita4.jpg\" alt=\"\" width=\"470\" height=\"570\" srcset=\"https:\/\/static-blogs.diariosur.es\/wp-content\/uploads\/sites\/12\/2013\/07\/terralita4.jpg 470w, https:\/\/static-blogs.diariosur.es\/wp-content\/uploads\/sites\/12\/2013\/07\/terralita4-330x400.jpg 330w\" sizes=\"(max-width: 470px) 100vw, 470px\" \/><\/a><\/p>\n<p>&nbsp;<\/p>\n<p><strong><span style=\"color: #0000ff;\">Muchos compa\u00f1eros de curro y amigos me\u00a0est\u00e1is\u00a0preguntando que este mes de julio aun no hemos tenido ni un solo dia de terral<\/span>. <\/strong><\/p>\n<p><strong><span style=\"color: #ff0000;\">Asi es amigos, pero no\u00a0cant\u00e9is\u00a0victoria porque lo mismo tenemos sorpresas . Y estas se\u00a0podr\u00edan\u00a0dar a partir del\u00a0s\u00e1bado.\u00a0 La semana pasada os comente que algo se\u00a0coc\u00eda\u00a0 pero al final no se produjo. De nuevo hay posibilidad de que se acerque una borrasca acompa\u00f1ada de una vaguada que\u00a0traer\u00e1\u00a0un role de vientos a poniente. A esto hay que unirle una masa de aire\u00a0c\u00e1lido \u00a0Sahariano que tendremos sobre la vertical de nuestra provincia y todo el sureste\u00a0Mediterr\u00e1neo. Pero permitirme que os hable con mas seguridad de esto el viernes y os lo explicare si me da tiempo con mapas. Lo mismo el viernes este mu\u00f1eco sea el protagonista del blog anunciando el primer terral. Os dejo y muchas gracias de nuevo de parte\u00a0m\u00eda\u00a0y de mi familia.<\/span><\/strong><\/p>\n<p><a href=\"https:\/\/blogs.diariosur.es\/tormentas-y-rayos\/2013\/07\/24\/aviso-amarillo-por-altas-temperaturas-en-el-valle-del-guadalquivir-seguimos-sin-terral-pero\/terralll-14\/\" rel=\"attachment wp-att-6246\"><img loading=\"lazy\" class=\"aligncenter size-medium wp-image-6246\" title=\"terralll\" src=\"\/tormentas-y-rayos\/wp-content\/uploads\/sites\/12\/2013\/07\/terralll.jpg\" alt=\"\" width=\"320\" height=\"400\" srcset=\"https:\/\/static-blogs.diariosur.es\/wp-content\/uploads\/sites\/12\/2013\/07\/terralll.jpg 430w, https:\/\/static-blogs.diariosur.es\/wp-content\/uploads\/sites\/12\/2013\/07\/terralll-320x400.jpg 320w\" sizes=\"(max-width: 320px) 100vw, 320px\" \/><\/a><\/p>\n<p>&nbsp;<\/p>\n<p>&nbsp;<\/p>\n<p>&nbsp;<\/p>\n<p>&nbsp;<\/p>\n","protected":false},"excerpt":{"rendered":"<p>Buenos dias amigos de la meteo. Son las seis y media de la ma\u00f1ana, registro 23 grados y la humedad es del 69%, datos recogidos en mi estaci\u00f3n. Mi almohada esta empapa jejejej. Antes de nada daros las gracias a todos por las muestras de cari\u00f1o y apoyo que est\u00e1is teniendo. Solo comentaros que a [&hellip;]<\/p>\n","protected":false},"author":16,"featured_media":6248,"comment_status":"open","ping_status":"open","sticky":false,"template":"","format":"standard","meta":[],"categories":[2],"tags":[81,94,100,151,962,975],"_links":{"self":[{"href":"https:\/\/blogs.diariosur.es\/tormentas-y-rayos\/wp-json\/wp\/v2\/posts\/6242"}],"collection":[{"href":"https:\/\/blogs.diariosur.es\/tormentas-y-rayos\/wp-json\/wp\/v2\/posts"}],"about":[{"href":"https:\/\/blogs.diariosur.es\/tormentas-y-rayos\/wp-json\/wp\/v2\/types\/post"}],"author":[{"embeddable":true,"href":"https:\/\/blogs.diariosur.es\/tormentas-y-rayos\/wp-json\/wp\/v2\/users\/16"}],"replies":[{"embeddable":true,"href":"https:\/\/blogs.diariosur.es\/tormentas-y-rayos\/wp-json\/wp\/v2\/comments?post=6242"}],"version-history":[{"count":0,"href":"https:\/\/blogs.diariosur.es\/tormentas-y-rayos\/wp-json\/wp\/v2\/posts\/6242\/revisions"}],"wp:featuredmedia":[{"embeddable":true,"href":"https:\/\/blogs.diariosur.es\/tormentas-y-rayos\/wp-json\/wp\/v2\/media\/6248"}],"wp:attachment":[{"href":"https:\/\/blogs.diariosur.es\/tormentas-y-rayos\/wp-json\/wp\/v2\/media?parent=6242"}],"wp:term":[{"taxonomy":"category","embeddable":true,"href":"https:\/\/blogs.diariosur.es\/tormentas-y-rayos\/wp-json\/wp\/v2\/categories?post=6242"},{"taxonomy":"post_tag","embeddable":true,"href":"https:\/\/blogs.diariosur.es\/tormentas-y-rayos\/wp-json\/wp\/v2\/tags?post=6242"}],"curies":[{"name":"wp","href":"https:\/\/api.w.org\/{rel}","templated":true}]}}