{"id":6249,"date":"2013-07-26T07:28:43","date_gmt":"2013-07-26T05:28:43","guid":{"rendered":"http:\/\/blogs.diariosur.es\/tormentas-y-rayos\/?p=6249"},"modified":"2013-07-26T07:28:43","modified_gmt":"2013-07-26T05:28:43","slug":"atencion-posibilidad-de-terral-para-el-fin-de-semana-en-malaga-capital-sin-embargo-bajan-las-temperaturas-en-otros-puntos-de-la-peninsula","status":"publish","type":"post","link":"https:\/\/blogs.diariosur.es\/tormentas-y-rayos\/2013\/07\/26\/atencion-posibilidad-de-terral-para-el-fin-de-semana-en-malaga-capital-sin-embargo-bajan-las-temperaturas-en-otros-puntos-de-la-peninsula\/","title":{"rendered":"Atencion: posibilidad de terral para el fin de semana en M\u00e1laga Capital. Sin embargo bajan las temperaturas en otros puntos de la pen\u00ednsula."},"content":{"rendered":"<p><strong>Buenos dias amigos de la meteo. Son las seis de la ma\u00f1ana, registro 24.1 grados y los cielos est\u00e1n poco nubosos.\u00a0<\/strong><\/p>\n<p><strong><span><em>Acordaros que hoy salgo en Canal Sur hablando del terral. Lo que no tengo muy claro es si la entrevista la \u00a0dar\u00e1n\u00a0al principio o al final del\u00a0informativo\u00a0que empieza a las dos y termina a las tres y media.<\/em><\/span><\/strong><\/p>\n<p>&nbsp;<\/p>\n<p><a href=\"https:\/\/blogs.diariosur.es\/tormentas-y-rayos\/2013\/07\/26\/atencion-posibilidad-de-terral-para-el-fin-de-semana-en-malaga-capital-sin-embargo-bajan-las-temperaturas-en-otros-puntos-de-la-peninsula\/terralll-15\/\" rel=\"attachment wp-att-6256\"><img loading=\"lazy\" class=\"aligncenter size-medium wp-image-6256\" title=\"terralll\" src=\"\/tormentas-y-rayos\/wp-content\/uploads\/sites\/12\/2013\/07\/terralll1.jpg\" alt=\"\" width=\"320\" height=\"400\" srcset=\"https:\/\/static-blogs.diariosur.es\/wp-content\/uploads\/sites\/12\/2013\/07\/terralll1.jpg 430w, https:\/\/static-blogs.diariosur.es\/wp-content\/uploads\/sites\/12\/2013\/07\/terralll1-320x400.jpg 320w\" sizes=\"(max-width: 320px) 100vw, 320px\" \/><\/a><\/p>\n<p><strong>Como pod\u00e9is leer en el titulo del blog, hay posibilidad que esta pr\u00f3xima madrugada entre el terral en nuestra provincia, con la consiguiente subida de temperaturas que nos tiene acostumbrados nuestro amigo malague\u00f1o. De momento en \u00a0M\u00e1laga Capital no se ha activado los avisos por altas temperaturas, en cambio la zona interior del levante, Arag\u00f3n, Catalu\u00f1a si hay ya avisos, asi como en las Islas Baleares. \u00a0Fuente aemet.<\/strong><\/p>\n<p><a href=\"https:\/\/blogs.diariosur.es\/tormentas-y-rayos\/2013\/07\/26\/atencion-posibilidad-de-terral-para-el-fin-de-semana-en-malaga-capital-sin-embargo-bajan-las-temperaturas-en-otros-puntos-de-la-peninsula\/20130725184000_avi_pmna\/\" rel=\"attachment wp-att-6250\"><img loading=\"lazy\" class=\"aligncenter size-full wp-image-6250\" title=\"20130725184000_avi_pmna\" src=\"\/tormentas-y-rayos\/wp-content\/uploads\/sites\/12\/2013\/07\/20130725184000_avi_pmna.png\" alt=\"\" width=\"500\" height=\"334\" \/><\/a><\/p>\n<p>&nbsp;<\/p>\n<p>&nbsp;<\/p>\n<p><strong>\u00a0<\/strong><\/p>\n<p><strong>Aunque tengo poco tiempo, voy a intentar explicar de forma f\u00e1cil porque en media Espa\u00f1a bajan moderadamente las temperaturas y en la otra casi media suben.<\/strong><\/p>\n<p>&nbsp;<\/p>\n<p><strong>Lo primero y lo vais a ver en el mapa que os pongo a continuaci\u00f3n, hay una borrasca poco habitual cercana al noroeste de la\u00a0pen\u00ednsula. Fuente aemet hirlam<\/strong><\/p>\n<p><a href=\"https:\/\/blogs.diariosur.es\/tormentas-y-rayos\/2013\/07\/26\/atencion-posibilidad-de-terral-para-el-fin-de-semana-en-malaga-capital-sin-embargo-bajan-las-temperaturas-en-otros-puntos-de-la-peninsula\/superficie-4\/\" rel=\"attachment wp-att-6251\"><img loading=\"lazy\" class=\"aligncenter size-medium wp-image-6251\" title=\"superficie\" src=\"\/tormentas-y-rayos\/wp-content\/uploads\/sites\/12\/2013\/07\/superficie.jpg\" alt=\"\" width=\"600\" height=\"385\" srcset=\"https:\/\/static-blogs.diariosur.es\/wp-content\/uploads\/sites\/12\/2013\/07\/superficie.jpg 696w, https:\/\/static-blogs.diariosur.es\/wp-content\/uploads\/sites\/12\/2013\/07\/superficie-623x400.jpg 623w\" sizes=\"(max-width: 600px) 100vw, 600px\" \/><\/a><\/p>\n<p><strong>Esta borrasca\u00a0 tiene un frente poco activo que cruzara la\u00a0pen\u00ednsula\u00a0de oeste a este. Os pongo esta captura que tome ayer de la pagina de meteogalicia. Y la actualizada de masas de aire cuando son las seis de la ma\u00f1ana.<\/strong><\/p>\n<p><a href=\"https:\/\/blogs.diariosur.es\/tormentas-y-rayos\/2013\/07\/26\/atencion-posibilidad-de-terral-para-el-fin-de-semana-en-malaga-capital-sin-embargo-bajan-las-temperaturas-en-otros-puntos-de-la-peninsula\/webexterna_colorir87_18-30\/\" rel=\"attachment wp-att-6252\"><img loading=\"lazy\" class=\"aligncenter size-medium wp-image-6252\" title=\"webexterna_ColorIR87_[18-30]\" src=\"\/tormentas-y-rayos\/wp-content\/uploads\/sites\/12\/2013\/07\/webexterna_ColorIR87_18-30.jpg\" alt=\"\" width=\"579\" height=\"400\" srcset=\"https:\/\/static-blogs.diariosur.es\/wp-content\/uploads\/sites\/12\/2013\/07\/webexterna_ColorIR87_18-30.jpg 750w, https:\/\/static-blogs.diariosur.es\/wp-content\/uploads\/sites\/12\/2013\/07\/webexterna_ColorIR87_18-30-579x400.jpg 579w\" sizes=\"(max-width: 579px) 100vw, 579px\" \/><\/a><\/p>\n<p>&nbsp;<\/p>\n<p><a href=\"https:\/\/blogs.diariosur.es\/tormentas-y-rayos\/2013\/07\/26\/atencion-posibilidad-de-terral-para-el-fin-de-semana-en-malaga-capital-sin-embargo-bajan-las-temperaturas-en-otros-puntos-de-la-peninsula\/viernes-actual\/\" rel=\"attachment wp-att-6259\"><img loading=\"lazy\" class=\"aligncenter size-large wp-image-6259\" title=\"viernes actual\" src=\"\/tormentas-y-rayos\/wp-content\/uploads\/sites\/12\/2013\/07\/viernes-actual.jpg\" alt=\"\" width=\"647\" height=\"600\" srcset=\"https:\/\/static-blogs.diariosur.es\/wp-content\/uploads\/sites\/12\/2013\/07\/viernes-actual.jpg 670w, https:\/\/static-blogs.diariosur.es\/wp-content\/uploads\/sites\/12\/2013\/07\/viernes-actual-432x400.jpg 432w\" sizes=\"(max-width: 647px) 100vw, 647px\" \/><\/a><\/p>\n<p><strong>\u00a0<\/strong><\/p>\n<p><strong>Este frente llegara desgastado a Andaluc\u00eda, pero si traer\u00e1 nubes medias y altas esta tarde noche, que pueden &#8220;dejar alguna gota&#8221; en la zona mas al noroeste de la regi\u00f3n, asi como una bajada de temperaturas\u00a0m\u00e1ximas en la zona occidental.\u00a0 Los chubascos ser\u00e1n mas persistentes en el norte peninsular, donde tambi\u00e9n las temperaturas bajaran moderadamente.<\/strong><\/p>\n<p><strong>Muchos preguntareis\u00a0 porque esa bajada de temperaturas en buena parte de la\u00a0pen\u00ednsula, \u00a0muy \u00a0f\u00e1cil amigos. A este frente le precede una masa de aire frio que rondara entre los 8 y 10 grados a 850 hpa ( 1500 metros), cuando hasta hace pocas horas rondaba en el norte peninsular los 18 y 20 . Os pongo una secuencia de esa masa de aire fria que afectara a la mitad de la\u00a0pen\u00ednsula.<\/strong><\/p>\n<p>&nbsp;<\/p>\n<p>&nbsp;<\/p>\n<p>&nbsp;<\/p>\n<p><a href=\"https:\/\/blogs.diariosur.es\/tormentas-y-rayos\/2013\/07\/26\/atencion-posibilidad-de-terral-para-el-fin-de-semana-en-malaga-capital-sin-embargo-bajan-las-temperaturas-en-otros-puntos-de-la-peninsula\/1-vert-6\/\" rel=\"attachment wp-att-6254\"><img loading=\"lazy\" class=\"aligncenter size-full wp-image-6254\" title=\"1-vert\" src=\"\/tormentas-y-rayos\/wp-content\/uploads\/sites\/12\/2013\/07\/1-vert1.jpg\" alt=\"\" width=\"411\" height=\"1102\" srcset=\"https:\/\/static-blogs.diariosur.es\/wp-content\/uploads\/sites\/12\/2013\/07\/1-vert1.jpg 411w, https:\/\/static-blogs.diariosur.es\/wp-content\/uploads\/sites\/12\/2013\/07\/1-vert1-149x400.jpg 149w\" sizes=\"(max-width: 411px) 100vw, 411px\" \/><\/a><\/p>\n<p>&nbsp;<\/p>\n<p><strong>Ya se lo que vais a preguntar ahora: y porque la subida de temperaturas en la otra mitad de la\u00a0pen\u00ednsula?, muy f\u00e1cil tambi\u00e9n amigos de la meteo. <\/strong><\/p>\n<p><strong>Desde el mi\u00e9rcoles nos esta afectando una masa de aire c\u00e1lido sahariana, esta masa de aire c\u00e1lido se reforzara en las pr\u00f3ximas horas \u00a0y tomara camino hacia el este de la\u00a0pen\u00ednsula,\u00a0 ya que la vaguada que entra por el oeste hace que se retire. <span style=\"color: #ff0000;\">A 850 hpa llegara casi a los 30 grados en el levante y Islas Baleares. En la provincia malague\u00f1a rondara los 22<\/span>. Os paso esta imagen del gfs.<\/strong><\/p>\n<p><a href=\"https:\/\/blogs.diariosur.es\/tormentas-y-rayos\/2013\/07\/26\/atencion-posibilidad-de-terral-para-el-fin-de-semana-en-malaga-capital-sin-embargo-bajan-las-temperaturas-en-otros-puntos-de-la-peninsula\/rtavn542\/\" rel=\"attachment wp-att-6255\"><img loading=\"lazy\" class=\"aligncenter size-medium wp-image-6255\" title=\"Rtavn542\" src=\"\/tormentas-y-rayos\/wp-content\/uploads\/sites\/12\/2013\/07\/Rtavn542.png\" alt=\"\" width=\"487\" height=\"400\" srcset=\"https:\/\/static-blogs.diariosur.es\/wp-content\/uploads\/sites\/12\/2013\/07\/Rtavn542.png 790w, https:\/\/static-blogs.diariosur.es\/wp-content\/uploads\/sites\/12\/2013\/07\/Rtavn542-488x400.png 488w, https:\/\/static-blogs.diariosur.es\/wp-content\/uploads\/sites\/12\/2013\/07\/Rtavn542-768x630.png 768w\" sizes=\"(max-width: 487px) 100vw, 487px\" \/><\/a><\/p>\n<p><strong>Y aqui viene mi duda a la hora de que entre el terral. Si el poniente sopla con mucha fuerza en la zona del Estrecho si lograra traspasar los sistemas monta\u00f1osos que rodean a M\u00e1laga, y tendr\u00edamos a nuestro amigo malague\u00f1o de protagonista. Otro factor importante es si a 850 hpa ( 1500 metros) hay una temperatura elevada en el momento de que entre. Seg\u00fan los modelos\u00a0rondar\u00edan\u00a0los 22 grados, en cambio en el levante\u00a0estar\u00eda\u00a0sobre los 30.<\/strong><\/p>\n<p><strong> No tengo muy claro si llegaremos a los 39 o 40 o nos mantendremos entre 36 o 38, que sera lo mas seguro. Os paso un mapa de vientos previsto para esta\u00a0pr\u00f3xima\u00a0madrugada en\u00a0Andaluc\u00eda\u00a0\u00a0 Ya veremos lo que pasa amigos y si al final entra y que\u00a0m\u00e1ximas\u00a0daremos.<\/strong><\/p>\n<p><a href=\"https:\/\/blogs.diariosur.es\/tormentas-y-rayos\/2013\/07\/26\/atencion-posibilidad-de-terral-para-el-fin-de-semana-en-malaga-capital-sin-embargo-bajan-las-temperaturas-en-otros-puntos-de-la-peninsula\/viento-cinco\/\" rel=\"attachment wp-att-6260\"><img loading=\"lazy\" class=\"aligncenter size-medium wp-image-6260\" title=\"viento cinco\" src=\"\/tormentas-y-rayos\/wp-content\/uploads\/sites\/12\/2013\/07\/viento-cinco.jpg\" alt=\"\" width=\"491\" height=\"400\" srcset=\"https:\/\/static-blogs.diariosur.es\/wp-content\/uploads\/sites\/12\/2013\/07\/viento-cinco.jpg 721w, https:\/\/static-blogs.diariosur.es\/wp-content\/uploads\/sites\/12\/2013\/07\/viento-cinco-491x400.jpg 491w\" sizes=\"(max-width: 491px) 100vw, 491px\" \/><\/a><\/p>\n<p>&nbsp;<\/p>\n<p><strong>Os hablo un poquito del jueves.\u00a0<\/strong><\/p>\n<p><strong>Ayer jueves las\u00a0m\u00e1ximas\u00a0registradas fueron de 27.8 grados en el Puerto, 29.9 en la zona de Teatinos y de 31 en el Aeropuerto. Cuando sali del Hospital sobre las nueve y media me llegue a la zona de la playa de la misericordia,\u00a0necesitaba\u00a0cargar las pilas y\u00a0fotografi\u00e9\u00a0unos bonitos cirros spissatus que\u00a0hab\u00eda\u00a0en los cielos malague\u00f1os. Mas tarde no pude fotografiar la boria que entro sobre el\u00a0mediod\u00eda\u00a0 ya que estaba dormido. Os paso la foto.<\/strong><\/p>\n<p><a href=\"https:\/\/blogs.diariosur.es\/tormentas-y-rayos\/2013\/07\/26\/atencion-posibilidad-de-terral-para-el-fin-de-semana-en-malaga-capital-sin-embargo-bajan-las-temperaturas-en-otros-puntos-de-la-peninsula\/olympus-digital-camera-1380\/\" rel=\"attachment wp-att-6258\"><img loading=\"lazy\" class=\"aligncenter size-full wp-image-6258\" title=\"OLYMPUS DIGITAL CAMERA\" src=\"\/tormentas-y-rayos\/wp-content\/uploads\/sites\/12\/2013\/07\/001001.jpg\" alt=\"\" width=\"660\" height=\"495\" srcset=\"https:\/\/static-blogs.diariosur.es\/wp-content\/uploads\/sites\/12\/2013\/07\/001001.jpg 660w, https:\/\/static-blogs.diariosur.es\/wp-content\/uploads\/sites\/12\/2013\/07\/001001-533x400.jpg 533w\" sizes=\"(max-width: 660px) 100vw, 660px\" \/><\/a><\/p>\n<p>&nbsp;<\/p>\n<p><strong>Estaros atentos al cielo esta tarde y madrugada del\u00a0s\u00e1bado\u00a0porque podemos tener candilazo.<\/strong><\/p>\n<p><strong>Poco mas que contar, os dejo con esta impresionante foto de Yolanda Mu\u00f1oz . Impresionantes esos granizos del dia pasado en Gudar ( Teruel)\u00a0<\/strong><\/p>\n<p><a href=\"https:\/\/blogs.diariosur.es\/tormentas-y-rayos\/2013\/07\/26\/atencion-posibilidad-de-terral-para-el-fin-de-semana-en-malaga-capital-sin-embargo-bajan-las-temperaturas-en-otros-puntos-de-la-peninsula\/yolanda-munoz\/\" rel=\"attachment wp-att-6257\"><img loading=\"lazy\" class=\"aligncenter size-large wp-image-6257\" title=\"yolanda mu\u00f1oz\" src=\"\/tormentas-y-rayos\/wp-content\/uploads\/sites\/12\/2013\/07\/yolanda-mu\u00f1oz.jpg\" alt=\"\" width=\"337\" height=\"600\" srcset=\"https:\/\/static-blogs.diariosur.es\/wp-content\/uploads\/sites\/12\/2013\/07\/yolanda-mu\u00f1oz.jpg 450w, https:\/\/static-blogs.diariosur.es\/wp-content\/uploads\/sites\/12\/2013\/07\/yolanda-mu\u00f1oz-225x400.jpg 225w\" sizes=\"(max-width: 337px) 100vw, 337px\" \/><\/a><\/p>\n<p>&nbsp;<\/p>\n","protected":false},"excerpt":{"rendered":"<p>Buenos dias amigos de la meteo. Son las seis de la ma\u00f1ana, registro 24.1 grados y los cielos est\u00e1n poco nubosos.\u00a0 Acordaros que hoy salgo en Canal Sur hablando del terral. Lo que no tengo muy claro es si la entrevista la \u00a0dar\u00e1n\u00a0al principio o al final del\u00a0informativo\u00a0que empieza a las dos y termina a [&hellip;]<\/p>\n","protected":false},"author":16,"featured_media":6260,"comment_status":"open","ping_status":"open","sticky":false,"template":"","format":"standard","meta":[],"categories":[2],"tags":[160,587,809,961,975,980],"_links":{"self":[{"href":"https:\/\/blogs.diariosur.es\/tormentas-y-rayos\/wp-json\/wp\/v2\/posts\/6249"}],"collection":[{"href":"https:\/\/blogs.diariosur.es\/tormentas-y-rayos\/wp-json\/wp\/v2\/posts"}],"about":[{"href":"https:\/\/blogs.diariosur.es\/tormentas-y-rayos\/wp-json\/wp\/v2\/types\/post"}],"author":[{"embeddable":true,"href":"https:\/\/blogs.diariosur.es\/tormentas-y-rayos\/wp-json\/wp\/v2\/users\/16"}],"replies":[{"embeddable":true,"href":"https:\/\/blogs.diariosur.es\/tormentas-y-rayos\/wp-json\/wp\/v2\/comments?post=6249"}],"version-history":[{"count":0,"href":"https:\/\/blogs.diariosur.es\/tormentas-y-rayos\/wp-json\/wp\/v2\/posts\/6249\/revisions"}],"wp:featuredmedia":[{"embeddable":true,"href":"https:\/\/blogs.diariosur.es\/tormentas-y-rayos\/wp-json\/wp\/v2\/media\/6260"}],"wp:attachment":[{"href":"https:\/\/blogs.diariosur.es\/tormentas-y-rayos\/wp-json\/wp\/v2\/media?parent=6249"}],"wp:term":[{"taxonomy":"category","embeddable":true,"href":"https:\/\/blogs.diariosur.es\/tormentas-y-rayos\/wp-json\/wp\/v2\/categories?post=6249"},{"taxonomy":"post_tag","embeddable":true,"href":"https:\/\/blogs.diariosur.es\/tormentas-y-rayos\/wp-json\/wp\/v2\/tags?post=6249"}],"curies":[{"name":"wp","href":"https:\/\/api.w.org\/{rel}","templated":true}]}}