{"id":6262,"date":"2013-07-27T07:27:04","date_gmt":"2013-07-27T05:27:04","guid":{"rendered":"http:\/\/blogs.diariosur.es\/tormentas-y-rayos\/?p=6262"},"modified":"2013-07-27T07:27:04","modified_gmt":"2013-07-27T05:27:04","slug":"ultima-hora-chubascos-en-andalucia-entrevista-canal-sur-hablando-del-terral","status":"publish","type":"post","link":"https:\/\/blogs.diariosur.es\/tormentas-y-rayos\/2013\/07\/27\/ultima-hora-chubascos-en-andalucia-entrevista-canal-sur-hablando-del-terral\/","title":{"rendered":"Ultima hora: chubascos en Andaluc\u00eda. Entrevista Canal sur  hablando del terral"},"content":{"rendered":"<p><strong>Buenos dias amigos de la meteo. Son las seis y veinte de la ma\u00f1ana, registro 23 grados y los cielos est\u00e1n despejados<span style=\"color: #ff0000;\"> de momento.<\/span><\/strong><\/p>\n<p><strong>No pensaba abrir otro post, pero al ver anoche que el frente se reactivaba os cuento un par de cosillas. Antes os dejo e enlace donde explico porque se da esta situaci\u00f3n. <a href=\"https:\/\/blogs.diariosur.es\/tormentas-y-rayos\/2013\/07\/26\/atencion-posibilidad-de-terral-para-el-fin-de-semana-en-malaga-capital-sin-embargo-bajan-las-temperaturas-en-otros-puntos-de-la-peninsula\/\">\u00a0ENLACE BORRASCA POCO HABITUAL<\/a>.\u00a0<\/strong><\/p>\n<p><strong>En estos momentos caen chubascos en la provincia de Huelva . No se porque motivo la borrasca se ha reactivado, asi como el frente al llegar a la\u00a0pen\u00ednsula. \u00a0Estas\u00a0im\u00e1genes\u00a0del\u00a0sat\u00e9lite\u00a0eumetsat lo dicen todo.<\/strong><\/p>\n<p><a href=\"https:\/\/blogs.diariosur.es\/tormentas-y-rayos\/2013\/07\/27\/ultima-hora-chubascos-en-andalucia-entrevista-canal-sur-hablando-del-terral\/borrasca-sabado-3\/\" rel=\"attachment wp-att-6263\"><img loading=\"lazy\" class=\"aligncenter size-medium wp-image-6263\" title=\"borrasca sabado\" src=\"\/tormentas-y-rayos\/wp-content\/uploads\/sites\/12\/2013\/07\/borrasca-sabado.jpg\" alt=\"\" width=\"579\" height=\"400\" srcset=\"https:\/\/static-blogs.diariosur.es\/wp-content\/uploads\/sites\/12\/2013\/07\/borrasca-sabado.jpg 750w, https:\/\/static-blogs.diariosur.es\/wp-content\/uploads\/sites\/12\/2013\/07\/borrasca-sabado-579x400.jpg 579w\" sizes=\"(max-width: 579px) 100vw, 579px\" \/><\/a><\/p>\n<p><strong>Fijaros en el radar, no parece que estemos en julio, que fuerte. Pero tambien os comento que alguna vez se han dado estas situaciones, pero son una raya en el agua. Asi es la meteo.<\/strong><\/p>\n<p><a href=\"https:\/\/blogs.diariosur.es\/tormentas-y-rayos\/2013\/07\/27\/ultima-hora-chubascos-en-andalucia-entrevista-canal-sur-hablando-del-terral\/201307270440_r8se\/\" rel=\"attachment wp-att-6264\"><img loading=\"lazy\" class=\"aligncenter size-full wp-image-6264\" title=\"201307270440_r8se\" src=\"\/tormentas-y-rayos\/wp-content\/uploads\/sites\/12\/2013\/07\/201307270440_r8se.gif\" alt=\"\" width=\"480\" height=\"530\" \/><\/a><\/p>\n<p>&nbsp;<\/p>\n<p><strong>A nuestra provincia malague\u00f1a llegara esta nubosidad a partir del mediod\u00eda, ser\u00e1n nubes medias y altas, que puede dejar algunas gotas. Una vez que pase el frente el terral entrara soplando entre moderado y fuerte. Si amigos, &#8220;tendremos terral&#8221; pero la temperatura no alcanzara valores muy altos. Lo malo que ma\u00f1ana el agua del mar\u00a0estar\u00e1\u00a0tela de\u00a0<\/strong><strong>fr\u00eda.<\/strong><\/p>\n<p><a href=\"https:\/\/blogs.diariosur.es\/tormentas-y-rayos\/2013\/07\/27\/ultima-hora-chubascos-en-andalucia-entrevista-canal-sur-hablando-del-terral\/terralll1-320x400\/\" rel=\"attachment wp-att-6269\"><img loading=\"lazy\" class=\"aligncenter size-full wp-image-6269\" title=\"terralll1-320x400\" src=\"\/tormentas-y-rayos\/wp-content\/uploads\/sites\/12\/2013\/07\/terralll1.jpg\" alt=\"\" width=\"320\" height=\"400\" \/><\/a><\/p>\n<p>&nbsp;<\/p>\n<p>&nbsp;<\/p>\n<p>&nbsp;<\/p>\n<p><strong>Ayer viernes ya tuvimos alguna reboza de terral, un cliente que venia de la zona de Cartama y Campanillas, me comento sobre las dos de la tarde que el aire en esa zona estaba caliente<\/strong>.<strong> Os paso unos\u00a0gr\u00e1ficos\u00a0fuente aemet y fijaros en la diferencia de temperatura entre el puerto y aeropuerto.<\/strong><\/p>\n<p><a href=\"https:\/\/blogs.diariosur.es\/tormentas-y-rayos\/2013\/07\/27\/ultima-hora-chubascos-en-andalucia-entrevista-canal-sur-hablando-del-terral\/maxima-viernes\/\" rel=\"attachment wp-att-6265\"><img loading=\"lazy\" class=\"aligncenter size-full wp-image-6265\" title=\"maxima viernes\" src=\"\/tormentas-y-rayos\/wp-content\/uploads\/sites\/12\/2013\/07\/maxima-viernes.jpg\" alt=\"\" width=\"466\" height=\"173\" \/><\/a><a href=\"https:\/\/blogs.diariosur.es\/tormentas-y-rayos\/2013\/07\/27\/ultima-hora-chubascos-en-andalucia-entrevista-canal-sur-hablando-del-terral\/maxima-viernes-puerto\/\" rel=\"attachment wp-att-6266\"><img loading=\"lazy\" class=\"aligncenter size-full wp-image-6266\" title=\"maxima viernes puerto\" src=\"\/tormentas-y-rayos\/wp-content\/uploads\/sites\/12\/2013\/07\/maxima-viernes-puerto.jpg\" alt=\"\" width=\"462\" height=\"181\" \/><\/a><a href=\"https:\/\/blogs.diariosur.es\/tormentas-y-rayos\/2013\/07\/27\/ultima-hora-chubascos-en-andalucia-entrevista-canal-sur-hablando-del-terral\/lucha-2\/\" rel=\"attachment wp-att-6267\"><img loading=\"lazy\" class=\"aligncenter size-medium wp-image-6267\" title=\"lucha\" src=\"\/tormentas-y-rayos\/wp-content\/uploads\/sites\/12\/2013\/07\/lucha.jpg\" alt=\"\" width=\"600\" height=\"245\" srcset=\"https:\/\/static-blogs.diariosur.es\/wp-content\/uploads\/sites\/12\/2013\/07\/lucha.jpg 797w, https:\/\/static-blogs.diariosur.es\/wp-content\/uploads\/sites\/12\/2013\/07\/lucha-640x262.jpg 640w, https:\/\/static-blogs.diariosur.es\/wp-content\/uploads\/sites\/12\/2013\/07\/lucha-768x314.jpg 768w\" sizes=\"(max-width: 600px) 100vw, 600px\" \/><\/a><a href=\"https:\/\/blogs.diariosur.es\/tormentas-y-rayos\/2013\/07\/27\/ultima-hora-chubascos-en-andalucia-entrevista-canal-sur-hablando-del-terral\/lucha-aeropuerto\/\" rel=\"attachment wp-att-6268\"><img loading=\"lazy\" class=\"aligncenter size-medium wp-image-6268\" title=\"lucha aeropuerto\" src=\"\/tormentas-y-rayos\/wp-content\/uploads\/sites\/12\/2013\/07\/lucha-aeropuerto.jpg\" alt=\"\" width=\"600\" height=\"267\" srcset=\"https:\/\/static-blogs.diariosur.es\/wp-content\/uploads\/sites\/12\/2013\/07\/lucha-aeropuerto.jpg 720w, https:\/\/static-blogs.diariosur.es\/wp-content\/uploads\/sites\/12\/2013\/07\/lucha-aeropuerto-640x285.jpg 640w\" sizes=\"(max-width: 600px) 100vw, 600px\" \/><\/a><\/p>\n<p>&nbsp;<\/p>\n<p><strong>Os dejo con el video de la entrevista que me hizo Canal Sur la semana pasada. Perdonar por la mala grabaci\u00f3n.\u00a0Cog\u00ed\u00a0la\u00a0c\u00e1mara\u00a0y grabe la entrevista cuando la daban en la tele. Os dejo que hoy me espera un dia muy largo. Esta noche me quedo con mi padre en el Hospital, de momento sigue estable.\u00a0<\/strong><\/p>\n<p>&nbsp;<\/p>\n<p><iframe loading=\"lazy\" src=\"\/\/www.youtube.com\/embed\/Z_3wRWjmIj8\" frameborder=\"0\" width=\"640\" height=\"360\"><\/iframe><\/p>\n","protected":false},"excerpt":{"rendered":"<p>Buenos dias amigos de la meteo. Son las seis y veinte de la ma\u00f1ana, registro 23 grados y los cielos est\u00e1n despejados de momento. No pensaba abrir otro post, pero al ver anoche que el frente se reactivaba os cuento un par de cosillas. Antes os dejo e enlace donde explico porque se da esta [&hellip;]<\/p>\n","protected":false},"author":16,"featured_media":6264,"comment_status":"open","ping_status":"open","sticky":false,"template":"","format":"standard","meta":[],"categories":[2],"tags":[100,188,218,249,368,485,587,975,1028,1056],"_links":{"self":[{"href":"https:\/\/blogs.diariosur.es\/tormentas-y-rayos\/wp-json\/wp\/v2\/posts\/6262"}],"collection":[{"href":"https:\/\/blogs.diariosur.es\/tormentas-y-rayos\/wp-json\/wp\/v2\/posts"}],"about":[{"href":"https:\/\/blogs.diariosur.es\/tormentas-y-rayos\/wp-json\/wp\/v2\/types\/post"}],"author":[{"embeddable":true,"href":"https:\/\/blogs.diariosur.es\/tormentas-y-rayos\/wp-json\/wp\/v2\/users\/16"}],"replies":[{"embeddable":true,"href":"https:\/\/blogs.diariosur.es\/tormentas-y-rayos\/wp-json\/wp\/v2\/comments?post=6262"}],"version-history":[{"count":0,"href":"https:\/\/blogs.diariosur.es\/tormentas-y-rayos\/wp-json\/wp\/v2\/posts\/6262\/revisions"}],"wp:featuredmedia":[{"embeddable":true,"href":"https:\/\/blogs.diariosur.es\/tormentas-y-rayos\/wp-json\/wp\/v2\/media\/6264"}],"wp:attachment":[{"href":"https:\/\/blogs.diariosur.es\/tormentas-y-rayos\/wp-json\/wp\/v2\/media?parent=6262"}],"wp:term":[{"taxonomy":"category","embeddable":true,"href":"https:\/\/blogs.diariosur.es\/tormentas-y-rayos\/wp-json\/wp\/v2\/categories?post=6262"},{"taxonomy":"post_tag","embeddable":true,"href":"https:\/\/blogs.diariosur.es\/tormentas-y-rayos\/wp-json\/wp\/v2\/tags?post=6262"}],"curies":[{"name":"wp","href":"https:\/\/api.w.org\/{rel}","templated":true}]}}