{"id":6270,"date":"2013-07-29T07:20:26","date_gmt":"2013-07-29T05:20:26","guid":{"rendered":"http:\/\/blogs.diariosur.es\/tormentas-y-rayos\/?p=6270"},"modified":"2013-07-29T07:20:26","modified_gmt":"2013-07-29T05:20:26","slug":"el-terral-dara-paso-al-levante-las-altas-temperaturas-seran-las-protagonistas-a-partir-del-miercoles","status":"publish","type":"post","link":"https:\/\/blogs.diariosur.es\/tormentas-y-rayos\/2013\/07\/29\/el-terral-dara-paso-al-levante-las-altas-temperaturas-seran-las-protagonistas-a-partir-del-miercoles\/","title":{"rendered":"&#8220;El terral&#8221; dar\u00e1 paso al levante. Las altas temperaturas ser\u00e1n las protagonistas a partir del mi\u00e9rcoles."},"content":{"rendered":"<p><strong>Hola amigos de la meteo. Son las cuatro y media \u00a0de la ma\u00f1ana, registro 23.9 \u00a0grados y el terral sigue soplando.<\/strong><\/p>\n<p><strong>Hoy lunes \u00a0hay posibilidad de que entre una<span style=\"color: #ff0000;\"> miniminigalerna,<\/span> el cambio de terral a levante puede traer durante unos minutos rachas moderadas de viento. No lo tengo muy claro, pero lo mismo se da, aunque no creo que tenga la fuerza como la que se dio el a\u00f1o pasado \u00a0el 31 de agosto, como el 14 de septiembre. Si se da sobre la una de la tarde sera curioso ver el\u00a0baj\u00f3n\u00a0de temperatura que se\u00a0dar\u00e1\u00a0en poco tiempo.<\/strong><\/p>\n<p><strong>Una vez entre el levante, seguir\u00e1 con nosotros varios d\u00edas y una nueva masa de<span style=\"color: #ff00ff;\"> aire c\u00e1lido sahariano tomara protagonismo a partir del mi\u00e9rcoles<\/span>. Esto har\u00e1 que las temperaturas se recuperen en esos sitios donde estos d\u00edas han dado un baj\u00f3n considerable. Las\u00a0m\u00e1ximas\u00a0en el Valle del Guadalquivir y Extremadura pueden estar cercanas a los<span style=\"color: #ff00ff;\"> 42 y 43 grados.\u00a0<\/span><\/strong><\/p>\n<p><span style=\"color: #ff0000;\"><strong>La AEMET ha sacado una nota informativa sobre este nuevo episodio de calor.<\/strong><\/span><\/p>\n<p><a href=\"https:\/\/blogs.diariosur.es\/tormentas-y-rayos\/2013\/07\/29\/el-terral-dara-paso-al-levante-las-altas-temperaturas-seran-las-protagonistas-a-partir-del-miercoles\/captura-158\/\" rel=\"attachment wp-att-6277\"><img loading=\"lazy\" class=\"aligncenter size-medium wp-image-6277\" title=\"Captura\" src=\"\/tormentas-y-rayos\/wp-content\/uploads\/sites\/12\/2013\/07\/Captura2.jpg\" alt=\"\" width=\"481\" height=\"400\" srcset=\"https:\/\/static-blogs.diariosur.es\/wp-content\/uploads\/sites\/12\/2013\/07\/Captura2.jpg 726w, https:\/\/static-blogs.diariosur.es\/wp-content\/uploads\/sites\/12\/2013\/07\/Captura2-482x400.jpg 482w\" sizes=\"(max-width: 481px) 100vw, 481px\" \/><\/a><\/p>\n<p>&nbsp;<\/p>\n<p><img loading=\"lazy\" class=\"aligncenter\" src=\"https:\/\/fbcdn-sphotos-e-a.akamaihd.net\/hphotos-ak-ash3\/942647_443547012409434_1349864278_n.jpg\" alt=\"\" width=\"430\" height=\"526\" \/><\/p>\n<p>&nbsp;<\/p>\n<p><strong>Hablemos un poco de este raro fin de semana jijiji. <\/strong><\/p>\n<p><strong>&#8220;El terral&#8221; ha sido el protagonista, y muchos me preguntareis, si no ha hecho mucho calor. Pues si amigos, en mas de una ocasi\u00f3n en verano se puede dar esta circunstancia, que soplando terral la m\u00e1xima no pase de 34 grados. Factores que han influido: pues pienso que la nubosidad, <a href=\"https:\/\/blogs.diariosur.es\/tormentas-y-rayos\/2013\/07\/26\/atencion-posibilidad-de-terral-para-el-fin-de-semana-en-malaga-capital-sin-embargo-bajan-las-temperaturas-en-otros-puntos-de-la-peninsula\/\">la masa de aire frio que habl\u00e1bamos el otro dia \u00a0y las isos a 850 Hpa \u00a0que estaban bajas<\/a>.\u00a0<\/strong><\/p>\n<p><strong>Eso si, se han dado \u00a0cielos impresionantes tanto el s\u00e1bado como el domingo, y la verdad que para ser julio es algo que no se suele dar en M\u00e1laga. Por poner un ejemplo, este precioso lenticular que fotografi\u00e9 el s\u00e1bado cuando salia del curro para comer.<\/strong><\/p>\n<p><strong>\u00a0<\/strong><\/p>\n<p>&nbsp;<\/p>\n<p><a href=\"https:\/\/blogs.diariosur.es\/tormentas-y-rayos\/2013\/07\/29\/el-terral-dara-paso-al-levante-las-altas-temperaturas-seran-las-protagonistas-a-partir-del-miercoles\/attachment\/050050\/\" rel=\"attachment wp-att-6271\"><img loading=\"lazy\" class=\"aligncenter size-full wp-image-6271\" title=\"050050\" src=\"\/tormentas-y-rayos\/wp-content\/uploads\/sites\/12\/2013\/07\/050050.jpg\" alt=\"\" width=\"660\" height=\"440\" srcset=\"https:\/\/static-blogs.diariosur.es\/wp-content\/uploads\/sites\/12\/2013\/07\/050050.jpg 660w, https:\/\/static-blogs.diariosur.es\/wp-content\/uploads\/sites\/12\/2013\/07\/050050-600x400.jpg 600w\" sizes=\"(max-width: 660px) 100vw, 660px\" \/><\/a><\/p>\n<p><strong>Cuando me iba de nuevo para el trabajo desde la terraza aun\u00a0segu\u00edan\u00a0esos impresionantes cielos, que en la zona del Puerto de la Torre dejaron unas cuantas gotas, esa gotas le cayeron a nuestro amigo Kiko Kik\u00f3n \u00a0que lo comentaba el dia pasado en facebook, en la foto se aprecia una cortina de agua..<\/strong><\/p>\n<p><a href=\"https:\/\/blogs.diariosur.es\/tormentas-y-rayos\/2013\/07\/29\/el-terral-dara-paso-al-levante-las-altas-temperaturas-seran-las-protagonistas-a-partir-del-miercoles\/olympus-digital-camera-1381\/\" rel=\"attachment wp-att-6272\"><img loading=\"lazy\" class=\"aligncenter size-full wp-image-6272\" title=\"OLYMPUS DIGITAL CAMERA\" src=\"\/tormentas-y-rayos\/wp-content\/uploads\/sites\/12\/2013\/07\/005005.jpg\" alt=\"\" width=\"660\" height=\"495\" srcset=\"https:\/\/static-blogs.diariosur.es\/wp-content\/uploads\/sites\/12\/2013\/07\/005005.jpg 660w, https:\/\/static-blogs.diariosur.es\/wp-content\/uploads\/sites\/12\/2013\/07\/005005-533x400.jpg 533w\" sizes=\"(max-width: 660px) 100vw, 660px\" \/><\/a><\/p>\n<p><strong>Cuando sal\u00ed por la tarde noche tire para el Hospital, antes de llegar fotografi\u00e9 este precioso anochecer.<\/strong><\/p>\n<p><a href=\"https:\/\/blogs.diariosur.es\/tormentas-y-rayos\/2013\/07\/29\/el-terral-dara-paso-al-levante-las-altas-temperaturas-seran-las-protagonistas-a-partir-del-miercoles\/attachment\/051051\/\" rel=\"attachment wp-att-6273\"><img loading=\"lazy\" class=\"aligncenter size-full wp-image-6273\" title=\"051051\" src=\"\/tormentas-y-rayos\/wp-content\/uploads\/sites\/12\/2013\/07\/051051.jpg\" alt=\"\" width=\"660\" height=\"440\" srcset=\"https:\/\/static-blogs.diariosur.es\/wp-content\/uploads\/sites\/12\/2013\/07\/051051.jpg 660w, https:\/\/static-blogs.diariosur.es\/wp-content\/uploads\/sites\/12\/2013\/07\/051051-600x400.jpg 600w\" sizes=\"(max-width: 660px) 100vw, 660px\" \/><\/a><\/p>\n<p><strong>El amanecer del domingo fue impresionante, la foto esta hecha desde la Cl\u00ednica o Hospital el \u00c1ngel. Desde aqu\u00ed dar las gracias a todo el equipo de la cuarta planta, un abrazo.<\/strong><\/p>\n<p><a href=\"https:\/\/blogs.diariosur.es\/tormentas-y-rayos\/2013\/07\/29\/el-terral-dara-paso-al-levante-las-altas-temperaturas-seran-las-protagonistas-a-partir-del-miercoles\/attachment\/054054\/\" rel=\"attachment wp-att-6274\"><img loading=\"lazy\" class=\"aligncenter size-full wp-image-6274\" title=\"054054\" src=\"\/tormentas-y-rayos\/wp-content\/uploads\/sites\/12\/2013\/07\/054054.jpg\" alt=\"\" width=\"660\" height=\"440\" srcset=\"https:\/\/static-blogs.diariosur.es\/wp-content\/uploads\/sites\/12\/2013\/07\/054054.jpg 660w, https:\/\/static-blogs.diariosur.es\/wp-content\/uploads\/sites\/12\/2013\/07\/054054-600x400.jpg 600w\" sizes=\"(max-width: 660px) 100vw, 660px\" \/><\/a><\/p>\n<p><strong>Pensaba quedarme en casa cuando sal\u00ed del Hospital, pero cog\u00ed la moto y tire para Torre de Benagalb\u00f3n, toda la familia de Geno estaban all\u00ed. Desde aqu\u00ed un besito muy grande a mi nuevo sobrino Iv\u00e1n, que naci\u00f3 hace 5 d\u00edas.\u00a0<\/strong><\/p>\n<p><a href=\"https:\/\/blogs.diariosur.es\/tormentas-y-rayos\/2013\/07\/29\/el-terral-dara-paso-al-levante-las-altas-temperaturas-seran-las-protagonistas-a-partir-del-miercoles\/olympus-digital-camera-1382\/\" rel=\"attachment wp-att-6275\"><img loading=\"lazy\" class=\"aligncenter size-medium wp-image-6275\" title=\"OLYMPUS DIGITAL CAMERA\" src=\"\/tormentas-y-rayos\/wp-content\/uploads\/sites\/12\/2013\/07\/032032.jpg\" alt=\"\" width=\"533\" height=\"400\" srcset=\"https:\/\/static-blogs.diariosur.es\/wp-content\/uploads\/sites\/12\/2013\/07\/032032.jpg 800w, https:\/\/static-blogs.diariosur.es\/wp-content\/uploads\/sites\/12\/2013\/07\/032032-533x400.jpg 533w, https:\/\/static-blogs.diariosur.es\/wp-content\/uploads\/sites\/12\/2013\/07\/032032-768x576.jpg 768w\" sizes=\"(max-width: 533px) 100vw, 533px\" \/><\/a><\/p>\n<p>&nbsp;<\/p>\n<p><strong>En el Rinc\u00f3n y en Torre de Benagalb\u00f3n el poniente era el protagonista, soplaba moderado al\u00a0mediod\u00eda, \u00a0luego sobre las cuatro de la tarde las rachas de viento eran mas fuertes. El cielo tambien se puso precioso y lo acompa\u00f1o una mariposa jejejej.<\/strong><\/p>\n<p><strong> ALTOCUMULUS STRATIFORMIS TRASLUCIDUS.<\/strong><\/p>\n<p><a href=\"https:\/\/blogs.diariosur.es\/tormentas-y-rayos\/2013\/07\/29\/el-terral-dara-paso-al-levante-las-altas-temperaturas-seran-las-protagonistas-a-partir-del-miercoles\/olympus-digital-camera-1383\/\" rel=\"attachment wp-att-6278\"><img loading=\"lazy\" class=\"aligncenter size-full wp-image-6278\" title=\"OLYMPUS DIGITAL CAMERA\" src=\"\/tormentas-y-rayos\/wp-content\/uploads\/sites\/12\/2013\/07\/012012.jpg\" alt=\"\" width=\"660\" height=\"495\" srcset=\"https:\/\/static-blogs.diariosur.es\/wp-content\/uploads\/sites\/12\/2013\/07\/012012.jpg 660w, https:\/\/static-blogs.diariosur.es\/wp-content\/uploads\/sites\/12\/2013\/07\/012012-533x400.jpg 533w\" sizes=\"(max-width: 660px) 100vw, 660px\" \/><\/a><\/p>\n<p><strong>preciosa\u00a0<strong>Papilio machaon<\/strong><\/strong><\/p>\n<p><a href=\"https:\/\/blogs.diariosur.es\/tormentas-y-rayos\/2013\/07\/29\/el-terral-dara-paso-al-levante-las-altas-temperaturas-seran-las-protagonistas-a-partir-del-miercoles\/olympus-digital-camera-1384\/\" rel=\"attachment wp-att-6279\"><img loading=\"lazy\" class=\"aligncenter size-full wp-image-6279\" title=\"OLYMPUS DIGITAL CAMERA\" src=\"\/tormentas-y-rayos\/wp-content\/uploads\/sites\/12\/2013\/07\/024024.jpg\" alt=\"\" width=\"660\" height=\"495\" srcset=\"https:\/\/static-blogs.diariosur.es\/wp-content\/uploads\/sites\/12\/2013\/07\/024024.jpg 660w, https:\/\/static-blogs.diariosur.es\/wp-content\/uploads\/sites\/12\/2013\/07\/024024-533x400.jpg 533w\" sizes=\"(max-width: 660px) 100vw, 660px\" \/><\/a><\/p>\n<p><strong>Sobre las cuatro y cuarto volv\u00eda con la moto para M\u00e1laga, me tuve que poner un quitavientos que tengo en la moto, ya que sent\u00eda fresquete, y nos os exagero. Cuando iba por la zona del Arroyo Granadilla los term\u00f3metros marcaban 23.8 grados, que unido a la fuerza del viento hacia que la sensaci\u00f3n fuera de mucho mas fr\u00edo. Sobre las cuatro mucha gente se marchaba de la playa.<\/strong><\/p>\n<p><strong>Lo que fue curioso es que no sent\u00ed el terral hasta llegar a Carranque, en la zona del puerto y teatinos tenia que haber mas de 7 grados de diferencia. Cuando llegue mire el\u00a0gr\u00e1fico\u00a0de temperaturas del puerto y de teatinos y ciertamente hab\u00eda esa diferencia de grados. Os paso el\u00a0gr\u00e1fico\u00a0del Aeropuerto y fijarse como a la misma hora\u00a0hab\u00eda\u00a0esa gran diferencia de temperatura, compararla con el\u00a0gr\u00e1fico\u00a0del Puerto de mas abajo.<\/strong><\/p>\n<p>&nbsp;<\/p>\n<p><a href=\"https:\/\/blogs.diariosur.es\/tormentas-y-rayos\/2013\/07\/29\/el-terral-dara-paso-al-levante-las-altas-temperaturas-seran-las-protagonistas-a-partir-del-miercoles\/aeropuertooooooo\/\" rel=\"attachment wp-att-6283\"><img loading=\"lazy\" class=\"aligncenter size-medium wp-image-6283\" title=\"aeropuertooooooo\" src=\"\/tormentas-y-rayos\/wp-content\/uploads\/sites\/12\/2013\/07\/aeropuertooooooo.jpg\" alt=\"\" width=\"600\" height=\"248\" srcset=\"https:\/\/static-blogs.diariosur.es\/wp-content\/uploads\/sites\/12\/2013\/07\/aeropuertooooooo.jpg 757w, https:\/\/static-blogs.diariosur.es\/wp-content\/uploads\/sites\/12\/2013\/07\/aeropuertooooooo-640x265.jpg 640w\" sizes=\"(max-width: 600px) 100vw, 600px\" \/><\/a><\/p>\n<p><strong><span style=\"color: #0000ff;\"> Pero lo mas sorprendente es que la maxima del puerto se dio a las 8 de la tarde, una reboza de \u00a0terral puro del norte\u00a0bajar\u00eda\u00a0por la cuenca del Guadalmedina y hizo subir la temperatura en esa zona. Bestial amigos.<\/span><\/strong><\/p>\n<p><strong>Os paso los\u00a0gr\u00e1ficos\u00a0fuente aemet que capture ayer domingo a las nueve.\u00a0Pod\u00e9is\u00a0apreciar el giro del viento en el\u00a0gr\u00e1fico.<\/strong><\/p>\n<p><a href=\"https:\/\/blogs.diariosur.es\/tormentas-y-rayos\/2013\/07\/29\/el-terral-dara-paso-al-levante-las-altas-temperaturas-seran-las-protagonistas-a-partir-del-miercoles\/bestial\/\" rel=\"attachment wp-att-6280\"><img loading=\"lazy\" class=\"aligncenter size-full wp-image-6280\" title=\"bestial\" src=\"\/tormentas-y-rayos\/wp-content\/uploads\/sites\/12\/2013\/07\/bestial.jpg\" alt=\"\" width=\"446\" height=\"186\" \/><\/a><a href=\"https:\/\/blogs.diariosur.es\/tormentas-y-rayos\/2013\/07\/29\/el-terral-dara-paso-al-levante-las-altas-temperaturas-seran-las-protagonistas-a-partir-del-miercoles\/maxima-7\/\" rel=\"attachment wp-att-6281\"><img loading=\"lazy\" class=\"aligncenter size-medium wp-image-6281\" title=\"maxima\" src=\"\/tormentas-y-rayos\/wp-content\/uploads\/sites\/12\/2013\/07\/maxima.jpg\" alt=\"\" width=\"600\" height=\"328\" srcset=\"https:\/\/static-blogs.diariosur.es\/wp-content\/uploads\/sites\/12\/2013\/07\/maxima.jpg 704w, https:\/\/static-blogs.diariosur.es\/wp-content\/uploads\/sites\/12\/2013\/07\/maxima-640x351.jpg 640w\" sizes=\"(max-width: 600px) 100vw, 600px\" \/><\/a><a href=\"https:\/\/blogs.diariosur.es\/tormentas-y-rayos\/2013\/07\/29\/el-terral-dara-paso-al-levante-las-altas-temperaturas-seran-las-protagonistas-a-partir-del-miercoles\/viento-24\/\" rel=\"attachment wp-att-6282\"><img loading=\"lazy\" class=\"aligncenter size-medium wp-image-6282\" title=\"viento\" src=\"\/tormentas-y-rayos\/wp-content\/uploads\/sites\/12\/2013\/07\/viento2.jpg\" alt=\"\" width=\"600\" height=\"315\" srcset=\"https:\/\/static-blogs.diariosur.es\/wp-content\/uploads\/sites\/12\/2013\/07\/viento2.jpg 725w, https:\/\/static-blogs.diariosur.es\/wp-content\/uploads\/sites\/12\/2013\/07\/viento2-640x336.jpg 640w\" sizes=\"(max-width: 600px) 100vw, 600px\" \/><\/a><\/p>\n<p><strong>Poco mas que contar amigos de la meteo, ahora son las siete de la ma\u00f1ana los cielos est\u00e1n despejados y sigue soplando el terral. Os recomiendo que esteis atentos por si al\u00a0mediod\u00eda\u00a0se da ese brusco cambio de viento a levante. Se ve venir desde la\u00a0lejan\u00eda\u00a0en alta mar, le precede nubes bajas y pa\u00f1uelitos en el mar.<\/strong><\/p>\n","protected":false},"excerpt":{"rendered":"<p>Hola amigos de la meteo. Son las cuatro y media \u00a0de la ma\u00f1ana, registro 23.9 \u00a0grados y el terral sigue soplando. Hoy lunes \u00a0hay posibilidad de que entre una miniminigalerna, el cambio de terral a levante puede traer durante unos minutos rachas moderadas de viento. No lo tengo muy claro, pero lo mismo se da, [&hellip;]<\/p>\n","protected":false},"author":16,"featured_media":6279,"comment_status":"open","ping_status":"open","sticky":false,"template":"","format":"standard","meta":[],"categories":[2],"tags":[81,553,934,961,975],"_links":{"self":[{"href":"https:\/\/blogs.diariosur.es\/tormentas-y-rayos\/wp-json\/wp\/v2\/posts\/6270"}],"collection":[{"href":"https:\/\/blogs.diariosur.es\/tormentas-y-rayos\/wp-json\/wp\/v2\/posts"}],"about":[{"href":"https:\/\/blogs.diariosur.es\/tormentas-y-rayos\/wp-json\/wp\/v2\/types\/post"}],"author":[{"embeddable":true,"href":"https:\/\/blogs.diariosur.es\/tormentas-y-rayos\/wp-json\/wp\/v2\/users\/16"}],"replies":[{"embeddable":true,"href":"https:\/\/blogs.diariosur.es\/tormentas-y-rayos\/wp-json\/wp\/v2\/comments?post=6270"}],"version-history":[{"count":0,"href":"https:\/\/blogs.diariosur.es\/tormentas-y-rayos\/wp-json\/wp\/v2\/posts\/6270\/revisions"}],"wp:featuredmedia":[{"embeddable":true,"href":"https:\/\/blogs.diariosur.es\/tormentas-y-rayos\/wp-json\/wp\/v2\/media\/6279"}],"wp:attachment":[{"href":"https:\/\/blogs.diariosur.es\/tormentas-y-rayos\/wp-json\/wp\/v2\/media?parent=6270"}],"wp:term":[{"taxonomy":"category","embeddable":true,"href":"https:\/\/blogs.diariosur.es\/tormentas-y-rayos\/wp-json\/wp\/v2\/categories?post=6270"},{"taxonomy":"post_tag","embeddable":true,"href":"https:\/\/blogs.diariosur.es\/tormentas-y-rayos\/wp-json\/wp\/v2\/tags?post=6270"}],"curies":[{"name":"wp","href":"https:\/\/api.w.org\/{rel}","templated":true}]}}