{"id":6284,"date":"2013-07-31T10:39:05","date_gmt":"2013-07-31T08:39:05","guid":{"rendered":"http:\/\/blogs.diariosur.es\/tormentas-y-rayos\/?p=6284"},"modified":"2013-07-31T10:39:05","modified_gmt":"2013-07-31T08:39:05","slug":"aviso-naranja-y-amarillo-por-altas-temperaturas-para-el-primer-dia-de-agosto","status":"publish","type":"post","link":"https:\/\/blogs.diariosur.es\/tormentas-y-rayos\/2013\/07\/31\/aviso-naranja-y-amarillo-por-altas-temperaturas-para-el-primer-dia-de-agosto\/","title":{"rendered":"Aviso naranja y amarillo por altas temperaturas para el primer dia de Agosto."},"content":{"rendered":"<p><strong>Buenos dias amigos de la meteo. Hoy mas tarde de lo habitual, he intentado esta madrugada actualizar el blog desde la habitaci\u00f3n del hospital, pero me era imposible al no tener apenas cobertura la table.<\/strong><\/p>\n<p><strong>\u00a0En estos momentos cuando son las nueve y media registro 22 grados, los cielos est\u00e1n despejados y de camino a casa he distinguido un poco de polvo en suspensi\u00f3n.<\/strong><\/p>\n<p><a href=\"https:\/\/blogs.diariosur.es\/tormentas-y-rayos\/2013\/07\/31\/aviso-naranja-y-amarillo-por-altas-temperaturas-para-el-primer-dia-de-agosto\/terralita-15\/\" rel=\"attachment wp-att-6292\"><img loading=\"lazy\" class=\"aligncenter size-full wp-image-6292\" title=\"terralita\" src=\"\/tormentas-y-rayos\/wp-content\/uploads\/sites\/12\/2013\/07\/terralita5.jpg\" alt=\"\" width=\"470\" height=\"570\" srcset=\"https:\/\/static-blogs.diariosur.es\/wp-content\/uploads\/sites\/12\/2013\/07\/terralita5.jpg 470w, https:\/\/static-blogs.diariosur.es\/wp-content\/uploads\/sites\/12\/2013\/07\/terralita5-330x400.jpg 330w\" sizes=\"(max-width: 470px) 100vw, 470px\" \/><\/a><\/p>\n<p><strong>La masa de aire c\u00e1lido sahariano ya la tenemos encima, pero ser\u00e1 ma\u00f1ana y el viernes cuando las temperaturas en Andaluc\u00eda alcancen los valores mas altos. Por este motivo la Aemet activa el aviso naranja y amarillo por altas temperaturas en buena parte de la regi\u00f3n andaluza, asi como tambi\u00e9n en otros puntos de la\u00a0pen\u00ednsula. Os paso el mapa de avisos de avisos para hoy y ma\u00f1ana jueves. Fuente aemet<\/strong><\/p>\n<p>&nbsp;<\/p>\n<p><a href=\"https:\/\/blogs.diariosur.es\/tormentas-y-rayos\/2013\/07\/31\/aviso-naranja-y-amarillo-por-altas-temperaturas-para-el-primer-dia-de-agosto\/3-23\/\" rel=\"attachment wp-att-6291\"><img loading=\"lazy\" class=\"aligncenter size-full wp-image-6291\" title=\"3\" src=\"\/tormentas-y-rayos\/wp-content\/uploads\/sites\/12\" alt=\"\" width=\"602\" height=\"435\" \/><\/a><\/p>\n<p>&nbsp;<\/p>\n<p><a href=\"https:\/\/blogs.diariosur.es\/tormentas-y-rayos\/2013\/07\/31\/aviso-naranja-y-amarillo-por-altas-temperaturas-para-el-primer-dia-de-agosto\/2-22\/\" rel=\"attachment wp-att-6286\"><img loading=\"lazy\" class=\"aligncenter size-full wp-image-6286\" title=\"2\" src=\"\/tormentas-y-rayos\/wp-content\/uploads\/sites\/12\" alt=\"\" width=\"630\" height=\"432\" \/><\/a><\/p>\n<p><strong>Os pongo estos dos mapas de temperaturas a 850 hpa ( 1500 m) previsto para hoy y otro previsto para ma\u00f1ana 1 de agosto. La iso 30 rondar\u00eda buena parte de la\u00a0pen\u00ednsula.\u00a0 En algunos puntos del Valle del Guadalquivir y Extremadura se rondaran los 42 grados. Fuenete gfs, meteopt<\/strong><\/p>\n<p><a href=\"https:\/\/blogs.diariosur.es\/tormentas-y-rayos\/2013\/07\/31\/aviso-naranja-y-amarillo-por-altas-temperaturas-para-el-primer-dia-de-agosto\/mmmm\/\" rel=\"attachment wp-att-6287\"><img loading=\"lazy\" class=\"aligncenter size-medium wp-image-6287\" title=\"mmmm\" src=\"\/tormentas-y-rayos\/wp-content\/uploads\/sites\/12\/2013\/07\/mmmm.png\" alt=\"\" width=\"487\" height=\"400\" srcset=\"https:\/\/static-blogs.diariosur.es\/wp-content\/uploads\/sites\/12\/2013\/07\/mmmm.png 790w, https:\/\/static-blogs.diariosur.es\/wp-content\/uploads\/sites\/12\/2013\/07\/mmmm-488x400.png 488w, https:\/\/static-blogs.diariosur.es\/wp-content\/uploads\/sites\/12\/2013\/07\/mmmm-768x630.png 768w\" sizes=\"(max-width: 487px) 100vw, 487px\" \/><\/a><\/p>\n<p>&nbsp;<\/p>\n<p><a href=\"https:\/\/blogs.diariosur.es\/tormentas-y-rayos\/2013\/07\/31\/aviso-naranja-y-amarillo-por-altas-temperaturas-para-el-primer-dia-de-agosto\/970156_704611909555864_2100359705_n\/\" rel=\"attachment wp-att-6294\"><img loading=\"lazy\" class=\"aligncenter size-medium wp-image-6294\" title=\"970156_704611909555864_2100359705_n\" src=\"\/tormentas-y-rayos\/wp-content\/uploads\/sites\/12\/2013\/07\/970156_704611909555864_2100359705_n.jpg\" alt=\"\" width=\"533\" height=\"400\" srcset=\"https:\/\/static-blogs.diariosur.es\/wp-content\/uploads\/sites\/12\/2013\/07\/970156_704611909555864_2100359705_n.jpg 800w, https:\/\/static-blogs.diariosur.es\/wp-content\/uploads\/sites\/12\/2013\/07\/970156_704611909555864_2100359705_n-533x400.jpg 533w, https:\/\/static-blogs.diariosur.es\/wp-content\/uploads\/sites\/12\/2013\/07\/970156_704611909555864_2100359705_n-768x576.jpg 768w\" sizes=\"(max-width: 533px) 100vw, 533px\" \/><\/a><\/p>\n<p>&nbsp;<\/p>\n<p><strong>Pero a partir del viernes y como esta siendo habitual este verano, una vaguada har\u00eda descender un poco las temperaturas, sobre todo por el norte peninsular. Os paso estas dos capturas del modelo hirlam, la primera es prevista para el jueves y la segunda para el\u00a0s\u00e1bado. So\u00a0fij\u00e1is\u00a0en el color mas azul es la vaguada.<\/strong><\/p>\n<p><a href=\"https:\/\/blogs.diariosur.es\/tormentas-y-rayos\/2013\/07\/31\/aviso-naranja-y-amarillo-por-altas-temperaturas-para-el-primer-dia-de-agosto\/vaguada-1\/\" rel=\"attachment wp-att-6289\"><img loading=\"lazy\" class=\"aligncenter size-medium wp-image-6289\" title=\"vaguada 1\" src=\"\/tormentas-y-rayos\/wp-content\/uploads\/sites\/12\/2013\/07\/vaguada-1.jpg\" alt=\"\" width=\"555\" height=\"400\" srcset=\"https:\/\/static-blogs.diariosur.es\/wp-content\/uploads\/sites\/12\/2013\/07\/vaguada-1.jpg 750w, https:\/\/static-blogs.diariosur.es\/wp-content\/uploads\/sites\/12\/2013\/07\/vaguada-1-556x400.jpg 556w\" sizes=\"(max-width: 555px) 100vw, 555px\" \/><\/a><\/p>\n<p>&nbsp;<\/p>\n<p><strong>Esta vaguada har\u00e1 bajar un par de grados las maximas el s\u00e1bado en Andaluc\u00eda \u00a0y centro peninsular. La masa de aire c\u00e1lido se mover\u00eda un poco hacia el este, \u00a0haciendo subir las\u00a0m\u00e1ximas\u00a0tambi\u00e9n en el levante e Islas Baleares. Como he comentado antes, la zona norte y noroeste peninsular si se notaria mas mas la bajada. Los avisos por altas temperaturas se trasladarian mas hacia el este, comparar con los avisos de ma\u00f1ana que os he puesto mas arriba.<\/strong><\/p>\n<p><a href=\"https:\/\/blogs.diariosur.es\/tormentas-y-rayos\/2013\/07\/31\/aviso-naranja-y-amarillo-por-altas-temperaturas-para-el-primer-dia-de-agosto\/viernes-16\/\" rel=\"attachment wp-att-6295\"><img loading=\"lazy\" class=\"aligncenter size-full wp-image-6295\" title=\"viernes\" src=\"\/tormentas-y-rayos\/wp-content\/uploads\/sites\/12\/2013\/07\/viernes.jpg\" alt=\"\" width=\"618\" height=\"443\" srcset=\"https:\/\/static-blogs.diariosur.es\/wp-content\/uploads\/sites\/12\/2013\/07\/viernes.jpg 618w, https:\/\/static-blogs.diariosur.es\/wp-content\/uploads\/sites\/12\/2013\/07\/viernes-558x400.jpg 558w\" sizes=\"(max-width: 618px) 100vw, 618px\" \/><\/a><\/p>\n<p><strong>El levante\u00a0seguir\u00e1\u00a0de protagonista en el Mar de Albor\u00e1n y Estrecho, en esta ultima zona la aemet activa el aviso amarillo por\u00a0fen\u00f3menos\u00a0costeros. En M\u00e1laga Capital las\u00a0m\u00e1ximas\u00a0estar\u00e1n\u00a0cercanas a los 31 grados y la humedad muy alta, con lo cual la sensaci\u00f3n de calor sera mayor.<\/strong><\/p>\n<p><a href=\"https:\/\/blogs.diariosur.es\/tormentas-y-rayos\/2013\/07\/31\/aviso-naranja-y-amarillo-por-altas-temperaturas-para-el-primer-dia-de-agosto\/levante-16\/\" rel=\"attachment wp-att-6293\"><img loading=\"lazy\" class=\"aligncenter size-full wp-image-6293\" title=\"levante\" src=\"\/tormentas-y-rayos\/wp-content\/uploads\/sites\/12\/2013\/07\/levante2.jpg\" alt=\"\" width=\"430\" height=\"526\" srcset=\"https:\/\/static-blogs.diariosur.es\/wp-content\/uploads\/sites\/12\/2013\/07\/levante2.jpg 430w, https:\/\/static-blogs.diariosur.es\/wp-content\/uploads\/sites\/12\/2013\/07\/levante2-327x400.jpg 327w\" sizes=\"(max-width: 430px) 100vw, 430px\" \/><\/a><\/p>\n<p>&nbsp;<\/p>\n<p><strong>Poco mas que contar amigos, el viernes actualizare el blog sobre esta hora. os dejo con un amanecer que tome el a\u00f1o pasado concretamente el 9 de julio. Y con vuestro permiso me echo un poco.<\/strong><\/p>\n<p><a href=\"https:\/\/blogs.diariosur.es\/tormentas-y-rayos\/2013\/07\/31\/aviso-naranja-y-amarillo-por-altas-temperaturas-para-el-primer-dia-de-agosto\/555809_3713981207063_130503552_n\/\" rel=\"attachment wp-att-6296\"><img loading=\"lazy\" class=\"aligncenter size-full wp-image-6296\" title=\"555809_3713981207063_130503552_n\" src=\"\/tormentas-y-rayos\/wp-content\/uploads\/sites\/12\/2013\/07\/555809_3713981207063_130503552_n.jpg\" alt=\"\" width=\"660\" height=\"495\" srcset=\"https:\/\/static-blogs.diariosur.es\/wp-content\/uploads\/sites\/12\/2013\/07\/555809_3713981207063_130503552_n.jpg 660w, https:\/\/static-blogs.diariosur.es\/wp-content\/uploads\/sites\/12\/2013\/07\/555809_3713981207063_130503552_n-533x400.jpg 533w\" sizes=\"(max-width: 660px) 100vw, 660px\" \/><\/a><\/p>\n<p>&nbsp;<\/p>\n<p>&nbsp;<\/p>\n<p>&nbsp;<\/p>\n","protected":false},"excerpt":{"rendered":"<p>Buenos dias amigos de la meteo. Hoy mas tarde de lo habitual, he intentado esta madrugada actualizar el blog desde la habitaci\u00f3n del hospital, pero me era imposible al no tener apenas cobertura la table. \u00a0En estos momentos cuando son las nueve y media registro 22 grados, los cielos est\u00e1n despejados y de camino a [&hellip;]<\/p>\n","protected":false},"author":16,"featured_media":6294,"comment_status":"open","ping_status":"open","sticky":false,"template":"","format":"standard","meta":[],"categories":[2],"tags":[50,81,94,151,676,962],"_links":{"self":[{"href":"https:\/\/blogs.diariosur.es\/tormentas-y-rayos\/wp-json\/wp\/v2\/posts\/6284"}],"collection":[{"href":"https:\/\/blogs.diariosur.es\/tormentas-y-rayos\/wp-json\/wp\/v2\/posts"}],"about":[{"href":"https:\/\/blogs.diariosur.es\/tormentas-y-rayos\/wp-json\/wp\/v2\/types\/post"}],"author":[{"embeddable":true,"href":"https:\/\/blogs.diariosur.es\/tormentas-y-rayos\/wp-json\/wp\/v2\/users\/16"}],"replies":[{"embeddable":true,"href":"https:\/\/blogs.diariosur.es\/tormentas-y-rayos\/wp-json\/wp\/v2\/comments?post=6284"}],"version-history":[{"count":0,"href":"https:\/\/blogs.diariosur.es\/tormentas-y-rayos\/wp-json\/wp\/v2\/posts\/6284\/revisions"}],"wp:featuredmedia":[{"embeddable":true,"href":"https:\/\/blogs.diariosur.es\/tormentas-y-rayos\/wp-json\/wp\/v2\/media\/6294"}],"wp:attachment":[{"href":"https:\/\/blogs.diariosur.es\/tormentas-y-rayos\/wp-json\/wp\/v2\/media?parent=6284"}],"wp:term":[{"taxonomy":"category","embeddable":true,"href":"https:\/\/blogs.diariosur.es\/tormentas-y-rayos\/wp-json\/wp\/v2\/categories?post=6284"},{"taxonomy":"post_tag","embeddable":true,"href":"https:\/\/blogs.diariosur.es\/tormentas-y-rayos\/wp-json\/wp\/v2\/tags?post=6284"}],"curies":[{"name":"wp","href":"https:\/\/api.w.org\/{rel}","templated":true}]}}