{"id":6297,"date":"2013-08-02T10:03:12","date_gmt":"2013-08-02T08:03:12","guid":{"rendered":"http:\/\/blogs.diariosur.es\/tormentas-y-rayos\/?p=6297"},"modified":"2013-08-02T10:03:12","modified_gmt":"2013-08-02T08:03:12","slug":"tormenta-veraniega-esta-pasada-madrugada-en-malaga-alivio-termico-prevision-del-tiempo-fin-de-semana","status":"publish","type":"post","link":"https:\/\/blogs.diariosur.es\/tormentas-y-rayos\/2013\/08\/02\/tormenta-veraniega-esta-pasada-madrugada-en-malaga-alivio-termico-prevision-del-tiempo-fin-de-semana\/","title":{"rendered":"Tormenta veraniega esta pasada madrugada en M\u00e1laga.&#8221; Alivio t\u00e9rmico &#8221; Previsi\u00f3n del tiempo fin de semana."},"content":{"rendered":"<p><strong>Hola amigos de la meteo.\u00a0<\/strong><\/p>\n<p><strong>\u00a0Son las nueve de la ma\u00f1ana, registro 24 grados y los cielos est\u00e1n calamitosos jejeje. Menuda sorpresa hemos tenido esta pasada madrugada, muchos malague\u00f1os se han despertado por el ruido de la tormenta, que incluso ha dejado casi un litro en algunos puntos de la Costa Malague\u00f1a. A mi me ha pillado en la habitaci\u00f3n con mi padre y la verdad que no la esperaba. Solo habia un modelo ( GFS) \u00a0que daba una peque\u00f1a inestabilizaci\u00f3n en forma de algunas gotas. Ayer por la ma\u00f1ana cuando iba para el curro ya se veia el cielo anunciando algo, ten\u00edamos altocumulus castellanus, este tipo de nube la mayor\u00eda de las veces anuncian tormenta, pero la verdad que no le eche mucha cuenta, incluso la Aemet se habr\u00e1 llevado una sorpresa. Menudo festival de rayos amigos, fijaros en el mapa de rayos fuente aemet y en el radar de lluvias con pixeles amarillos.<\/strong><\/p>\n<p><a href=\"https:\/\/blogs.diariosur.es\/tormentas-y-rayos\/2013\/08\/02\/tormenta-veraniega-esta-pasada-madrugada-en-malaga-alivio-termico-prevision-del-tiempo-fin-de-semana\/201308020100_r79g\/\" rel=\"attachment wp-att-6298\"><img loading=\"lazy\" class=\"aligncenter size-full wp-image-6298\" title=\"201308020100_r79g\" src=\"\/tormentas-y-rayos\/wp-content\/uploads\/sites\/12\/2013\/08\/201308020100_r79g.gif\" alt=\"\" width=\"500\" height=\"500\" \/><\/a><a href=\"https:\/\/blogs.diariosur.es\/tormentas-y-rayos\/2013\/08\/02\/tormenta-veraniega-esta-pasada-madrugada-en-malaga-alivio-termico-prevision-del-tiempo-fin-de-semana\/attachment\/038\/\" rel=\"attachment wp-att-6299\"><img loading=\"lazy\" class=\"aligncenter size-full wp-image-6299\" title=\"038\" src=\"\/tormentas-y-rayos\/wp-content\/uploads\/sites\/12\/2013\/08\/038.jpg\" alt=\"\" width=\"440\" height=\"526\" srcset=\"https:\/\/static-blogs.diariosur.es\/wp-content\/uploads\/sites\/12\/2013\/08\/038.jpg 440w, https:\/\/static-blogs.diariosur.es\/wp-content\/uploads\/sites\/12\/2013\/08\/038-335x400.jpg 335w\" sizes=\"(max-width: 440px) 100vw, 440px\" \/><\/a><\/p>\n<p>&nbsp;<\/p>\n<p><strong>Estas tormentas se han dado mas de una vez en M\u00e1laga en verano. Yo me acuerdo de mas de una feria con\u00a0rel\u00e1mpagos.<\/strong><\/p>\n<p><strong> En esta\u00a0\u00e9poca\u00a0veraniega se suele formar en el norte de\u00a0\u00c1frica\u00a0una baja\u00a0t\u00e9rmica\u00a0debido al calor. Os paso esta imagen que tenia guardada de otros a\u00f1os.<\/strong><\/p>\n<p><a href=\"https:\/\/blogs.diariosur.es\/tormentas-y-rayos\/2013\/08\/02\/tormenta-veraniega-esta-pasada-madrugada-en-malaga-alivio-termico-prevision-del-tiempo-fin-de-semana\/baja-termica-2\/\" rel=\"attachment wp-att-6300\"><img loading=\"lazy\" class=\"aligncenter size-full wp-image-6300\" title=\"baja-termica\" src=\"\/tormentas-y-rayos\/wp-content\/uploads\/sites\/12\/2013\/08\/baja-termica.jpg\" alt=\"\" width=\"656\" height=\"419\" srcset=\"https:\/\/static-blogs.diariosur.es\/wp-content\/uploads\/sites\/12\/2013\/08\/baja-termica.jpg 656w, https:\/\/static-blogs.diariosur.es\/wp-content\/uploads\/sites\/12\/2013\/08\/baja-termica-626x400.jpg 626w\" sizes=\"(max-width: 656px) 100vw, 656px\" \/><\/a><\/p>\n<p>&nbsp;<\/p>\n<p><strong>Lo que no tengo muy claro es porque las nubes han logrado desarrollarse tanto y llegar a la costa andaluza\u00a0mediterr\u00e1nea. Ya indagare y os comento.<\/strong><\/p>\n<p><strong>Muchos me preguntareis te\u00a0habr\u00e1s\u00a0mordido las u\u00f1as por no ir a cazarla. Os soy sincero amigos de la meteo, no. En esos momentos me acordaba de mi padre de \u00a0los montones de veces que me llevaba al morro para ver un temporal, o a los\u00a0r\u00edos\u00a0de M\u00e1laga cuando se desbordaban. Un dia con mas tiempo os hablare de mis padres y que gracias a ellos me siguio gustando la\u00a0meteorolog\u00eda.<\/strong><\/p>\n<p><strong>Como no ten\u00eda la c\u00e1mara, con el ifhon grabe un rayo jejeje. Se ve en el segundo seis. <\/strong><\/p>\n<p>&nbsp;<\/p>\n<p><iframe loading=\"lazy\" src=\"\/\/www.youtube.com\/embed\/HjcmscUnlH8\" frameborder=\"0\" width=\"640\" height=\"360\"><\/iframe><\/p>\n<p><strong>Pero para eso estaba mi amigo y pedazo de\u00a0fot\u00f3grafo\u00a0Rafael Castro. La imagen lo dice todo, gracias Rafael. Una pasada.<\/strong><\/p>\n<p><a href=\"https:\/\/blogs.diariosur.es\/tormentas-y-rayos\/2013\/08\/02\/tormenta-veraniega-esta-pasada-madrugada-en-malaga-alivio-termico-prevision-del-tiempo-fin-de-semana\/1077408_555720154485875_436834452_o\/\" rel=\"attachment wp-att-6301\"><img loading=\"lazy\" class=\"aligncenter size-full wp-image-6301\" title=\"1077408_555720154485875_436834452_o\" src=\"\/tormentas-y-rayos\/wp-content\/uploads\/sites\/12\/2013\/08\/1077408_555720154485875_436834452_o.jpg\" alt=\"\" width=\"680\" height=\"453\" srcset=\"https:\/\/static-blogs.diariosur.es\/wp-content\/uploads\/sites\/12\/2013\/08\/1077408_555720154485875_436834452_o.jpg 680w, https:\/\/static-blogs.diariosur.es\/wp-content\/uploads\/sites\/12\/2013\/08\/1077408_555720154485875_436834452_o-600x400.jpg 600w\" sizes=\"(max-width: 680px) 100vw, 680px\" \/><\/a><\/p>\n<p><strong>Os tendr\u00eda que contar mas cosas, sobre las altas temperaturas del Pais Vasco, las grandes amplitudes t\u00e9rmicas que se han dado entre la m\u00ednima y la m\u00e1xima. Pero ando mal de tiempo y un poco cansado. <\/strong><\/p>\n<p><strong>PREVISI\u00d3N FIN DE SEMANA:<\/strong><\/p>\n<p><strong>Como se que tengo una seguidora Madrile\u00f1a pero enamorada de M\u00e1laga, esta previsi\u00f3n aunque me equivoque te la dedico a ti Nadia, gracias por todo, nos vemos en septiembre.<\/strong><\/p>\n<p><strong><a href=\"https:\/\/blogs.diariosur.es\/tormentas-y-rayos\/2013\/07\/31\/aviso-naranja-y-amarillo-por-altas-temperaturas-para-el-primer-dia-de-agosto\/\">El dia pasado os hablaba de una vaguada que har\u00eda bajar las temperaturas.<\/a> Pues se cumplen los pron\u00f3sticos y a partir de hoy viernes y sobre todo el s\u00e1bado las temperaturas\u00a0m\u00e1ximas\u00a0bajaran un poco. Este descenso ser\u00e1 mas acusado en el noroeste peninsular.<\/strong><\/p>\n<p><strong>\u00a0Los avisos para hoy se centran sobre todo en Ja\u00e9n y \u00a0Arag\u00f3n, donde la aemet activa el aviso naranja por altas temperaturas.\u00a0<\/strong><\/p>\n<p><a href=\"https:\/\/blogs.diariosur.es\/tormentas-y-rayos\/2013\/08\/02\/tormenta-veraniega-esta-pasada-madrugada-en-malaga-alivio-termico-prevision-del-tiempo-fin-de-semana\/20130802071000_avi_hoy-1\/\" rel=\"attachment wp-att-6302\"><img loading=\"lazy\" class=\"aligncenter size-full wp-image-6302\" title=\"20130802071000_avi_hoy (1)\" src=\"\/tormentas-y-rayos\/wp-content\/uploads\/sites\/12\/2013\/08\/20130802071000_avi_hoy-1.png\" alt=\"\" width=\"500\" height=\"334\" \/><\/a><\/p>\n<p><strong>Para el\u00a0s\u00e1bado\u00a0el nivel de avisos baja bastante, como pod\u00e9is ver.<\/strong><\/p>\n<p><a href=\"https:\/\/blogs.diariosur.es\/tormentas-y-rayos\/2013\/08\/02\/tormenta-veraniega-esta-pasada-madrugada-en-malaga-alivio-termico-prevision-del-tiempo-fin-de-semana\/20130802073000_avi_mna\/\" rel=\"attachment wp-att-6303\"><img loading=\"lazy\" class=\"aligncenter size-full wp-image-6303\" title=\"20130802073000_avi_mna\" src=\"\/tormentas-y-rayos\/wp-content\/uploads\/sites\/12\/2013\/08\/20130802073000_avi_mna.png\" alt=\"\" width=\"500\" height=\"334\" \/><\/a><\/p>\n<p>&nbsp;<\/p>\n<p><strong>El domingo las temperaturas empezar\u00edan a recuperarse , pero lo normal para estas fechas, os paso el mapa de avisos para el domingo.<\/strong><\/p>\n<p><a href=\"https:\/\/blogs.diariosur.es\/tormentas-y-rayos\/2013\/08\/02\/tormenta-veraniega-esta-pasada-madrugada-en-malaga-alivio-termico-prevision-del-tiempo-fin-de-semana\/domingo-13\/\" rel=\"attachment wp-att-6306\"><img loading=\"lazy\" class=\"aligncenter size-full wp-image-6306\" title=\"domingo\" src=\"\/tormentas-y-rayos\/wp-content\/uploads\/sites\/12\/2013\/08\/domingo.png\" alt=\"\" width=\"500\" height=\"334\" \/><\/a><\/p>\n<p><strong>Y es que la vaguada durante unas horas trasladar\u00eda a la masa de aire c\u00e1lido hacia el mediterr\u00e1neo como os explicaba el dia pasado.<\/strong><\/p>\n<p><strong>En M\u00e1laga el levante dar\u00e1 paso a brisas y en algunos momentos viento de sur sureste. La calima\u00a0seguir\u00e1\u00a0con nosotros\u00a0as\u00ed\u00a0como nubes medias y altas que pueden tener\u00a0alg\u00fan\u00a0desarrollo.<\/strong><\/p>\n<p>&nbsp;<\/p>\n<p><span style=\"color: #ff0000;\"><strong>Amigo Jose Blanco muchas gracias por llamarme y disculpa que no haya podido atenderte para hablarte de la tormenta. Un abrazo y cuenta conmigo.<\/strong><\/span><\/p>\n<p><strong>Gracias a todos por los comentarios y correos.<\/strong><\/p>\n<p><strong>Os dejo con estas dos fotos, la primera es el atardecer del 31 de julio y la otra el amanecer del primer dia de Agosto. Esas nubes ya anunciaban algo raro raro raro, es broma amigos no es nada raro que en Agosto se den amagos tormentosos. \u00a0<\/strong><\/p>\n<p><a href=\"https:\/\/blogs.diariosur.es\/tormentas-y-rayos\/2013\/08\/02\/tormenta-veraniega-esta-pasada-madrugada-en-malaga-alivio-termico-prevision-del-tiempo-fin-de-semana\/olympus-digital-camera-1385\/\" rel=\"attachment wp-att-6304\"><img loading=\"lazy\" class=\"aligncenter size-full wp-image-6304\" title=\"OLYMPUS DIGITAL CAMERA\" src=\"\/tormentas-y-rayos\/wp-content\/uploads\/sites\/12\/2013\/08\/039039.jpg\" alt=\"\" width=\"660\" height=\"495\" srcset=\"https:\/\/static-blogs.diariosur.es\/wp-content\/uploads\/sites\/12\/2013\/08\/039039.jpg 660w, https:\/\/static-blogs.diariosur.es\/wp-content\/uploads\/sites\/12\/2013\/08\/039039-533x400.jpg 533w\" sizes=\"(max-width: 660px) 100vw, 660px\" \/><\/a><\/p>\n<p>&nbsp;<\/p>\n<p><a href=\"https:\/\/blogs.diariosur.es\/tormentas-y-rayos\/2013\/08\/02\/tormenta-veraniega-esta-pasada-madrugada-en-malaga-alivio-termico-prevision-del-tiempo-fin-de-semana\/olympus-digital-camera-1386\/\" rel=\"attachment wp-att-6305\"><img loading=\"lazy\" class=\"aligncenter size-full wp-image-6305\" title=\"OLYMPUS DIGITAL CAMERA\" src=\"\/tormentas-y-rayos\/wp-content\/uploads\/sites\/12\/2013\/08\/041041.jpg\" alt=\"\" width=\"660\" height=\"495\" srcset=\"https:\/\/static-blogs.diariosur.es\/wp-content\/uploads\/sites\/12\/2013\/08\/041041.jpg 660w, https:\/\/static-blogs.diariosur.es\/wp-content\/uploads\/sites\/12\/2013\/08\/041041-533x400.jpg 533w\" sizes=\"(max-width: 660px) 100vw, 660px\" \/><\/a><\/p>\n<p>&nbsp;<\/p>\n","protected":false},"excerpt":{"rendered":"<p>Hola amigos de la meteo.\u00a0 \u00a0Son las nueve de la ma\u00f1ana, registro 24 grados y los cielos est\u00e1n calamitosos jejeje. Menuda sorpresa hemos tenido esta pasada madrugada, muchos malague\u00f1os se han despertado por el ruido de la tormenta, que incluso ha dejado casi un litro en algunos puntos de la Costa Malague\u00f1a. A mi me [&hellip;]<\/p>\n","protected":false},"author":16,"featured_media":6301,"comment_status":"open","ping_status":"open","sticky":false,"template":"","format":"standard","meta":[],"categories":[2],"tags":[74,587,809,973,980,992],"_links":{"self":[{"href":"https:\/\/blogs.diariosur.es\/tormentas-y-rayos\/wp-json\/wp\/v2\/posts\/6297"}],"collection":[{"href":"https:\/\/blogs.diariosur.es\/tormentas-y-rayos\/wp-json\/wp\/v2\/posts"}],"about":[{"href":"https:\/\/blogs.diariosur.es\/tormentas-y-rayos\/wp-json\/wp\/v2\/types\/post"}],"author":[{"embeddable":true,"href":"https:\/\/blogs.diariosur.es\/tormentas-y-rayos\/wp-json\/wp\/v2\/users\/16"}],"replies":[{"embeddable":true,"href":"https:\/\/blogs.diariosur.es\/tormentas-y-rayos\/wp-json\/wp\/v2\/comments?post=6297"}],"version-history":[{"count":0,"href":"https:\/\/blogs.diariosur.es\/tormentas-y-rayos\/wp-json\/wp\/v2\/posts\/6297\/revisions"}],"wp:featuredmedia":[{"embeddable":true,"href":"https:\/\/blogs.diariosur.es\/tormentas-y-rayos\/wp-json\/wp\/v2\/media\/6301"}],"wp:attachment":[{"href":"https:\/\/blogs.diariosur.es\/tormentas-y-rayos\/wp-json\/wp\/v2\/media?parent=6297"}],"wp:term":[{"taxonomy":"category","embeddable":true,"href":"https:\/\/blogs.diariosur.es\/tormentas-y-rayos\/wp-json\/wp\/v2\/categories?post=6297"},{"taxonomy":"post_tag","embeddable":true,"href":"https:\/\/blogs.diariosur.es\/tormentas-y-rayos\/wp-json\/wp\/v2\/tags?post=6297"}],"curies":[{"name":"wp","href":"https:\/\/api.w.org\/{rel}","templated":true}]}}