{"id":6307,"date":"2013-08-05T07:31:48","date_gmt":"2013-08-05T05:31:48","guid":{"rendered":"http:\/\/blogs.diariosur.es\/tormentas-y-rayos\/?p=6307"},"modified":"2013-08-05T07:31:48","modified_gmt":"2013-08-05T05:31:48","slug":"el-terral-sera-protagonista-el-miercoles-en-malaga-capital-julio-ha-sido-calido-en-malaga-capital-07-sobre-la-media","status":"publish","type":"post","link":"https:\/\/blogs.diariosur.es\/tormentas-y-rayos\/2013\/08\/05\/el-terral-sera-protagonista-el-miercoles-en-malaga-capital-julio-ha-sido-calido-en-malaga-capital-07-sobre-la-media\/","title":{"rendered":"El Terral sera protagonista el mi\u00e9rcoles en M\u00e1laga Capital. Julio ha sido c\u00e1lido en M\u00e1laga Capital + 0,7 sobre la media."},"content":{"rendered":"<p><span style=\"color: #ff00ff;\"><strong><a href=\"https:\/\/blogs.diariosur.es\/tormentas-y-rayos\/2013\/08\/06\/la-aemet-confirma-el-terral-y-pone-en-aviso-amarillo-a-malaga-capital-guadalhorce-y-axarquia-por-altas-temperaturas\/\">BLOG ACTUALIZADO PINCHAR EN EL ENLACE.<\/a><\/strong><\/span><\/p>\n<p>&nbsp;<\/p>\n<p>&nbsp;<\/p>\n<p><strong>Buenos d\u00edas amigos de la meteo. <\/strong><\/p>\n<p><strong>Son las seis de la ma\u00f1ana, registro 25 grados, si amigos 25 grados, y con una humedad del 80 %. Asi que seguro muchos malague\u00f1os hemos empapado la almohada y est\u00e1n sudando ahora mismo.<\/strong><\/p>\n<p><strong> Hoy os doy la predicci\u00f3n para estos primeros dias de la semana y luego hablamos de este pasado fin de semana ok?.<\/strong><\/p>\n<p><strong>Como hab\u00e9is podido leer en el titulo del blog, durante la madrugada del mi\u00e9rcoles \u00a0el terral sera protagonista en M\u00e1laga Capital.<\/strong><\/p>\n<p><a href=\"\/tormentas-y-rayos\/wp-content\/uploads\/sites\/12\/2013\/06\/terralll1.jpg\"><img loading=\"lazy\" class=\"aligncenter\" src=\"\/tormentas-y-rayos\/wp-content\/uploads\/sites\/12\/2013\/06\/terralll1.jpg\" alt=\"\" width=\"430\" height=\"537\" \/><\/a><\/p>\n<p>&nbsp;<\/p>\n<p><strong>Os explico el motivo por el cual se pueda dar esta situaci\u00f3n: A \u00faltima del martes y madrugada del mi\u00e9rcoles \u00a0se acercara una borrasca al noroeste de Galicia. Os paso la imagen amigos. Fuente Gfs Meteociel.<\/strong><\/p>\n<p><a href=\"https:\/\/blogs.diariosur.es\/tormentas-y-rayos\/2013\/08\/05\/el-terral-sera-protagonista-el-miercoles-en-malaga-capital-julio-ha-sido-calido-en-malaga-capital-07-sobre-la-media\/gfs-0-66\/\" rel=\"attachment wp-att-6308\"><img loading=\"lazy\" class=\"aligncenter size-medium wp-image-6308\" title=\"gfs-0-66\" src=\"\/tormentas-y-rayos\/wp-content\/uploads\/sites\/12\/2013\/08\/gfs-0-66.png\" alt=\"\" width=\"600\" height=\"400\" srcset=\"https:\/\/static-blogs.diariosur.es\/wp-content\/uploads\/sites\/12\/2013\/08\/gfs-0-66.png 768w, https:\/\/static-blogs.diariosur.es\/wp-content\/uploads\/sites\/12\/2013\/08\/gfs-0-66-600x400.png 600w\" sizes=\"(max-width: 600px) 100vw, 600px\" \/><\/a><\/p>\n<p><strong>Esto\u00a0har\u00e1\u00a0que los vientos sean de poniente en el Estrecho y Mar de Albor\u00e1n, con el consiguiente terral en M\u00e1laga. Pero estoy con la duda si sobrepasaremos los 36 o 37 grados, como todos recordareis el\u00a0\u00fanico\u00a0terral que soplo en el pasado mes de julio no sobrepaso los 34 grados y se\u00a0debi\u00f3\u00a0a que la iso a 850 hpa \u00a0( 1500 m) rondaba los 19 grados. Aun no tengo muy claro que iso tendremos el\u00a0mi\u00e9rcoles\u00a0y el jueves. Ma\u00f1ana martes con mas seguridad sabremos si las\u00a0m\u00e1ximas\u00a0llegaran o\u00a0sobrepasaran\u00a0los \u00a037 grados y si el\u00a0mi\u00e9rcoles\u00a0 activan el aviso amarillo por altas temperaturas \u00a0\u00a0en la capital malague\u00f1a.<\/strong><\/p>\n<p><strong>Estos son los avisos amarillos por altas temperaturas para hoy en\u00a0Andaluc\u00eda. Ma\u00f1ana martes solo\u00a0entrar\u00eda\u00a0Granada y Jaen.<\/strong><\/p>\n<p>&nbsp;<\/p>\n<p><a href=\"https:\/\/blogs.diariosur.es\/tormentas-y-rayos\/2013\/08\/05\/el-terral-sera-protagonista-el-miercoles-en-malaga-capital-julio-ha-sido-calido-en-malaga-capital-07-sobre-la-media\/20130805052000_avi_hoy_ccaa61\/\" rel=\"attachment wp-att-6314\"><img loading=\"lazy\" class=\"aligncenter size-full wp-image-6314\" title=\"20130805052000_avi_hoy_ccaa61\" src=\"\/tormentas-y-rayos\/wp-content\/uploads\/sites\/12\/2013\/08\/20130805052000_avi_hoy_ccaa61.png\" alt=\"\" width=\"500\" height=\"334\" \/><\/a><\/p>\n<p><strong>En M\u00e1laga capital tendremos brisas de sur sureste, que pueden traer\u00a0alg\u00fan\u00a0banco de niebla. Las\u00a0m\u00e1ximas\u00a0rondaran los 30 grados.<\/strong><\/p>\n<p><strong>Hablemos de como se ha comportado julio en Andaluc\u00eda. Como\u00a0pod\u00e9is\u00a0ver ha tenido un\u00a0car\u00e1cter\u00a0c\u00e1lido en Andalucia\u00a0.Fuente Aemet.<\/strong><\/p>\n<p><a href=\"https:\/\/blogs.diariosur.es\/tormentas-y-rayos\/2013\/08\/05\/el-terral-sera-protagonista-el-miercoles-en-malaga-capital-julio-ha-sido-calido-en-malaga-capital-07-sobre-la-media\/captura-159\/\" rel=\"attachment wp-att-6309\"><img loading=\"lazy\" class=\"aligncenter size-full wp-image-6309\" title=\"Captura\" src=\"\/tormentas-y-rayos\/wp-content\/uploads\/sites\/12\/2013\/08\/Captura.jpg\" alt=\"\" width=\"670\" height=\"753\" srcset=\"https:\/\/static-blogs.diariosur.es\/wp-content\/uploads\/sites\/12\/2013\/08\/Captura.jpg 670w, https:\/\/static-blogs.diariosur.es\/wp-content\/uploads\/sites\/12\/2013\/08\/Captura-356x400.jpg 356w\" sizes=\"(max-width: 670px) 100vw, 670px\" \/><\/a><\/p>\n<p><strong>\u00a0M\u00e1laga ha tenido una anomal\u00eda de \u00a0+ \u00a00.7 grados sobre la media de referencia del 1971 al 2000. Si hoy sale el estudio completo de la\u00a0pen\u00ednsula, en el\u00a0pr\u00f3ximo\u00a0post hablamos de ello.<\/strong><\/p>\n<p><strong>Hablemos un poquito sobre este fin de semana.<\/strong><\/p>\n<p><strong>El\u00a0s\u00e1bado\u00a0amaneci\u00f3 con nubes tipo altocumulus, que pude fotografiar con el ifhon cuando llegaba al curro.<\/strong><\/p>\n<p><a href=\"https:\/\/blogs.diariosur.es\/tormentas-y-rayos\/2013\/08\/05\/el-terral-sera-protagonista-el-miercoles-en-malaga-capital-julio-ha-sido-calido-en-malaga-capital-07-sobre-la-media\/attachment\/051\/\" rel=\"attachment wp-att-6311\"><img loading=\"lazy\" class=\"aligncenter size-full wp-image-6311\" title=\"051\" src=\"\/tormentas-y-rayos\/wp-content\/uploads\/sites\/12\/2013\/08\/051.jpg\" alt=\"\" width=\"660\" height=\"493\" srcset=\"https:\/\/static-blogs.diariosur.es\/wp-content\/uploads\/sites\/12\/2013\/08\/051.jpg 660w, https:\/\/static-blogs.diariosur.es\/wp-content\/uploads\/sites\/12\/2013\/08\/051-535x400.jpg 535w\" sizes=\"(max-width: 660px) 100vw, 660px\" \/><\/a><\/p>\n<p>&nbsp;<\/p>\n<p><strong>\u00a0La maxima sobrepaso los 30 grados en el Centro Meteorol\u00f3gico que tiene la Aemet en Teatinos. La minima fue de 23.7.<\/strong><\/p>\n<p><strong>El domingo no se llego a los 30 grados en ninguna estaci\u00f3n de la capital, siendo la m\u00ednima de 22.3 grados. Lo mas destacado fue las brumas y las nubes bajas de levante.<\/strong><\/p>\n<p><a href=\"https:\/\/blogs.diariosur.es\/tormentas-y-rayos\/2013\/08\/05\/el-terral-sera-protagonista-el-miercoles-en-malaga-capital-julio-ha-sido-calido-en-malaga-capital-07-sobre-la-media\/olympus-digital-camera-1387\/\" rel=\"attachment wp-att-6313\"><img loading=\"lazy\" class=\"aligncenter size-full wp-image-6313\" title=\"OLYMPUS DIGITAL CAMERA\" src=\"\/tormentas-y-rayos\/wp-content\/uploads\/sites\/12\/2013\/08\/032032.jpg\" alt=\"\" width=\"660\" height=\"495\" srcset=\"https:\/\/static-blogs.diariosur.es\/wp-content\/uploads\/sites\/12\/2013\/08\/032032.jpg 660w, https:\/\/static-blogs.diariosur.es\/wp-content\/uploads\/sites\/12\/2013\/08\/032032-533x400.jpg 533w\" sizes=\"(max-width: 660px) 100vw, 660px\" \/><\/a><\/p>\n<p>&nbsp;<\/p>\n<p><strong>Poco mas que contar, entre hoy y ma\u00f1ana sabremos si la aemet activa el aviso amarillo por altas temperaturas en la capital. De nuevo muchas gracias a todos por las muestras de cari\u00f1o hacia mi padre.<\/strong><\/p>\n<p><strong>Os dejo con este fot\u00f3n de mi amigo Israel Fernadez. Me ha encantado el amanecer.<\/strong><\/p>\n<p><a href=\"https:\/\/blogs.diariosur.es\/tormentas-y-rayos\/2013\/08\/05\/el-terral-sera-protagonista-el-miercoles-en-malaga-capital-julio-ha-sido-calido-en-malaga-capital-07-sobre-la-media\/1079066_10201609567550260_487502741_o\/\" rel=\"attachment wp-att-6312\"><img loading=\"lazy\" class=\"aligncenter size-full wp-image-6312\" title=\"1079066_10201609567550260_487502741_o\" src=\"\/tormentas-y-rayos\/wp-content\/uploads\/sites\/12\/2013\/08\/1079066_10201609567550260_487502741_o.jpg\" alt=\"\" width=\"660\" height=\"440\" srcset=\"https:\/\/static-blogs.diariosur.es\/wp-content\/uploads\/sites\/12\/2013\/08\/1079066_10201609567550260_487502741_o.jpg 660w, https:\/\/static-blogs.diariosur.es\/wp-content\/uploads\/sites\/12\/2013\/08\/1079066_10201609567550260_487502741_o-600x400.jpg 600w\" sizes=\"(max-width: 660px) 100vw, 660px\" \/><\/a><\/p>\n<p>&nbsp;<\/p>\n","protected":false},"excerpt":{"rendered":"<p>BLOG ACTUALIZADO PINCHAR EN EL ENLACE. &nbsp; &nbsp; Buenos d\u00edas amigos de la meteo. Son las seis de la ma\u00f1ana, registro 25 grados, si amigos 25 grados, y con una humedad del 80 %. Asi que seguro muchos malague\u00f1os hemos empapado la almohada y est\u00e1n sudando ahora mismo. Hoy os doy la predicci\u00f3n para estos [&hellip;]<\/p>\n","protected":false},"author":16,"featured_media":6308,"comment_status":"open","ping_status":"open","sticky":false,"template":"","format":"standard","meta":[],"categories":[2],"tags":[975],"_links":{"self":[{"href":"https:\/\/blogs.diariosur.es\/tormentas-y-rayos\/wp-json\/wp\/v2\/posts\/6307"}],"collection":[{"href":"https:\/\/blogs.diariosur.es\/tormentas-y-rayos\/wp-json\/wp\/v2\/posts"}],"about":[{"href":"https:\/\/blogs.diariosur.es\/tormentas-y-rayos\/wp-json\/wp\/v2\/types\/post"}],"author":[{"embeddable":true,"href":"https:\/\/blogs.diariosur.es\/tormentas-y-rayos\/wp-json\/wp\/v2\/users\/16"}],"replies":[{"embeddable":true,"href":"https:\/\/blogs.diariosur.es\/tormentas-y-rayos\/wp-json\/wp\/v2\/comments?post=6307"}],"version-history":[{"count":0,"href":"https:\/\/blogs.diariosur.es\/tormentas-y-rayos\/wp-json\/wp\/v2\/posts\/6307\/revisions"}],"wp:featuredmedia":[{"embeddable":true,"href":"https:\/\/blogs.diariosur.es\/tormentas-y-rayos\/wp-json\/wp\/v2\/media\/6308"}],"wp:attachment":[{"href":"https:\/\/blogs.diariosur.es\/tormentas-y-rayos\/wp-json\/wp\/v2\/media?parent=6307"}],"wp:term":[{"taxonomy":"category","embeddable":true,"href":"https:\/\/blogs.diariosur.es\/tormentas-y-rayos\/wp-json\/wp\/v2\/categories?post=6307"},{"taxonomy":"post_tag","embeddable":true,"href":"https:\/\/blogs.diariosur.es\/tormentas-y-rayos\/wp-json\/wp\/v2\/tags?post=6307"}],"curies":[{"name":"wp","href":"https:\/\/api.w.org\/{rel}","templated":true}]}}