{"id":6316,"date":"2013-08-06T07:19:02","date_gmt":"2013-08-06T05:19:02","guid":{"rendered":"http:\/\/blogs.diariosur.es\/tormentas-y-rayos\/?p=6316"},"modified":"2013-08-06T07:19:02","modified_gmt":"2013-08-06T05:19:02","slug":"la-aemet-confirma-el-terral-y-pone-en-aviso-amarillo-a-malaga-capital-guadalhorce-y-axarquia-por-altas-temperaturas","status":"publish","type":"post","link":"https:\/\/blogs.diariosur.es\/tormentas-y-rayos\/2013\/08\/06\/la-aemet-confirma-el-terral-y-pone-en-aviso-amarillo-a-malaga-capital-guadalhorce-y-axarquia-por-altas-temperaturas\/","title":{"rendered":"ULTIMA HORA AVISO NARANJA. La AEMET confirma el terral y pone en aviso naranja a M\u00e1laga Capital, Guadalhorce y Axarqu\u00eda por altas temperaturas."},"content":{"rendered":"<p><strong><span style=\"color: #0000ff;\">ACTUALIZACI\u00d3N: \u00a0MIERCOLES 7-8-2013. Asi\u00a0amanec\u00eda\u00a0hoy por gentileza de Lui G Marin de diario de un camale\u00f3n.<\/span><\/strong><\/p>\n<p><a href=\"https:\/\/blogs.diariosur.es\/tormentas-y-rayos\/2013\/08\/06\/la-aemet-confirma-el-terral-y-pone-en-aviso-amarillo-a-malaga-capital-guadalhorce-y-axarquia-por-altas-temperaturas\/1149599_10200353421259732_1178745978_o\/\" rel=\"attachment wp-att-6328\"><img loading=\"lazy\" class=\"aligncenter size-full wp-image-6328\" title=\"1149599_10200353421259732_1178745978_o\" src=\"\/tormentas-y-rayos\/wp-content\/uploads\/sites\/12\/2013\/08\/1149599_10200353421259732_1178745978_o.jpg\" alt=\"\" width=\"660\" height=\"495\" srcset=\"https:\/\/static-blogs.diariosur.es\/wp-content\/uploads\/sites\/12\/2013\/08\/1149599_10200353421259732_1178745978_o.jpg 660w, https:\/\/static-blogs.diariosur.es\/wp-content\/uploads\/sites\/12\/2013\/08\/1149599_10200353421259732_1178745978_o-533x400.jpg 533w\" sizes=\"(max-width: 660px) 100vw, 660px\" \/><\/a><\/p>\n<p><span style=\"color: #ff0000;\"><strong>Para no abrir un post nuevo, seguiremos aqui mismo a nuestro amigo el terral malague\u00f1o. Os doy un dato muy curioso, a las cuatro de la ma\u00f1ana \u00a0de hoy mi\u00e9rcoles se registraba 28.7 grados en el Puerto. Ahora mismo en zonas de la capital se acercan a los 28 grados. Me acuesto un rato y sigo luego con vosotros la evoluci\u00f3n del terral.<\/strong><\/span><\/p>\n<p><span style=\"color: #ff00ff;\"><strong>Hola de nuevo amigos de la meteo. Son casi las once de la ma\u00f1ana y mi sensor ya registra 29.5 \u00a0grados, con una humedad del 32%, en la zona de teatinos ya sobrepasan los 30 grados, asi como en el Puerto.<\/strong><\/span><\/p>\n<p><span style=\"color: #0000ff;\"><strong>Atenci\u00f3n amigos, entra un fuerte reboza cuando son las once y media de suroeste que har\u00e1 bajar la temperatura en el puerto, impresionante<\/strong><\/span><\/p>\n<p><span style=\"color: #0000ff;\"><strong>A las once el puerto marcaba 33 grados , cuando actualicen los datos de las doce. , seguro que ser\u00e1n 8 grados menos<\/strong><\/span><\/p>\n<p><span style=\"color: #ff00ff;\"><strong>Hola de nuevo amigos de la meteo, mas en directo no puede ser jejeje, os paso los\u00a0gr\u00e1ficos\u00a0del puerto y del aeropuerto. En la zona del Puerto y como os he comentado antes ha entrado una fuerte reboza de suroeste que ha hecho bajar la temperatura de 33 a 27, mientras en el aeropuerto y zonas un poco mas alejadas del mar como es el caso de la cmisaria, teatinos etc el terral es el protagonista con 33 grados ahora mismo.<\/strong><\/span><\/p>\n<p><a href=\"https:\/\/blogs.diariosur.es\/tormentas-y-rayos\/2013\/08\/06\/la-aemet-confirma-el-terral-y-pone-en-aviso-amarillo-a-malaga-capital-guadalhorce-y-axarquia-por-altas-temperaturas\/bajon-4\/\" rel=\"attachment wp-att-6329\"><img loading=\"lazy\" class=\"aligncenter size-medium wp-image-6329\" title=\"bajon\" src=\"\/tormentas-y-rayos\/wp-content\/uploads\/sites\/12\/2013\/08\/bajon.jpg\" alt=\"\" width=\"600\" height=\"243\" srcset=\"https:\/\/static-blogs.diariosur.es\/wp-content\/uploads\/sites\/12\/2013\/08\/bajon.jpg 779w, https:\/\/static-blogs.diariosur.es\/wp-content\/uploads\/sites\/12\/2013\/08\/bajon-640x260.jpg 640w, https:\/\/static-blogs.diariosur.es\/wp-content\/uploads\/sites\/12\/2013\/08\/bajon-768x312.jpg 768w\" sizes=\"(max-width: 600px) 100vw, 600px\" \/><\/a><a href=\"https:\/\/blogs.diariosur.es\/tormentas-y-rayos\/2013\/08\/06\/la-aemet-confirma-el-terral-y-pone-en-aviso-amarillo-a-malaga-capital-guadalhorce-y-axarquia-por-altas-temperaturas\/subidon\/\" rel=\"attachment wp-att-6330\"><img loading=\"lazy\" class=\"aligncenter size-medium wp-image-6330\" title=\"subidon\" src=\"\/tormentas-y-rayos\/wp-content\/uploads\/sites\/12\/2013\/08\/subidon.jpg\" alt=\"\" width=\"600\" height=\"261\" srcset=\"https:\/\/static-blogs.diariosur.es\/wp-content\/uploads\/sites\/12\/2013\/08\/subidon.jpg 733w, https:\/\/static-blogs.diariosur.es\/wp-content\/uploads\/sites\/12\/2013\/08\/subidon-640x279.jpg 640w\" sizes=\"(max-width: 600px) 100vw, 600px\" \/><\/a><\/p>\n<p>&nbsp;<\/p>\n<p><strong>Aunque yo no me fiaria de ese bajon, seguro que el terral gana en el Puerto por goleada. Nos vemos en un rato<\/strong><\/p>\n<p>&nbsp;<\/p>\n<p><strong>Buenas tardes amigos. De momento el terral no ha llegado al Puerto, en esta zona la temperatura ronda los 28 gtrados. La maxima de momento se ha dado en el centro meteorologico con 37.1 grados. Si se sigue asi ni aviso amarillo, asi es la\u00a0meteorolog\u00eda.<\/strong><\/p>\n<p>&nbsp;<\/p>\n<p><strong>ULTIMA HORA AVISO NARANJA POR ALTAS TEMPERATURAS.<\/strong><\/p>\n<p><a href=\"https:\/\/blogs.diariosur.es\/tormentas-y-rayos\/2013\/08\/06\/la-aemet-confirma-el-terral-y-pone-en-aviso-amarillo-a-malaga-capital-guadalhorce-y-axarquia-por-altas-temperaturas\/naranja-7\/\" rel=\"attachment wp-att-6327\"><img loading=\"lazy\" class=\"aligncenter size-full wp-image-6327\" title=\"naranja\" src=\"\/tormentas-y-rayos\/wp-content\/uploads\/sites\/12\/2013\/08\/naranja.jpg\" alt=\"\" width=\"599\" height=\"432\" srcset=\"https:\/\/static-blogs.diariosur.es\/wp-content\/uploads\/sites\/12\/2013\/08\/naranja.jpg 599w, https:\/\/static-blogs.diariosur.es\/wp-content\/uploads\/sites\/12\/2013\/08\/naranja-555x400.jpg 555w\" sizes=\"(max-width: 599px) 100vw, 599px\" \/><\/a><\/p>\n<p><strong>Buenos dias amigos de la meteo.<\/strong><\/p>\n<p><strong>Son las cinco de la ma\u00f1ana, registro 24.8 grados y tengo charquitos en el suelo debido al sudor jejejeje, de la almohada ni os cuento. Hoy martes de nuevo podemos ver nieblas costeras y brumas.<\/strong><\/p>\n<p><strong>La Aemet confirma el terral para el mi\u00e9rcoles y activa el aviso amarillo por altas temperaturas en M\u00e1laga Capital, Guadalhorce y Axarqu\u00eda.<\/strong><\/p>\n<p>&nbsp;<\/p>\n<p><a href=\"https:\/\/blogs.diariosur.es\/tormentas-y-rayos\/2013\/08\/06\/la-aemet-confirma-el-terral-y-pone-en-aviso-amarillo-a-malaga-capital-guadalhorce-y-axarquia-por-altas-temperaturas\/bbb-4\/\" rel=\"attachment wp-att-6320\"><img loading=\"lazy\" class=\"aligncenter size-full wp-image-6320\" title=\"bbb\" src=\"\/tormentas-y-rayos\/wp-content\/uploads\/sites\/12\/2013\/08\/bbb.jpg\" alt=\"\" width=\"540\" height=\"156\" \/><\/a><\/p>\n<p>&nbsp;<\/p>\n<p><a href=\"https:\/\/blogs.diariosur.es\/tormentas-y-rayos\/2013\/08\/06\/la-aemet-confirma-el-terral-y-pone-en-aviso-amarillo-a-malaga-capital-guadalhorce-y-axarquia-por-altas-temperaturas\/20130805193000_avi_pmna_ccaa61\/\" rel=\"attachment wp-att-6319\"><img loading=\"lazy\" class=\"aligncenter size-full wp-image-6319\" title=\"20130805193000_avi_pmna_ccaa61\" src=\"\/tormentas-y-rayos\/wp-content\/uploads\/sites\/12\/2013\/08\/20130805193000_avi_pmna_ccaa61.png\" alt=\"\" width=\"500\" height=\"334\" \/><\/a><\/p>\n<p><strong>A \u00faltima hora de esta noche y madrugada del mi\u00e9rcoles empezara a soplar. Pero empezaremos a notar el aire caliente a partir del mediod\u00eda del mi\u00e9rcoles. Ayer lunes os explicaba porque se daba esta situaci\u00f3n, para los que\u00a0entr\u00e1is\u00a0de nuevo os lo vuelvo a explicar.\u00a0<\/strong><\/p>\n<p><strong>A \u00faltima del martes y madrugada del mi\u00e9rcoles \u00a0se acercara una borrasca al noroeste de Galicia. Os paso la imagen amigos. Fuente Gfs Meteociel.<\/strong><\/p>\n<p><strong><strong>Esta situaci\u00f3n unida a la posici\u00f3n del anticicl\u00f3n de la Azores, har\u00e1\u00a0que los vientos sean de poniente en el Estrecho y Mar de Albor\u00e1n, con el consiguiente terral en M\u00e1laga.<\/strong><\/strong><\/p>\n<p><img loading=\"lazy\" class=\"aligncenter\" src=\"\/tormentas-y-rayos\/wp-content\/uploads\/sites\/12\/2013\/08\/gfs-0-66.png\" alt=\"\" width=\"600\" height=\"400\" \/><\/p>\n<p>&nbsp;<\/p>\n<p><strong>En este mapa de viento del hirlam previsto para ma\u00f1ana\u00a0mi\u00e9rcoles, \u00a0se puede ver la direcci\u00f3n del viento en la provincia malague\u00f1a. Fuente hirlam y aemet<\/strong><\/p>\n<p><a href=\"https:\/\/blogs.diariosur.es\/tormentas-y-rayos\/2013\/08\/06\/la-aemet-confirma-el-terral-y-pone-en-aviso-amarillo-a-malaga-capital-guadalhorce-y-axarquia-por-altas-temperaturas\/t1-3\/\" rel=\"attachment wp-att-6322\"><img loading=\"lazy\" class=\"aligncenter size-medium wp-image-6322\" title=\"t1\" src=\"\/tormentas-y-rayos\/wp-content\/uploads\/sites\/12\/2013\/08\/t1.jpg\" alt=\"\" width=\"525\" height=\"400\" srcset=\"https:\/\/static-blogs.diariosur.es\/wp-content\/uploads\/sites\/12\/2013\/08\/t1.jpg 780w, https:\/\/static-blogs.diariosur.es\/wp-content\/uploads\/sites\/12\/2013\/08\/t1-525x400.jpg 525w, https:\/\/static-blogs.diariosur.es\/wp-content\/uploads\/sites\/12\/2013\/08\/t1-768x585.jpg 768w\" sizes=\"(max-width: 525px) 100vw, 525px\" \/><\/a><\/p>\n<p><strong>Os paso tambien el de temperaturas.<\/strong><\/p>\n<p><a href=\"https:\/\/blogs.diariosur.es\/tormentas-y-rayos\/2013\/08\/06\/la-aemet-confirma-el-terral-y-pone-en-aviso-amarillo-a-malaga-capital-guadalhorce-y-axarquia-por-altas-temperaturas\/t-5\/\" rel=\"attachment wp-att-6323\"><img loading=\"lazy\" class=\"aligncenter size-medium wp-image-6323\" title=\"t\" src=\"\/tormentas-y-rayos\/wp-content\/uploads\/sites\/12\/2013\/08\/t.jpg\" alt=\"\" width=\"539\" height=\"400\" srcset=\"https:\/\/static-blogs.diariosur.es\/wp-content\/uploads\/sites\/12\/2013\/08\/t.jpg 796w, https:\/\/static-blogs.diariosur.es\/wp-content\/uploads\/sites\/12\/2013\/08\/t-540x400.jpg 540w, https:\/\/static-blogs.diariosur.es\/wp-content\/uploads\/sites\/12\/2013\/08\/t-768x569.jpg 768w\" sizes=\"(max-width: 539px) 100vw, 539px\" \/><\/a><\/p>\n<p><a href=\"https:\/\/blogs.diariosur.es\/tormentas-y-rayos\/2013\/08\/06\/la-aemet-confirma-el-terral-y-pone-en-aviso-amarillo-a-malaga-capital-guadalhorce-y-axarquia-por-altas-temperaturas\/terralll-16\/\" rel=\"attachment wp-att-6317\"><img loading=\"lazy\" class=\"aligncenter size-medium wp-image-6317\" title=\"terralll\" src=\"\/tormentas-y-rayos\/wp-content\/uploads\/sites\/12\/2013\/08\/terralll.jpg\" alt=\"\" width=\"320\" height=\"400\" srcset=\"https:\/\/static-blogs.diariosur.es\/wp-content\/uploads\/sites\/12\/2013\/08\/terralll.jpg 430w, https:\/\/static-blogs.diariosur.es\/wp-content\/uploads\/sites\/12\/2013\/08\/terralll-320x400.jpg 320w\" sizes=\"(max-width: 320px) 100vw, 320px\" \/><\/a><\/p>\n<p><strong>Al final cuando entre nuestro querido amigo, las isos en la vertical de M\u00e1laga rondaran los 24 grados, por este motivo podemos llegar a los 38 grados o un poco mas. Os paso el mapa de temperaturas a 850 hpa 1500 metros. Fuente GFS ,METEOCIEL. Recordar que el\u00a0\u00fanico\u00a0terral que se dio a finales de julio, no\u00a0sobrepasamos\u00a0los 34 grados, esto se\u00a0debi\u00f3\u00a0a que la vaguada al llegar a la provincia malague\u00f1a hizo bajar las isos a 19 grados a 1500 metros. Pero en esta\u00a0ocasi\u00f3n\u00a0rondaran los 24 grados.<\/strong><\/p>\n<p><a href=\"https:\/\/blogs.diariosur.es\/tormentas-y-rayos\/2013\/08\/06\/la-aemet-confirma-el-terral-y-pone-en-aviso-amarillo-a-malaga-capital-guadalhorce-y-axarquia-por-altas-temperaturas\/gfs-1-48\/\" rel=\"attachment wp-att-6318\"><img loading=\"lazy\" class=\"aligncenter size-medium wp-image-6318\" title=\"gfs-1-48\" src=\"\/tormentas-y-rayos\/wp-content\/uploads\/sites\/12\/2013\/08\/gfs-1-48.png\" alt=\"\" width=\"600\" height=\"400\" srcset=\"https:\/\/static-blogs.diariosur.es\/wp-content\/uploads\/sites\/12\/2013\/08\/gfs-1-48.png 768w, https:\/\/static-blogs.diariosur.es\/wp-content\/uploads\/sites\/12\/2013\/08\/gfs-1-48-600x400.png 600w\" sizes=\"(max-width: 600px) 100vw, 600px\" \/><\/a><\/p>\n<p><strong>\u00a0 \u00a0Las temperaturas en la Comunidad Valenciana y Regi\u00f3n Murciana tambien\u00a0subir\u00e1n, ya que tambi\u00e9n el viento le entrar\u00eda de tierra.<\/strong><\/p>\n<p><strong> En el Valle del Guadalquivir bajar\u00edan notablemente y las\u00a0m\u00e1ximas\u00a0no llegar\u00edan a los 33 grados. Donde se \u00a0espera una bajada mas acusada de temperaturas y lluvias es el noroeste, norte y noreste peninsular. Incluso las tormentas en la zona de Catalu\u00f1a, Arag\u00f3n y Navarra puede ser fuertes y acompa\u00f1adas de granizo.<\/strong><\/p>\n<p><strong>Poco mas que contar amigos, pienso que el terral solo durara ma\u00f1ana mi\u00e9rcoles y primeras horas de la ma\u00f1ana del jueves. Al\u00a0mediod\u00eda\u00a0o primeras horas de la tarde\u00a0entrar\u00eda\u00a0de nuevo el levante.<\/strong><\/p>\n<p><span style=\"color: #ff00ff;\"><strong>\u00a0Os dejo con este amanecer que fotografi\u00e9 el pasado 28 de Abril.<\/strong><\/span><\/p>\n<p><a href=\"https:\/\/blogs.diariosur.es\/tormentas-y-rayos\/2013\/08\/06\/la-aemet-confirma-el-terral-y-pone-en-aviso-amarillo-a-malaga-capital-guadalhorce-y-axarquia-por-altas-temperaturas\/935235_10200287594611467_1889641499_n\/\" rel=\"attachment wp-att-6325\"><img loading=\"lazy\" class=\"aligncenter size-full wp-image-6325\" title=\"935235_10200287594611467_1889641499_n\" src=\"\/tormentas-y-rayos\/wp-content\/uploads\/sites\/12\/2013\/08\/935235_10200287594611467_1889641499_n.jpg\" alt=\"\" width=\"660\" height=\"495\" srcset=\"https:\/\/static-blogs.diariosur.es\/wp-content\/uploads\/sites\/12\/2013\/08\/935235_10200287594611467_1889641499_n.jpg 660w, https:\/\/static-blogs.diariosur.es\/wp-content\/uploads\/sites\/12\/2013\/08\/935235_10200287594611467_1889641499_n-533x400.jpg 533w\" sizes=\"(max-width: 660px) 100vw, 660px\" \/><\/a><\/p>\n","protected":false},"excerpt":{"rendered":"<p>ACTUALIZACI\u00d3N: \u00a0MIERCOLES 7-8-2013. Asi\u00a0amanec\u00eda\u00a0hoy por gentileza de Lui G Marin de diario de un camale\u00f3n. Para no abrir un post nuevo, seguiremos aqui mismo a nuestro amigo el terral malague\u00f1o. Os doy un dato muy curioso, a las cuatro de la ma\u00f1ana \u00a0de hoy mi\u00e9rcoles se registraba 28.7 grados en el Puerto. Ahora mismo en [&hellip;]<\/p>\n","protected":false},"author":16,"featured_media":6317,"comment_status":"open","ping_status":"open","sticky":false,"template":"","format":"standard","meta":[],"categories":[2],"tags":[63,81,91,151,155,470,587,962,975],"_links":{"self":[{"href":"https:\/\/blogs.diariosur.es\/tormentas-y-rayos\/wp-json\/wp\/v2\/posts\/6316"}],"collection":[{"href":"https:\/\/blogs.diariosur.es\/tormentas-y-rayos\/wp-json\/wp\/v2\/posts"}],"about":[{"href":"https:\/\/blogs.diariosur.es\/tormentas-y-rayos\/wp-json\/wp\/v2\/types\/post"}],"author":[{"embeddable":true,"href":"https:\/\/blogs.diariosur.es\/tormentas-y-rayos\/wp-json\/wp\/v2\/users\/16"}],"replies":[{"embeddable":true,"href":"https:\/\/blogs.diariosur.es\/tormentas-y-rayos\/wp-json\/wp\/v2\/comments?post=6316"}],"version-history":[{"count":0,"href":"https:\/\/blogs.diariosur.es\/tormentas-y-rayos\/wp-json\/wp\/v2\/posts\/6316\/revisions"}],"wp:featuredmedia":[{"embeddable":true,"href":"https:\/\/blogs.diariosur.es\/tormentas-y-rayos\/wp-json\/wp\/v2\/media\/6317"}],"wp:attachment":[{"href":"https:\/\/blogs.diariosur.es\/tormentas-y-rayos\/wp-json\/wp\/v2\/media?parent=6316"}],"wp:term":[{"taxonomy":"category","embeddable":true,"href":"https:\/\/blogs.diariosur.es\/tormentas-y-rayos\/wp-json\/wp\/v2\/categories?post=6316"},{"taxonomy":"post_tag","embeddable":true,"href":"https:\/\/blogs.diariosur.es\/tormentas-y-rayos\/wp-json\/wp\/v2\/tags?post=6316"}],"curies":[{"name":"wp","href":"https:\/\/api.w.org\/{rel}","templated":true}]}}