{"id":6340,"date":"2013-08-09T07:29:24","date_gmt":"2013-08-09T05:29:24","guid":{"rendered":"http:\/\/blogs.diariosur.es\/tormentas-y-rayos\/?p=6340"},"modified":"2013-08-09T07:29:24","modified_gmt":"2013-08-09T05:29:24","slug":"prevision-del-tiempo-tabla-sensacion-termica-calor-humedad-impresionante-video-de-una-tormenta-arcus","status":"publish","type":"post","link":"https:\/\/blogs.diariosur.es\/tormentas-y-rayos\/2013\/08\/09\/prevision-del-tiempo-tabla-sensacion-termica-calor-humedad-impresionante-video-de-una-tormenta-arcus\/","title":{"rendered":"Previsi\u00f3n del tiempo. Tabla sensaci\u00f3n t\u00e9rmica calor humedad. Impresionante video de una tormenta ( arcus)"},"content":{"rendered":"<p><strong>Buenos dias amigos de la meteo.<\/strong><\/p>\n<p><strong>Son las seis y media de la ma\u00f1ana, registro 25 grados y la humedad esta al 75%, por consiguiente segun la tabla que os pongo mas abajo estamos con una sensaci\u00f3n de 32 grados. De nuevo hay charquitos en el suelo y hasta las gafas se me\u00a0empa\u00f1an\u00a0jijij.<\/strong><\/p>\n<p><strong>Antes de nada quiero hacer menci\u00f3n a una gran seguidora de mi blog desde hace cuatro a\u00f1os. Ayer la conoc\u00ed en mi trabajo y me dio mucha alegr\u00eda cuando me comento: todos los d\u00edas sigo su blog \u00a0y me encanta. Amiga Pepi un fuerte abrazo. Y este amanecer se lo dedico.<\/strong><\/p>\n<p><a href=\"https:\/\/blogs.diariosur.es\/tormentas-y-rayos\/2013\/08\/09\/prevision-del-tiempo-tabla-sensacion-termica-calor-humedad-impresionante-video-de-una-tormenta-arcus\/150944_3266528741031_672969925_n\/\" rel=\"attachment wp-att-6350\"><img loading=\"lazy\" class=\"aligncenter size-full wp-image-6350\" title=\"150944_3266528741031_672969925_n\" src=\"\/tormentas-y-rayos\/wp-content\/uploads\/sites\/12\/2013\/08\/150944_3266528741031_672969925_n.jpg\" alt=\"\" width=\"660\" height=\"495\" srcset=\"https:\/\/static-blogs.diariosur.es\/wp-content\/uploads\/sites\/12\/2013\/08\/150944_3266528741031_672969925_n.jpg 660w, https:\/\/static-blogs.diariosur.es\/wp-content\/uploads\/sites\/12\/2013\/08\/150944_3266528741031_672969925_n-533x400.jpg 533w\" sizes=\"(max-width: 660px) 100vw, 660px\" \/><\/a><\/p>\n<p><strong>Bueno amigos se cumplieron los pron\u00f3sticos y el jueves sobre el mediod\u00eda entro el levante. Estos gr\u00e1ficos facilitados por la aemet lo dicen todo.<\/strong><\/p>\n<p><a href=\"https:\/\/blogs.diariosur.es\/tormentas-y-rayos\/2013\/08\/09\/prevision-del-tiempo-tabla-sensacion-termica-calor-humedad-impresionante-video-de-una-tormenta-arcus\/entra-levante\/\" rel=\"attachment wp-att-6341\"><img loading=\"lazy\" class=\"aligncenter size-medium wp-image-6341\" title=\"entra levante\" src=\"\/tormentas-y-rayos\/wp-content\/uploads\/sites\/12\/2013\/08\/entra-levante.jpg\" alt=\"\" width=\"600\" height=\"257\" srcset=\"https:\/\/static-blogs.diariosur.es\/wp-content\/uploads\/sites\/12\/2013\/08\/entra-levante.jpg 728w, https:\/\/static-blogs.diariosur.es\/wp-content\/uploads\/sites\/12\/2013\/08\/entra-levante-640x274.jpg 640w\" sizes=\"(max-width: 600px) 100vw, 600px\" \/><\/a><\/p>\n<p><a href=\"https:\/\/blogs.diariosur.es\/tormentas-y-rayos\/2013\/08\/09\/prevision-del-tiempo-tabla-sensacion-termica-calor-humedad-impresionante-video-de-una-tormenta-arcus\/entra\/\" rel=\"attachment wp-att-6342\"><img loading=\"lazy\" class=\"aligncenter size-medium wp-image-6342\" title=\"entra\" src=\"\/tormentas-y-rayos\/wp-content\/uploads\/sites\/12\/2013\/08\/entra.jpg\" alt=\"\" width=\"600\" height=\"270\" srcset=\"https:\/\/static-blogs.diariosur.es\/wp-content\/uploads\/sites\/12\/2013\/08\/entra.jpg 714w, https:\/\/static-blogs.diariosur.es\/wp-content\/uploads\/sites\/12\/2013\/08\/entra-640x289.jpg 640w\" sizes=\"(max-width: 600px) 100vw, 600px\" \/><\/a><\/p>\n<p><strong>Impresionante la bajada de temperatura, la m\u00e1xima el jueves fue de 33.5 grados y la m\u00ednima de 25.1. La racha de viento de levante fue de 44 km\/h.<\/strong><\/p>\n<p><a href=\"https:\/\/blogs.diariosur.es\/tormentas-y-rayos\/2013\/08\/09\/prevision-del-tiempo-tabla-sensacion-termica-calor-humedad-impresionante-video-de-una-tormenta-arcus\/captura-160\/\" rel=\"attachment wp-att-6343\"><img loading=\"lazy\" class=\"aligncenter size-full wp-image-6343\" title=\"Captura\" src=\"\/tormentas-y-rayos\/wp-content\/uploads\/sites\/12\/2013\/08\/Captura1.jpg\" alt=\"\" width=\"489\" height=\"195\" \/><\/a><\/p>\n<p>&nbsp;<\/p>\n<p><strong>Como sobre gustos no hay nada escrito, a unos le gusta el levante con humedad, a otros un terral contenido y a unos pocos como yo que sea oto\u00f1o en verano jejeje. Por gentileza de mis \u00a0amigos Kiko Kik\u00f3n y Mario Fernandez os paso la tabla de sensaci\u00f3n t\u00e9rmica de calor unida a la humedad. Esto comentaba Kiko<\/strong><\/p>\n<p><a href=\"https:\/\/blogs.diariosur.es\/tormentas-y-rayos\/2013\/08\/09\/prevision-del-tiempo-tabla-sensacion-termica-calor-humedad-impresionante-video-de-una-tormenta-arcus\/mmm\/\" rel=\"attachment wp-att-6346\"><img loading=\"lazy\" class=\"aligncenter size-full wp-image-6346\" title=\"mmm\" src=\"\/tormentas-y-rayos\/wp-content\/uploads\/sites\/12\/2013\/08\/mmm.jpg\" alt=\"\" width=\"330\" height=\"187\" \/><\/a><\/p>\n<p>&nbsp;<\/p>\n<p><a href=\"https:\/\/blogs.diariosur.es\/tormentas-y-rayos\/2013\/08\/09\/prevision-del-tiempo-tabla-sensacion-termica-calor-humedad-impresionante-video-de-una-tormenta-arcus\/1146969_10201752516564218_1390901565_o\/\" rel=\"attachment wp-att-6345\"><img loading=\"lazy\" class=\"aligncenter size-medium wp-image-6345\" title=\"1146969_10201752516564218_1390901565_o\" src=\"\/tormentas-y-rayos\/wp-content\/uploads\/sites\/12\/2013\/08\/1146969_10201752516564218_1390901565_o.jpg\" alt=\"\" width=\"600\" height=\"360\" srcset=\"https:\/\/static-blogs.diariosur.es\/wp-content\/uploads\/sites\/12\/2013\/08\/1146969_10201752516564218_1390901565_o.jpg 1001w, https:\/\/static-blogs.diariosur.es\/wp-content\/uploads\/sites\/12\/2013\/08\/1146969_10201752516564218_1390901565_o-640x385.jpg 640w, https:\/\/static-blogs.diariosur.es\/wp-content\/uploads\/sites\/12\/2013\/08\/1146969_10201752516564218_1390901565_o-768x462.jpg 768w\" sizes=\"(max-width: 600px) 100vw, 600px\" \/><\/a><\/p>\n<p><strong>Prefiero un terral de 36 grados jejejej.<\/strong><\/p>\n<p><span style=\"color: #ff0000;\"><strong>PREVISI\u00d3N DEL TIEMPO FIN DE SEMANA:<\/strong><\/span><\/p>\n<p><img loading=\"lazy\" class=\"aligncenter\" src=\"\/tormentas-y-rayos\/wp-content\/uploads\/sites\/12\/2013\/08\/levante.jpg\" alt=\"\" width=\"326\" height=\"400\" \/><\/p>\n<p>&nbsp;<\/p>\n<p><strong>Simplemente con ver este mapa previsto a nivel de superficie para el s\u00e1bado, se ve claramente que el levante ser\u00e1 el protagonista este fin de semana. Fuente hirlam aemet<\/strong><\/p>\n<p><a href=\"https:\/\/blogs.diariosur.es\/tormentas-y-rayos\/2013\/08\/09\/prevision-del-tiempo-tabla-sensacion-termica-calor-humedad-impresionante-video-de-una-tormenta-arcus\/nivel-de-superficie-2\/\" rel=\"attachment wp-att-6348\"><img loading=\"lazy\" class=\"aligncenter size-medium wp-image-6348\" title=\"nivel de superficie\" src=\"\/tormentas-y-rayos\/wp-content\/uploads\/sites\/12\/2013\/08\/nivel-de-superficie.jpg\" alt=\"\" width=\"545\" height=\"400\" srcset=\"https:\/\/static-blogs.diariosur.es\/wp-content\/uploads\/sites\/12\/2013\/08\/nivel-de-superficie.jpg 729w, https:\/\/static-blogs.diariosur.es\/wp-content\/uploads\/sites\/12\/2013\/08\/nivel-de-superficie-545x400.jpg 545w\" sizes=\"(max-width: 545px) 100vw, 545px\" \/><\/a><\/p>\n<p>&nbsp;<\/p>\n<p><strong>Las nubes bajas y las brumas ser\u00e1n las protagonistas en el litoral mediterr\u00e1neo. De nuevo las\u00a0m\u00e1ximas\u00a0subir\u00e1n en el Valle del Guadalquivir, la aemet activa el aviso amarillo para el s\u00e1bado y el domingo en la campi\u00f1a Sevillana y Cordobesa. Ser\u00e1n temperaturas normales para las fechas que estamos. Poco mas que contar amigos, esta semana tengo mucho curro y me sera imposible actualizar el blog de nuevo, de todas formas no espero gran cosa.\u00a0<\/strong><\/p>\n<p><strong> Un inciso amigos, ahora mismo tengo la camisa del curro empapa de sudor, la verdad que ya tengo la corbata puesta, pero este levante es un suplicio, con vuestro permiso me vuelvo a cambiar de camisa jijiji.<\/strong><\/p>\n<p><strong><span style=\"color: #ff0000;\">Os dejo con este impresionante v\u00eddeo que me ha mandado mi amigo Oskar, es una pasada. Esta tomado en\u00a0B\u00e9lgica\u00a0.<\/span><\/strong><\/p>\n<p><span style=\"color: #ff0000;\"><strong>Que dar\u00eda yo por poder ver esto en la playa de la misericordia . Gracias Oskar.<\/strong><\/span><\/p>\n<p>&nbsp;<\/p>\n<p>&nbsp;<\/p>\n<p>&nbsp;<\/p>\n<p>&nbsp;<\/p>\n<p><iframe loading=\"lazy\" src=\"\/\/www.youtube.com\/embed\/VfzB9LUgYII\" frameborder=\"0\" width=\"640\" height=\"360\"><\/iframe><\/p>\n","protected":false},"excerpt":{"rendered":"<p>Buenos dias amigos de la meteo. Son las seis y media de la ma\u00f1ana, registro 25 grados y la humedad esta al 75%, por consiguiente segun la tabla que os pongo mas abajo estamos con una sensaci\u00f3n de 32 grados. De nuevo hay charquitos en el suelo y hasta las gafas se me\u00a0empa\u00f1an\u00a0jijij. Antes de [&hellip;]<\/p>\n","protected":false},"author":16,"featured_media":6349,"comment_status":"open","ping_status":"open","sticky":false,"template":"","format":"standard","meta":[],"categories":[2],"tags":[127,212,494,503,809,906,948,971,980,992,1056],"_links":{"self":[{"href":"https:\/\/blogs.diariosur.es\/tormentas-y-rayos\/wp-json\/wp\/v2\/posts\/6340"}],"collection":[{"href":"https:\/\/blogs.diariosur.es\/tormentas-y-rayos\/wp-json\/wp\/v2\/posts"}],"about":[{"href":"https:\/\/blogs.diariosur.es\/tormentas-y-rayos\/wp-json\/wp\/v2\/types\/post"}],"author":[{"embeddable":true,"href":"https:\/\/blogs.diariosur.es\/tormentas-y-rayos\/wp-json\/wp\/v2\/users\/16"}],"replies":[{"embeddable":true,"href":"https:\/\/blogs.diariosur.es\/tormentas-y-rayos\/wp-json\/wp\/v2\/comments?post=6340"}],"version-history":[{"count":0,"href":"https:\/\/blogs.diariosur.es\/tormentas-y-rayos\/wp-json\/wp\/v2\/posts\/6340\/revisions"}],"wp:featuredmedia":[{"embeddable":true,"href":"https:\/\/blogs.diariosur.es\/tormentas-y-rayos\/wp-json\/wp\/v2\/media\/6349"}],"wp:attachment":[{"href":"https:\/\/blogs.diariosur.es\/tormentas-y-rayos\/wp-json\/wp\/v2\/media?parent=6340"}],"wp:term":[{"taxonomy":"category","embeddable":true,"href":"https:\/\/blogs.diariosur.es\/tormentas-y-rayos\/wp-json\/wp\/v2\/categories?post=6340"},{"taxonomy":"post_tag","embeddable":true,"href":"https:\/\/blogs.diariosur.es\/tormentas-y-rayos\/wp-json\/wp\/v2\/tags?post=6340"}],"curies":[{"name":"wp","href":"https:\/\/api.w.org\/{rel}","templated":true}]}}