{"id":6351,"date":"2013-08-12T10:17:04","date_gmt":"2013-08-12T08:17:04","guid":{"rendered":"http:\/\/blogs.diariosur.es\/tormentas-y-rayos\/?p=6351"},"modified":"2013-08-12T10:17:04","modified_gmt":"2013-08-12T08:17:04","slug":"el-calor-y-las-tormentas-protagonistas","status":"publish","type":"post","link":"https:\/\/blogs.diariosur.es\/tormentas-y-rayos\/2013\/08\/12\/el-calor-y-las-tormentas-protagonistas\/","title":{"rendered":"El calor y las tormentas protagonistas. Aviso amarillo"},"content":{"rendered":"<p>MARTES 13-8-2013<\/p>\n<p><span style=\"color: #ff0000;\"><strong>Buenos dias amigos de la meteo. Lo mismo actualizo el blog esta noche cuando venga del curro. El levante puede traer la pr\u00f3xima madrugada algunas gotas. No todos los modelos dan esta circunstancia. Si os fij\u00e1is ahora mismo cuando son las siete de la ma\u00f1ana, las nubes bajas de levante son las protagonistas, estas mismas nubes pueden dejar algunas gotas .\u00a0<\/strong><\/span><\/p>\n<p>&nbsp;<\/p>\n<p><a href=\"https:\/\/blogs.diariosur.es\/tormentas-y-rayos\/2013\/08\/12\/el-calor-y-las-tormentas-protagonistas\/ll-10\/\" rel=\"attachment wp-att-6359\"><img loading=\"lazy\" class=\"aligncenter size-medium wp-image-6359\" title=\"LL\" src=\"\/tormentas-y-rayos\/wp-content\/uploads\/sites\/12\/2013\/08\/LL.jpg\" alt=\"\" width=\"531\" height=\"400\" srcset=\"https:\/\/static-blogs.diariosur.es\/wp-content\/uploads\/sites\/12\/2013\/08\/LL.jpg 762w, https:\/\/static-blogs.diariosur.es\/wp-content\/uploads\/sites\/12\/2013\/08\/LL-532x400.jpg 532w\" sizes=\"(max-width: 531px) 100vw, 531px\" \/><\/a><\/p>\n<p><strong>Buenos dias amigos de la meteo.\u00a0<strong>Son las nueve de la ma\u00f1ana, registro 22,4 grados y los cielos est\u00e1n despejados<\/strong><\/strong><\/p>\n<p><strong>\u00a0Un poco mas tarde de lo habitual actualizo el blog, acabo de llegar de Torre de Benagalb\u00f3n y si os soy sincero llevo casi dos d\u00edas sin ver modelos. Si me dais un poco de tiempo preparo las fotos que tome ayer y miro por encima algunos mapas.<\/strong><\/p>\n<p><strong>\u00a0Empiezo por el resumen del domingo, en donde lo mas destacado fue los cirros que adornaron los cielos\u00a0malague\u00f1os.\u00a0<\/strong><\/p>\n<p><strong>Este pasado fin de semana el calor ha sido el protagonista en toda Andaluc\u00eda, pero sobre todo en la campi\u00f1a Sevillana y Cordobesa. Os paso las\u00a0m\u00e1ximas\u00a0que se dieron ayer domingo fuente aemet.<\/strong><\/p>\n<p><a href=\"https:\/\/blogs.diariosur.es\/tormentas-y-rayos\/2013\/08\/12\/el-calor-y-las-tormentas-protagonistas\/maximas-domingo\/\" rel=\"attachment wp-att-6352\"><img loading=\"lazy\" class=\"aligncenter size-full wp-image-6352\" title=\"maximas domingo\" src=\"\/tormentas-y-rayos\/wp-content\/uploads\/sites\/12\/2013\/08\/maximas-domingo.jpg\" alt=\"\" width=\"660\" height=\"404\" srcset=\"https:\/\/static-blogs.diariosur.es\/wp-content\/uploads\/sites\/12\/2013\/08\/maximas-domingo.jpg 660w, https:\/\/static-blogs.diariosur.es\/wp-content\/uploads\/sites\/12\/2013\/08\/maximas-domingo-640x392.jpg 640w\" sizes=\"(max-width: 660px) 100vw, 660px\" \/><\/a><\/p>\n<p>&nbsp;<\/p>\n<p><strong>La m\u00e1xima en Torre de Benagalb\u00f3n fue de 30.4 grados en mi estaci\u00f3n y la m\u00ednima tanto ayer como hoy lunes ha sido de 21.8 grados. Como os comentaba mas arriba los cirros fueron los protagonistas, os paso varias fotos y como colof\u00f3n la impresionante puesta de sol que tuvimos ayer.<\/strong><\/p>\n<p><strong>La primera foto son cirrus fibratus.<\/strong><\/p>\n<p><a href=\"https:\/\/blogs.diariosur.es\/tormentas-y-rayos\/2013\/08\/12\/el-calor-y-las-tormentas-protagonistas\/olympus-digital-camera-1388\/\" rel=\"attachment wp-att-6353\"><img loading=\"lazy\" class=\"aligncenter size-full wp-image-6353\" title=\"OLYMPUS DIGITAL CAMERA\" src=\"\/tormentas-y-rayos\/wp-content\/uploads\/sites\/12\/2013\/08\/010010.jpg\" alt=\"\" width=\"660\" height=\"495\" srcset=\"https:\/\/static-blogs.diariosur.es\/wp-content\/uploads\/sites\/12\/2013\/08\/010010.jpg 660w, https:\/\/static-blogs.diariosur.es\/wp-content\/uploads\/sites\/12\/2013\/08\/010010-533x400.jpg 533w\" sizes=\"(max-width: 660px) 100vw, 660px\" \/><\/a><\/p>\n<p><strong>En la segunda foto se distingue un cirrus vertebratus.<\/strong><\/p>\n<p><a href=\"https:\/\/blogs.diariosur.es\/tormentas-y-rayos\/2013\/08\/12\/el-calor-y-las-tormentas-protagonistas\/olympus-digital-camera-1389\/\" rel=\"attachment wp-att-6354\"><img loading=\"lazy\" class=\"aligncenter size-full wp-image-6354\" title=\"OLYMPUS DIGITAL CAMERA\" src=\"\/tormentas-y-rayos\/wp-content\/uploads\/sites\/12\/2013\/08\/012012.jpg\" alt=\"\" width=\"500\" height=\"667\" srcset=\"https:\/\/static-blogs.diariosur.es\/wp-content\/uploads\/sites\/12\/2013\/08\/012012.jpg 500w, https:\/\/static-blogs.diariosur.es\/wp-content\/uploads\/sites\/12\/2013\/08\/012012-300x400.jpg 300w\" sizes=\"(max-width: 500px) 100vw, 500px\" \/><\/a><\/p>\n<p><strong>En esta otra unos preciosos cirrus uncinus.<\/strong><\/p>\n<p><a href=\"https:\/\/blogs.diariosur.es\/tormentas-y-rayos\/2013\/08\/12\/el-calor-y-las-tormentas-protagonistas\/olympus-digital-camera-1390\/\" rel=\"attachment wp-att-6355\"><img loading=\"lazy\" class=\"aligncenter size-full wp-image-6355\" title=\"OLYMPUS DIGITAL CAMERA\" src=\"\/tormentas-y-rayos\/wp-content\/uploads\/sites\/12\/2013\/08\/014014.jpg\" alt=\"\" width=\"660\" height=\"495\" srcset=\"https:\/\/static-blogs.diariosur.es\/wp-content\/uploads\/sites\/12\/2013\/08\/014014.jpg 660w, https:\/\/static-blogs.diariosur.es\/wp-content\/uploads\/sites\/12\/2013\/08\/014014-533x400.jpg 533w\" sizes=\"(max-width: 660px) 100vw, 660px\" \/><\/a><\/p>\n<p><strong>Y por ultimo estas dos fotos de la puesta de sol que se dio el domingo desde Torre de Benagalb\u00f3n.<\/strong><\/p>\n<p><a href=\"https:\/\/blogs.diariosur.es\/tormentas-y-rayos\/2013\/08\/12\/el-calor-y-las-tormentas-protagonistas\/olympus-digital-camera-1391\/\" rel=\"attachment wp-att-6356\"><img loading=\"lazy\" class=\"aligncenter size-full wp-image-6356\" title=\"OLYMPUS DIGITAL CAMERA\" src=\"\/tormentas-y-rayos\/wp-content\/uploads\/sites\/12\/2013\/08\/025025.jpg\" alt=\"\" width=\"660\" height=\"495\" srcset=\"https:\/\/static-blogs.diariosur.es\/wp-content\/uploads\/sites\/12\/2013\/08\/025025.jpg 660w, https:\/\/static-blogs.diariosur.es\/wp-content\/uploads\/sites\/12\/2013\/08\/025025-533x400.jpg 533w\" sizes=\"(max-width: 660px) 100vw, 660px\" \/><\/a><\/p>\n<p>&nbsp;<\/p>\n<p><a href=\"https:\/\/blogs.diariosur.es\/tormentas-y-rayos\/2013\/08\/12\/el-calor-y-las-tormentas-protagonistas\/olympus-digital-camera-1392\/\" rel=\"attachment wp-att-6357\"><img loading=\"lazy\" class=\"aligncenter size-full wp-image-6357\" title=\"OLYMPUS DIGITAL CAMERA\" src=\"\/tormentas-y-rayos\/wp-content\/uploads\/sites\/12\/2013\/08\/027027.jpg\" alt=\"\" width=\"660\" height=\"495\" srcset=\"https:\/\/static-blogs.diariosur.es\/wp-content\/uploads\/sites\/12\/2013\/08\/027027.jpg 660w, https:\/\/static-blogs.diariosur.es\/wp-content\/uploads\/sites\/12\/2013\/08\/027027-533x400.jpg 533w\" sizes=\"(max-width: 660px) 100vw, 660px\" \/><\/a><\/p>\n<p>&nbsp;<\/p>\n<p>&nbsp;<\/p>\n<p><strong>Vamos con la peque\u00f1a predicci\u00f3n para estos dos primeros d\u00edas de la semana. Lo mas destacado seguir\u00e1 siendo el calor que har\u00e1 hoy en la campi\u00f1a Cordobesa y Sevillana, asi como tambi\u00e9n en Castilla La Mancha, Comunidad de Madrid y Extremadura. Por este motivo la Aemet activa el aviso amarillo por altas temperaturas. Tambi\u00e9n se activa el aviso amarillo por tormentas en \u00a0Castilla Leon, Navarra y Arag\u00f3n.<\/strong><\/p>\n<p><strong>Ma\u00f1ana martes los avisos por altas temperaturas bajaran y solo quedaran activos en Ja\u00e9n, C\u00f3rdoba y Ciudad Real. En cambio los avisos por tormentas seguir\u00e1n activos y tambi\u00e9n se activara para Catalu\u00f1a. Estas tormentas seran moderadas y acompa\u00f1adas de granizo.<\/strong><\/p>\n<p><strong>En M\u00e1laga Capital las\u00a0m\u00e1ximas\u00a0rondaran los 30 grados, en el interior de la provincia se acercaran a los 35 grados como es el caso de Ronda y Antequera. Poco mas que contar amigos, el viento en la costa soplara de sur sureste, que pueden traer brumas y alg\u00fan banco de niebla en la mar. Hoy es mi dia libre y quiero aprovecharlo bien, el s\u00e1bado que viene ya estoy de vacaciones y tirare para Torre de Benagalb\u00f3n. Daros las gracias por las muestras de cari\u00f1o hacia mi padre, esta un poco mejor. Venga hasta el\u00a0mi\u00e9rcoles.<\/strong><\/p>\n<p>&nbsp;<\/p>\n","protected":false},"excerpt":{"rendered":"<p>MARTES 13-8-2013 Buenos dias amigos de la meteo. Lo mismo actualizo el blog esta noche cuando venga del curro. El levante puede traer la pr\u00f3xima madrugada algunas gotas. No todos los modelos dan esta circunstancia. Si os fij\u00e1is ahora mismo cuando son las siete de la ma\u00f1ana, las nubes bajas de levante son las protagonistas, [&hellip;]<\/p>\n","protected":false},"author":16,"featured_media":6356,"comment_status":"open","ping_status":"open","sticky":false,"template":"","format":"standard","meta":[],"categories":[2],"tags":[81,94,151,962,998],"_links":{"self":[{"href":"https:\/\/blogs.diariosur.es\/tormentas-y-rayos\/wp-json\/wp\/v2\/posts\/6351"}],"collection":[{"href":"https:\/\/blogs.diariosur.es\/tormentas-y-rayos\/wp-json\/wp\/v2\/posts"}],"about":[{"href":"https:\/\/blogs.diariosur.es\/tormentas-y-rayos\/wp-json\/wp\/v2\/types\/post"}],"author":[{"embeddable":true,"href":"https:\/\/blogs.diariosur.es\/tormentas-y-rayos\/wp-json\/wp\/v2\/users\/16"}],"replies":[{"embeddable":true,"href":"https:\/\/blogs.diariosur.es\/tormentas-y-rayos\/wp-json\/wp\/v2\/comments?post=6351"}],"version-history":[{"count":0,"href":"https:\/\/blogs.diariosur.es\/tormentas-y-rayos\/wp-json\/wp\/v2\/posts\/6351\/revisions"}],"wp:featuredmedia":[{"embeddable":true,"href":"https:\/\/blogs.diariosur.es\/tormentas-y-rayos\/wp-json\/wp\/v2\/media\/6356"}],"wp:attachment":[{"href":"https:\/\/blogs.diariosur.es\/tormentas-y-rayos\/wp-json\/wp\/v2\/media?parent=6351"}],"wp:term":[{"taxonomy":"category","embeddable":true,"href":"https:\/\/blogs.diariosur.es\/tormentas-y-rayos\/wp-json\/wp\/v2\/categories?post=6351"},{"taxonomy":"post_tag","embeddable":true,"href":"https:\/\/blogs.diariosur.es\/tormentas-y-rayos\/wp-json\/wp\/v2\/tags?post=6351"}],"curies":[{"name":"wp","href":"https:\/\/api.w.org\/{rel}","templated":true}]}}