{"id":6360,"date":"2013-08-14T07:28:46","date_gmt":"2013-08-14T05:28:46","guid":{"rendered":"http:\/\/blogs.diariosur.es\/tormentas-y-rayos\/?p=6360"},"modified":"2013-08-14T07:28:46","modified_gmt":"2013-08-14T05:28:46","slug":"el-calor-y-la-humedad-seguiran-de-protagonista-impresionantes-tetas-meteorologicas-el-viernes-prevision-del-tiempo-para-la-feria-de-malaga","status":"publish","type":"post","link":"https:\/\/blogs.diariosur.es\/tormentas-y-rayos\/2013\/08\/14\/el-calor-y-la-humedad-seguiran-de-protagonista-impresionantes-tetas-meteorologicas-el-viernes-prevision-del-tiempo-para-la-feria-de-malaga\/","title":{"rendered":"El calor y la humedad seguir\u00e1n de protagonista. Impresionantes tetas ( mamamtus) meteorol\u00f3gicas. El viernes previsi\u00f3n del tiempo para la Feria de M\u00e1laga"},"content":{"rendered":"<p><strong>Buenos dias amigos de la meteo.<\/strong><\/p>\n<p><strong>Son las seis de la ma\u00f1ana, registro casi 25 grados y lo peor es que tenemos el 80% de humedad, esto hace que la sensaci\u00f3n sea de mas de 30 grados. Los cielos est\u00e1n nubosos e incluso se pueden escapar algunas gotas en zona de costa, mas probables hacia el Estrecho. Os paso la grafica de humedad del puerto y de teatinos. Fijaros en el centro meteorologico, casi el 90 %.<\/strong><\/p>\n<p><a href=\"https:\/\/blogs.diariosur.es\/tormentas-y-rayos\/2013\/08\/14\/el-calor-y-la-humedad-seguiran-de-protagonista-impresionantes-tetas-meteorologicas-el-viernes-prevision-del-tiempo-para-la-feria-de-malaga\/humedad-5\/\" rel=\"attachment wp-att-6361\"><img loading=\"lazy\" class=\"aligncenter size-medium wp-image-6361\" title=\"humedad\" src=\"\/tormentas-y-rayos\/wp-content\/uploads\/sites\/12\/2013\/08\/humedad.jpg\" alt=\"\" width=\"600\" height=\"259\" srcset=\"https:\/\/static-blogs.diariosur.es\/wp-content\/uploads\/sites\/12\/2013\/08\/humedad.jpg 721w, https:\/\/static-blogs.diariosur.es\/wp-content\/uploads\/sites\/12\/2013\/08\/humedad-640x277.jpg 640w\" sizes=\"(max-width: 600px) 100vw, 600px\" \/><\/a><a href=\"https:\/\/blogs.diariosur.es\/tormentas-y-rayos\/2013\/08\/14\/el-calor-y-la-humedad-seguiran-de-protagonista-impresionantes-tetas-meteorologicas-el-viernes-prevision-del-tiempo-para-la-feria-de-malaga\/teat-3\/\" rel=\"attachment wp-att-6362\"><img loading=\"lazy\" class=\"aligncenter size-medium wp-image-6362\" title=\"teat\" src=\"\/tormentas-y-rayos\/wp-content\/uploads\/sites\/12\/2013\/08\/teat.jpg\" alt=\"\" width=\"600\" height=\"267\" srcset=\"https:\/\/static-blogs.diariosur.es\/wp-content\/uploads\/sites\/12\/2013\/08\/teat.jpg 712w, https:\/\/static-blogs.diariosur.es\/wp-content\/uploads\/sites\/12\/2013\/08\/teat-640x285.jpg 640w\" sizes=\"(max-width: 600px) 100vw, 600px\" \/><\/a><\/p>\n<p>&nbsp;<\/p>\n<p><strong>Seguiremos tanto hoy como ma\u00f1ana jueves con la misma t\u00f3nica en toda Andaluc\u00eda, os paso las maximas que se dieron ayer, fuente aemet.<\/strong><\/p>\n<p><a href=\"https:\/\/blogs.diariosur.es\/tormentas-y-rayos\/2013\/08\/14\/el-calor-y-la-humedad-seguiran-de-protagonista-impresionantes-tetas-meteorologicas-el-viernes-prevision-del-tiempo-para-la-feria-de-malaga\/maximas-3\/\" rel=\"attachment wp-att-6363\"><img loading=\"lazy\" class=\"aligncenter size-medium wp-image-6363\" title=\"maximas\" src=\"\/tormentas-y-rayos\/wp-content\/uploads\/sites\/12\/2013\/08\/maximas.jpg\" alt=\"\" width=\"600\" height=\"390\" srcset=\"https:\/\/static-blogs.diariosur.es\/wp-content\/uploads\/sites\/12\/2013\/08\/maximas.jpg 740w, https:\/\/static-blogs.diariosur.es\/wp-content\/uploads\/sites\/12\/2013\/08\/maximas-615x400.jpg 615w\" sizes=\"(max-width: 600px) 100vw, 600px\" \/><\/a><\/p>\n<p><strong>Los avisos amarillos por altas temperaturas se activaran hoy y ma\u00f1ana jueves en Galicia, concretamente en Orense y tambi\u00e9n en Le\u00f3n. Las\u00a0m\u00e1ximas\u00a0llegaran a los 38 grados en Orense y 36 en Le\u00f3n.<\/strong><\/p>\n<p><strong>Poco mas que contar amigos, el viernes\u00a0dar\u00e9\u00a0la previsi\u00f3n del tiempo para los primeros dias de feria.<\/strong><\/p>\n<p><strong><span style=\"color: #0000ff;\">Amigo Paco me da que te llevas para Galicia calor del bueno, espero que no\u00a0est\u00e9s\u00a0por el interior. De todas formas el viernes te comento algo mas.\u00a0<\/span><\/strong><\/p>\n<p><span style=\"color: #ff0000;\"><strong>Os dejo con estas dos \u00a0impresionante fotos. La primera una supercelula en Texas.\u00a0William.T.Reid, stormbruiser.com<\/strong><\/span><\/p>\n<p><a href=\"https:\/\/blogs.diariosur.es\/tormentas-y-rayos\/2013\/08\/14\/el-calor-y-la-humedad-seguiran-de-protagonista-impresionantes-tetas-meteorologicas-el-viernes-prevision-del-tiempo-para-la-feria-de-malaga\/1098357_10151624162648925_924543819_n\/\" rel=\"attachment wp-att-6364\"><img loading=\"lazy\" class=\"aligncenter size-full wp-image-6364\" title=\"1098357_10151624162648925_924543819_n\" src=\"\/tormentas-y-rayos\/wp-content\/uploads\/sites\/12\/2013\/08\/1098357_10151624162648925_924543819_n.jpg\" alt=\"\" width=\"650\" height=\"427\" srcset=\"https:\/\/static-blogs.diariosur.es\/wp-content\/uploads\/sites\/12\/2013\/08\/1098357_10151624162648925_924543819_n.jpg 650w, https:\/\/static-blogs.diariosur.es\/wp-content\/uploads\/sites\/12\/2013\/08\/1098357_10151624162648925_924543819_n-609x400.jpg 609w\" sizes=\"(max-width: 650px) 100vw, 650px\" \/><\/a><\/p>\n<p><strong>Y esta ultima unos impresionantes mamamtus que se dieron el dia pasado en Le\u00f3n. El tiempo primera cadena.<\/strong><\/p>\n<p><a href=\"https:\/\/blogs.diariosur.es\/tormentas-y-rayos\/2013\/08\/14\/el-calor-y-la-humedad-seguiran-de-protagonista-impresionantes-tetas-meteorologicas-el-viernes-prevision-del-tiempo-para-la-feria-de-malaga\/4am8\/\" rel=\"attachment wp-att-6366\"><img loading=\"lazy\" class=\"aligncenter size-full wp-image-6366\" title=\"4am8\" src=\"\/tormentas-y-rayos\/wp-content\/uploads\/sites\/12\/2013\/08\/4am8.jpg\" alt=\"\" width=\"660\" height=\"373\" srcset=\"https:\/\/static-blogs.diariosur.es\/wp-content\/uploads\/sites\/12\/2013\/08\/4am8.jpg 660w, https:\/\/static-blogs.diariosur.es\/wp-content\/uploads\/sites\/12\/2013\/08\/4am8-640x362.jpg 640w\" sizes=\"(max-width: 660px) 100vw, 660px\" \/><\/a><\/p>\n<p><a href=\"https:\/\/blogs.diariosur.es\/tormentas-y-rayos\/2013\/08\/14\/el-calor-y-la-humedad-seguiran-de-protagonista-impresionantes-tetas-meteorologicas-el-viernes-prevision-del-tiempo-para-la-feria-de-malaga\/yh9x\/\" rel=\"attachment wp-att-6367\"><img loading=\"lazy\" class=\"aligncenter size-full wp-image-6367\" title=\"yh9x\" src=\"\/tormentas-y-rayos\/wp-content\/uploads\/sites\/12\/2013\/08\/yh9x.jpg\" alt=\"\" width=\"680\" height=\"384\" srcset=\"https:\/\/static-blogs.diariosur.es\/wp-content\/uploads\/sites\/12\/2013\/08\/yh9x.jpg 680w, https:\/\/static-blogs.diariosur.es\/wp-content\/uploads\/sites\/12\/2013\/08\/yh9x-640x361.jpg 640w\" sizes=\"(max-width: 680px) 100vw, 680px\" \/><\/a><\/p>\n","protected":false},"excerpt":{"rendered":"<p>Buenos dias amigos de la meteo. Son las seis de la ma\u00f1ana, registro casi 25 grados y lo peor es que tenemos el 80% de humedad, esto hace que la sensaci\u00f3n sea de mas de 30 grados. Los cielos est\u00e1n nubosos e incluso se pueden escapar algunas gotas en zona de costa, mas probables hacia [&hellip;]<\/p>\n","protected":false},"author":16,"featured_media":6366,"comment_status":"open","ping_status":"open","sticky":false,"template":"","format":"standard","meta":[],"categories":[2],"tags":[63,94,151,212,408,494,587,809],"_links":{"self":[{"href":"https:\/\/blogs.diariosur.es\/tormentas-y-rayos\/wp-json\/wp\/v2\/posts\/6360"}],"collection":[{"href":"https:\/\/blogs.diariosur.es\/tormentas-y-rayos\/wp-json\/wp\/v2\/posts"}],"about":[{"href":"https:\/\/blogs.diariosur.es\/tormentas-y-rayos\/wp-json\/wp\/v2\/types\/post"}],"author":[{"embeddable":true,"href":"https:\/\/blogs.diariosur.es\/tormentas-y-rayos\/wp-json\/wp\/v2\/users\/16"}],"replies":[{"embeddable":true,"href":"https:\/\/blogs.diariosur.es\/tormentas-y-rayos\/wp-json\/wp\/v2\/comments?post=6360"}],"version-history":[{"count":0,"href":"https:\/\/blogs.diariosur.es\/tormentas-y-rayos\/wp-json\/wp\/v2\/posts\/6360\/revisions"}],"wp:featuredmedia":[{"embeddable":true,"href":"https:\/\/blogs.diariosur.es\/tormentas-y-rayos\/wp-json\/wp\/v2\/media\/6366"}],"wp:attachment":[{"href":"https:\/\/blogs.diariosur.es\/tormentas-y-rayos\/wp-json\/wp\/v2\/media?parent=6360"}],"wp:term":[{"taxonomy":"category","embeddable":true,"href":"https:\/\/blogs.diariosur.es\/tormentas-y-rayos\/wp-json\/wp\/v2\/categories?post=6360"},{"taxonomy":"post_tag","embeddable":true,"href":"https:\/\/blogs.diariosur.es\/tormentas-y-rayos\/wp-json\/wp\/v2\/tags?post=6360"}],"curies":[{"name":"wp","href":"https:\/\/api.w.org\/{rel}","templated":true}]}}