{"id":6368,"date":"2013-08-16T07:24:26","date_gmt":"2013-08-16T05:24:26","guid":{"rendered":"http:\/\/blogs.diariosur.es\/tormentas-y-rayos\/?p=6368"},"modified":"2013-08-16T07:24:26","modified_gmt":"2013-08-16T05:24:26","slug":"feria-de-malaga-prevision-del-tiempo-las-tormentas-de-nuevo-protagonistas","status":"publish","type":"post","link":"https:\/\/blogs.diariosur.es\/tormentas-y-rayos\/2013\/08\/16\/feria-de-malaga-prevision-del-tiempo-las-tormentas-de-nuevo-protagonistas\/","title":{"rendered":"Feria de M\u00e1laga, previsi\u00f3n del tiempo. Las tormentas de nuevo protagonistas."},"content":{"rendered":"<p><strong>Buenos dias amigos de la meteo.<\/strong><\/p>\n<p><strong>Son las seis de la ma\u00f1ana, registro 25 grados y los cielos est\u00e1n poco nubosos.<\/strong><\/p>\n<p><a href=\"https:\/\/blogs.diariosur.es\/tormentas-y-rayos\/2013\/08\/16\/feria-de-malaga-prevision-del-tiempo-las-tormentas-de-nuevo-protagonistas\/olympus-digital-camera-1393\/\" rel=\"attachment wp-att-6370\"><img loading=\"lazy\" class=\"aligncenter size-full wp-image-6370\" title=\"OLYMPUS DIGITAL CAMERA\" src=\"\/tormentas-y-rayos\/wp-content\/uploads\/sites\/12\/2013\/08\/BIZNA.jpg\" alt=\"\" width=\"500\" height=\"667\" srcset=\"https:\/\/static-blogs.diariosur.es\/wp-content\/uploads\/sites\/12\/2013\/08\/BIZNA.jpg 500w, https:\/\/static-blogs.diariosur.es\/wp-content\/uploads\/sites\/12\/2013\/08\/BIZNA-300x400.jpg 300w\" sizes=\"(max-width: 500px) 100vw, 500px\" \/><\/a><\/p>\n<p><strong>Como hab\u00e9is podido leer en el titulo del post de hoy, tratare de ir dando la previsi\u00f3n del tiempo para la Feria de M\u00e1laga. El principal enemigo de nuestra feria es el terral malague\u00f1o, pues de momento y hasta el lunes no recorrer\u00e1 los recintos feriales ni del centro , ni del Cortijo Torres. Ma\u00f1ana s\u00e1bado el viento tampoco ser\u00e1 el protagonista, soplara de direcci\u00f3n variable y las\u00a0m\u00e1ximas\u00a0estar\u00e1n cercanas a los 31 grados. El cielo estar\u00e1 adornado con nubes medias y altas que pueden traer un bonito atardecer y amanecer. En los sistemas monta\u00f1osos de Granada y Ja\u00e9n se formaran tormentas.<\/strong><\/p>\n<p><strong>\u00a0El domingo el levante soplara moderado y las\u00a0m\u00e1ximas\u00a0ser\u00e1n parecidas a las del domingo.\u00a0<\/strong><\/p>\n<p><strong>LAS TORMENTAS PROTAGONISTAS EN EL NORESTE<\/strong><\/p>\n<p><a href=\"https:\/\/blogs.diariosur.es\/tormentas-y-rayos\/2013\/08\/16\/feria-de-malaga-prevision-del-tiempo-las-tormentas-de-nuevo-protagonistas\/captura-161\/\" rel=\"attachment wp-att-6371\"><img loading=\"lazy\" class=\"aligncenter size-full wp-image-6371\" title=\"Captura\" src=\"\/tormentas-y-rayos\/wp-content\/uploads\/sites\/12\/2013\/08\/Captura2.jpg\" alt=\"\" width=\"602\" height=\"434\" srcset=\"https:\/\/static-blogs.diariosur.es\/wp-content\/uploads\/sites\/12\/2013\/08\/Captura2.jpg 602w, https:\/\/static-blogs.diariosur.es\/wp-content\/uploads\/sites\/12\/2013\/08\/Captura2-555x400.jpg 555w\" sizes=\"(max-width: 602px) 100vw, 602px\" \/><\/a><\/p>\n<p><strong>La aemet activa el aviso naranja y amarillo por tormentas en el noreste peninsular, como\u00a0pod\u00e9is\u00a0ver en el mapa de arriba. Pueden ser muy fuertes y acompa\u00f1adas de granizo.\u00a0<\/strong><\/p>\n<p>&nbsp;<\/p>\n<p><strong>Amigo Paco que pases una buena semana en Galicia, en el post de ayer te comente algo. Un abrazo a todos.<\/strong><\/p>\n","protected":false},"excerpt":{"rendered":"<p>Buenos dias amigos de la meteo. Son las seis de la ma\u00f1ana, registro 25 grados y los cielos est\u00e1n poco nubosos. Como hab\u00e9is podido leer en el titulo del post de hoy, tratare de ir dando la previsi\u00f3n del tiempo para la Feria de M\u00e1laga. El principal enemigo de nuestra feria es el terral malague\u00f1o, [&hellip;]<\/p>\n","protected":false},"author":16,"featured_media":6370,"comment_status":"open","ping_status":"open","sticky":false,"template":"","format":"standard","meta":[],"categories":[2],"tags":[408,587,809,980],"_links":{"self":[{"href":"https:\/\/blogs.diariosur.es\/tormentas-y-rayos\/wp-json\/wp\/v2\/posts\/6368"}],"collection":[{"href":"https:\/\/blogs.diariosur.es\/tormentas-y-rayos\/wp-json\/wp\/v2\/posts"}],"about":[{"href":"https:\/\/blogs.diariosur.es\/tormentas-y-rayos\/wp-json\/wp\/v2\/types\/post"}],"author":[{"embeddable":true,"href":"https:\/\/blogs.diariosur.es\/tormentas-y-rayos\/wp-json\/wp\/v2\/users\/16"}],"replies":[{"embeddable":true,"href":"https:\/\/blogs.diariosur.es\/tormentas-y-rayos\/wp-json\/wp\/v2\/comments?post=6368"}],"version-history":[{"count":0,"href":"https:\/\/blogs.diariosur.es\/tormentas-y-rayos\/wp-json\/wp\/v2\/posts\/6368\/revisions"}],"wp:featuredmedia":[{"embeddable":true,"href":"https:\/\/blogs.diariosur.es\/tormentas-y-rayos\/wp-json\/wp\/v2\/media\/6370"}],"wp:attachment":[{"href":"https:\/\/blogs.diariosur.es\/tormentas-y-rayos\/wp-json\/wp\/v2\/media?parent=6368"}],"wp:term":[{"taxonomy":"category","embeddable":true,"href":"https:\/\/blogs.diariosur.es\/tormentas-y-rayos\/wp-json\/wp\/v2\/categories?post=6368"},{"taxonomy":"post_tag","embeddable":true,"href":"https:\/\/blogs.diariosur.es\/tormentas-y-rayos\/wp-json\/wp\/v2\/tags?post=6368"}],"curies":[{"name":"wp","href":"https:\/\/api.w.org\/{rel}","templated":true}]}}