{"id":6372,"date":"2013-08-19T10:00:36","date_gmt":"2013-08-19T08:00:36","guid":{"rendered":"http:\/\/blogs.diariosur.es\/tormentas-y-rayos\/?p=6372"},"modified":"2013-08-19T10:00:36","modified_gmt":"2013-08-19T08:00:36","slug":"prevision-del-tiempo-feria-de-malaga-2013-de-momento-el-terral-seguira-sin-aparecer-aviso-naranja-por-altas-temperaturas-nueva-masa-de-aire-calido-sahariana","status":"publish","type":"post","link":"https:\/\/blogs.diariosur.es\/tormentas-y-rayos\/2013\/08\/19\/prevision-del-tiempo-feria-de-malaga-2013-de-momento-el-terral-seguira-sin-aparecer-aviso-naranja-por-altas-temperaturas-nueva-masa-de-aire-calido-sahariana\/","title":{"rendered":"Previsi\u00f3n del tiempo feria de M\u00e1laga 2013, de momento el terral seguir\u00e1 sin aparecer. Aviso naranja por altas temperaturas, nueva masa de aire c\u00e1lido Sahariana."},"content":{"rendered":"<p><strong>Buenos d\u00edas amigos de la meteo. <\/strong><\/p>\n<p><strong>Son las nueve de la ma\u00f1ana, registro 25 grados y los cielos est\u00e1n despejados. La humedad es del 88 % en la zona de Teatinos, \u00a0sopla levante \u00a0flojo en la Costa Malague\u00f1a y moderado en el Estrecho.<\/strong><\/p>\n<p><strong>Como hab\u00e9is podido leer en el titulo del post, de momento el terral no quiere visitar la Feria de M\u00e1laga. Tengo mis dudas si el s\u00e1bado pr\u00f3ximo pueda cambiar \u00a0de levante a terral, pero esto lo veremos con mas seguridad el pr\u00f3ximo jueves. \u00a0El levante tomara protagonismo, traer\u00e1\u00a0m\u00e1ximas\u00a0cercanas a los 32 grados y mucha humedad a M\u00e1laga Capital. Por contra en la zona de Antequera las\u00a0m\u00e1ximas\u00a0rondaran los 38 grados, ma\u00f1ana Antequera entra en aviso amarillo como\u00a0podr\u00e9is\u00a0ver en el mapa de avisos que os pongo un poco mas abajo.<\/strong><\/p>\n<p><strong>A partir de hoy lunes y hasta el jueves, una nueva masa de aire c\u00e1lido Sahariana afectara a buena parte de la\u00a0pen\u00ednsula\u00a0 Las isos a 850 hpa ( 1500 m ) rondaran los 28 grados, esto har\u00e1 que en algunos puntos de Andaluc\u00eda y Extremadura se acerquen a los 42 grados. Incluso en la zona interior de Galicia como es el caso de Orense las\u00a0m\u00e1ximas\u00a0rondaran los 39.<\/strong><\/p>\n<p><a href=\"https:\/\/blogs.diariosur.es\/tormentas-y-rayos\/2013\/08\/19\/prevision-del-tiempo-feria-de-malaga-2013-de-momento-el-terral-seguira-sin-aparecer-aviso-naranja-por-altas-temperaturas-nueva-masa-de-aire-calido-sahariana\/isos-5\/\" rel=\"attachment wp-att-6381\"><img loading=\"lazy\" class=\"aligncenter size-full wp-image-6381\" title=\"isos\" src=\"\/tormentas-y-rayos\/wp-content\/uploads\/sites\/12\/2013\/08\/isos.jpg\" alt=\"\" width=\"660\" height=\"536\" srcset=\"https:\/\/static-blogs.diariosur.es\/wp-content\/uploads\/sites\/12\/2013\/08\/isos.jpg 660w, https:\/\/static-blogs.diariosur.es\/wp-content\/uploads\/sites\/12\/2013\/08\/isos-493x400.jpg 493w\" sizes=\"(max-width: 660px) 100vw, 660px\" \/><\/a><\/p>\n<p>&nbsp;<\/p>\n<p>&nbsp;<\/p>\n<p><strong>Por este motivo la Aemet activa el aviso naranja y amarillo por altas temperaturas en buena parte de la\u00a0pen\u00ednsula. <span style=\"color: #ff0000;\">Tambi\u00e9n la zona de Antequera tendr\u00e1 aviso amarillo por\u00a0m\u00e1ximas\u00a0de 38 grados a partir del martes.\u00a0Fuente\u00a0Aemet<\/span><\/strong><\/p>\n<p><a href=\"https:\/\/blogs.diariosur.es\/tormentas-y-rayos\/2013\/08\/19\/prevision-del-tiempo-feria-de-malaga-2013-de-momento-el-terral-seguira-sin-aparecer-aviso-naranja-por-altas-temperaturas-nueva-masa-de-aire-calido-sahariana\/lunes-10\/\" rel=\"attachment wp-att-6382\"><img loading=\"lazy\" class=\"aligncenter size-full wp-image-6382\" title=\"lunes\" src=\"\/tormentas-y-rayos\/wp-content\/uploads\/sites\/12\/2013\/08\/lunes.jpg\" alt=\"\" width=\"603\" height=\"406\" srcset=\"https:\/\/static-blogs.diariosur.es\/wp-content\/uploads\/sites\/12\/2013\/08\/lunes.jpg 603w, https:\/\/static-blogs.diariosur.es\/wp-content\/uploads\/sites\/12\/2013\/08\/lunes-594x400.jpg 594w\" sizes=\"(max-width: 603px) 100vw, 603px\" \/><\/a><a href=\"https:\/\/blogs.diariosur.es\/tormentas-y-rayos\/2013\/08\/19\/prevision-del-tiempo-feria-de-malaga-2013-de-momento-el-terral-seguira-sin-aparecer-aviso-naranja-por-altas-temperaturas-nueva-masa-de-aire-calido-sahariana\/martes-6\/\" rel=\"attachment wp-att-6383\"><img loading=\"lazy\" class=\"aligncenter size-full wp-image-6383\" title=\"martes\" src=\"\/tormentas-y-rayos\/wp-content\/uploads\/sites\/12\/2013\/08\/martes.jpg\" alt=\"\" width=\"634\" height=\"435\" srcset=\"https:\/\/static-blogs.diariosur.es\/wp-content\/uploads\/sites\/12\/2013\/08\/martes.jpg 634w, https:\/\/static-blogs.diariosur.es\/wp-content\/uploads\/sites\/12\/2013\/08\/martes-583x400.jpg 583w\" sizes=\"(max-width: 634px) 100vw, 634px\" \/><\/a><\/p>\n<p>&nbsp;<\/p>\n<p><strong>A partir del viernes una nueva vaguada\u00a0har\u00eda\u00a0bajar las\u00a0m\u00e1ximas, lo que no tengo muy claro \u00a0si el poniente\u00a0tendr\u00e1\u00a0bastante fuerza como para llegar a la capital, pero como os he comentado al principio el jueves lo veremos mejor.<\/strong><\/p>\n<p><span style=\"color: #0000ff;\"><strong>Os hago a continuaci\u00f3n un peque\u00f1o resumen en fotos de lo ha dado este fin de semana.<\/strong><\/span><\/p>\n<p><span style=\"color: #0000ff;\"><strong>El viernes pasado os comentaba en el anterior post, que esperaba un bonito amanecer el s\u00e1bado. La vaguada que cruzaba la\u00a0pen\u00ednsula\u00a0se encargo de traer una nubes que dieron mucho juego. Os paso dos fotos del amanecer del\u00a0s\u00e1bado.<\/strong><\/span><\/p>\n<p><span style=\"color: #0000ff;\"><a href=\"https:\/\/blogs.diariosur.es\/tormentas-y-rayos\/2013\/08\/19\/prevision-del-tiempo-feria-de-malaga-2013-de-momento-el-terral-seguira-sin-aparecer-aviso-naranja-por-altas-temperaturas-nueva-masa-de-aire-calido-sahariana\/jose-luis-gil-2\/\" rel=\"attachment wp-att-6374\"><span style=\"color: #0000ff;\"><img loading=\"lazy\" class=\"aligncenter size-full wp-image-6374\" title=\"JOSE LUIS GIL\" src=\"\/tormentas-y-rayos\/wp-content\/uploads\/sites\/12\/2013\/08\/JOSE-LUIS-GIL.jpg\" alt=\"\" width=\"660\" height=\"397\" srcset=\"https:\/\/static-blogs.diariosur.es\/wp-content\/uploads\/sites\/12\/2013\/08\/JOSE-LUIS-GIL.jpg 660w, https:\/\/static-blogs.diariosur.es\/wp-content\/uploads\/sites\/12\/2013\/08\/JOSE-LUIS-GIL-640x385.jpg 640w\" sizes=\"(max-width: 660px) 100vw, 660px\" \/><\/span><\/a><\/span><\/p>\n<p><span style=\"color: #0000ff;\"><strong>La segunda foto esta tirada desde el Hospital El \u00c1ngel, fue impresionante. Menos mal que me lleve la c\u00e1mara de bolsillo.<\/strong><\/span><\/p>\n<p><span style=\"color: #0000ff;\"><a href=\"https:\/\/blogs.diariosur.es\/tormentas-y-rayos\/2013\/08\/19\/prevision-del-tiempo-feria-de-malaga-2013-de-momento-el-terral-seguira-sin-aparecer-aviso-naranja-por-altas-temperaturas-nueva-masa-de-aire-calido-sahariana\/fa\/\" rel=\"attachment wp-att-6375\"><span style=\"color: #0000ff;\"><img loading=\"lazy\" class=\"aligncenter size-full wp-image-6375\" title=\"fa\" src=\"\/tormentas-y-rayos\/wp-content\/uploads\/sites\/12\/2013\/08\/fa.jpg\" alt=\"\" width=\"660\" height=\"371\" srcset=\"https:\/\/static-blogs.diariosur.es\/wp-content\/uploads\/sites\/12\/2013\/08\/fa.jpg 660w, https:\/\/static-blogs.diariosur.es\/wp-content\/uploads\/sites\/12\/2013\/08\/fa-640x360.jpg 640w\" sizes=\"(max-width: 660px) 100vw, 660px\" \/><\/span><\/a><\/span><\/p>\n<p>&nbsp;<\/p>\n<p><span style=\"color: #0000ff;\"><strong>Esta peque\u00f1a vaguada trajo sorpresas , al mediodia \u00a0se empezaron a desarrollar tormentas en el interior de los sistemas monta\u00f1osos de Granada, os paso una foto desde Torre de Benagalb\u00f3n.<\/strong><\/span><\/p>\n<p><span style=\"color: #0000ff;\"><a href=\"https:\/\/blogs.diariosur.es\/tormentas-y-rayos\/2013\/08\/19\/prevision-del-tiempo-feria-de-malaga-2013-de-momento-el-terral-seguira-sin-aparecer-aviso-naranja-por-altas-temperaturas-nueva-masa-de-aire-calido-sahariana\/olympus-digital-camera-1394\/\" rel=\"attachment wp-att-6376\"><span style=\"color: #0000ff;\"><img loading=\"lazy\" class=\"aligncenter size-full wp-image-6376\" title=\"OLYMPUS DIGITAL CAMERA\" src=\"\/tormentas-y-rayos\/wp-content\/uploads\/sites\/12\/2013\/08\/002002.jpg\" alt=\"\" width=\"660\" height=\"495\" srcset=\"https:\/\/static-blogs.diariosur.es\/wp-content\/uploads\/sites\/12\/2013\/08\/002002.jpg 660w, https:\/\/static-blogs.diariosur.es\/wp-content\/uploads\/sites\/12\/2013\/08\/002002-533x400.jpg 533w\" sizes=\"(max-width: 660px) 100vw, 660px\" \/><\/span><\/a><\/span><\/p>\n<p>&nbsp;<\/p>\n<p><span style=\"color: #0000ff;\"><strong>A primeras horas de la tarde se desarrollaron mas todav\u00eda e incluso llegaron a velar el cielo del Rinc\u00f3n de la Victoria, hasta algunos peque\u00f1os mamamtus se\u00a0ve\u00edan.<\/strong><\/span><\/p>\n<p><span style=\"color: #0000ff;\"><a href=\"https:\/\/blogs.diariosur.es\/tormentas-y-rayos\/2013\/08\/19\/prevision-del-tiempo-feria-de-malaga-2013-de-momento-el-terral-seguira-sin-aparecer-aviso-naranja-por-altas-temperaturas-nueva-masa-de-aire-calido-sahariana\/olympus-digital-camera-1395\/\" rel=\"attachment wp-att-6377\"><span style=\"color: #0000ff;\"><img loading=\"lazy\" class=\"aligncenter size-full wp-image-6377\" title=\"OLYMPUS DIGITAL CAMERA\" src=\"\/tormentas-y-rayos\/wp-content\/uploads\/sites\/12\/2013\/08\/009009.jpg\" alt=\"\" width=\"660\" height=\"495\" srcset=\"https:\/\/static-blogs.diariosur.es\/wp-content\/uploads\/sites\/12\/2013\/08\/009009.jpg 660w, https:\/\/static-blogs.diariosur.es\/wp-content\/uploads\/sites\/12\/2013\/08\/009009-533x400.jpg 533w\" sizes=\"(max-width: 660px) 100vw, 660px\" \/><\/span><\/a><\/span><\/p>\n<p><span style=\"color: #0000ff;\"><strong>En algunos puntos de la provincia malague\u00f1a cayeron algunas gotas. Os paso esta preciosa foto de nuestro amigo Carlos Castro.<\/strong><\/span><\/p>\n<p><span style=\"color: #0000ff;\"><a href=\"https:\/\/blogs.diariosur.es\/tormentas-y-rayos\/2013\/08\/19\/prevision-del-tiempo-feria-de-malaga-2013-de-momento-el-terral-seguira-sin-aparecer-aviso-naranja-por-altas-temperaturas-nueva-masa-de-aire-calido-sahariana\/carlos-castro\/\" rel=\"attachment wp-att-6378\"><span style=\"color: #0000ff;\"><img loading=\"lazy\" class=\"aligncenter size-full wp-image-6378\" title=\"CARLOS CAstro\" src=\"\/tormentas-y-rayos\/wp-content\/uploads\/sites\/12\/2013\/08\/CARLOS-CAstro.jpg\" alt=\"\" width=\"660\" height=\"452\" srcset=\"https:\/\/static-blogs.diariosur.es\/wp-content\/uploads\/sites\/12\/2013\/08\/CARLOS-CAstro.jpg 660w, https:\/\/static-blogs.diariosur.es\/wp-content\/uploads\/sites\/12\/2013\/08\/CARLOS-CAstro-584x400.jpg 584w\" sizes=\"(max-width: 660px) 100vw, 660px\" \/><\/span><\/a><\/span><\/p>\n<p>&nbsp;<\/p>\n<p><span style=\"color: #0000ff;\"><strong>Y el colof\u00f3n lo puso la puesta de sol desde Torre de Benagalb\u00f3n. Espero que os guste.<\/strong><\/span><\/p>\n<p><span style=\"color: #0000ff;\"><a href=\"https:\/\/blogs.diariosur.es\/tormentas-y-rayos\/2013\/08\/19\/prevision-del-tiempo-feria-de-malaga-2013-de-momento-el-terral-seguira-sin-aparecer-aviso-naranja-por-altas-temperaturas-nueva-masa-de-aire-calido-sahariana\/olympus-digital-camera-1396\/\" rel=\"attachment wp-att-6379\"><span style=\"color: #0000ff;\"><img loading=\"lazy\" class=\"aligncenter size-full wp-image-6379\" title=\"OLYMPUS DIGITAL CAMERA\" src=\"\/tormentas-y-rayos\/wp-content\/uploads\/sites\/12\/2013\/08\/111111.jpg\" alt=\"\" width=\"660\" height=\"495\" srcset=\"https:\/\/static-blogs.diariosur.es\/wp-content\/uploads\/sites\/12\/2013\/08\/111111.jpg 660w, https:\/\/static-blogs.diariosur.es\/wp-content\/uploads\/sites\/12\/2013\/08\/111111-533x400.jpg 533w\" sizes=\"(max-width: 660px) 100vw, 660px\" \/><\/span><\/a><\/span><\/p>\n<p><span style=\"color: #0000ff;\"><strong>Del domingo poco que contar, simplemente que desde la madrugada las nubes bajas de levante fueron las protagonistas, y asi\u00a0siguieron hasta primeras horas de la ma\u00f1ana.<\/strong><\/span><\/p>\n<p><span style=\"color: #0000ff;\"><strong><a href=\"https:\/\/blogs.diariosur.es\/tormentas-y-rayos\/2013\/08\/19\/prevision-del-tiempo-feria-de-malaga-2013-de-momento-el-terral-seguira-sin-aparecer-aviso-naranja-por-altas-temperaturas-nueva-masa-de-aire-calido-sahariana\/olympus-digital-camera-1397\/\" rel=\"attachment wp-att-6380\"><span style=\"color: #0000ff;\"><img loading=\"lazy\" class=\"aligncenter size-full wp-image-6380\" title=\"OLYMPUS DIGITAL CAMERA\" src=\"\/tormentas-y-rayos\/wp-content\/uploads\/sites\/12\/2013\/08\/122122.jpg\" alt=\"\" width=\"660\" height=\"495\" srcset=\"https:\/\/static-blogs.diariosur.es\/wp-content\/uploads\/sites\/12\/2013\/08\/122122.jpg 660w, https:\/\/static-blogs.diariosur.es\/wp-content\/uploads\/sites\/12\/2013\/08\/122122-533x400.jpg 533w\" sizes=\"(max-width: 660px) 100vw, 660px\" \/><\/span><\/a>Las\u00a0m\u00e1ximas\u00a0del\u00a0s\u00e1bado\u00a0rondaron los 31 grados en la Capital Malague\u00f1a y los 36 en Ronda y Antequera. El domingo fueron algo parecidas con 30 de maxima en la Capital y 35 por el interior.<\/strong><\/span><\/p>\n<p><strong>Un abrazo a todos.<\/strong><\/p>\n","protected":false},"excerpt":{"rendered":"<p>Buenos d\u00edas amigos de la meteo. Son las nueve de la ma\u00f1ana, registro 25 grados y los cielos est\u00e1n despejados. La humedad es del 88 % en la zona de Teatinos, \u00a0sopla levante \u00a0flojo en la Costa Malague\u00f1a y moderado en el Estrecho. Como hab\u00e9is podido leer en el titulo del post, de momento el [&hellip;]<\/p>\n","protected":false},"author":16,"featured_media":6383,"comment_status":"open","ping_status":"open","sticky":false,"template":"","format":"standard","meta":[],"categories":[2],"tags":[13,63,81,151,408,587,676,809,962,975,980],"_links":{"self":[{"href":"https:\/\/blogs.diariosur.es\/tormentas-y-rayos\/wp-json\/wp\/v2\/posts\/6372"}],"collection":[{"href":"https:\/\/blogs.diariosur.es\/tormentas-y-rayos\/wp-json\/wp\/v2\/posts"}],"about":[{"href":"https:\/\/blogs.diariosur.es\/tormentas-y-rayos\/wp-json\/wp\/v2\/types\/post"}],"author":[{"embeddable":true,"href":"https:\/\/blogs.diariosur.es\/tormentas-y-rayos\/wp-json\/wp\/v2\/users\/16"}],"replies":[{"embeddable":true,"href":"https:\/\/blogs.diariosur.es\/tormentas-y-rayos\/wp-json\/wp\/v2\/comments?post=6372"}],"version-history":[{"count":0,"href":"https:\/\/blogs.diariosur.es\/tormentas-y-rayos\/wp-json\/wp\/v2\/posts\/6372\/revisions"}],"wp:featuredmedia":[{"embeddable":true,"href":"https:\/\/blogs.diariosur.es\/tormentas-y-rayos\/wp-json\/wp\/v2\/media\/6383"}],"wp:attachment":[{"href":"https:\/\/blogs.diariosur.es\/tormentas-y-rayos\/wp-json\/wp\/v2\/media?parent=6372"}],"wp:term":[{"taxonomy":"category","embeddable":true,"href":"https:\/\/blogs.diariosur.es\/tormentas-y-rayos\/wp-json\/wp\/v2\/categories?post=6372"},{"taxonomy":"post_tag","embeddable":true,"href":"https:\/\/blogs.diariosur.es\/tormentas-y-rayos\/wp-json\/wp\/v2\/tags?post=6372"}],"curies":[{"name":"wp","href":"https:\/\/api.w.org\/{rel}","templated":true}]}}