{"id":6384,"date":"2013-08-21T17:58:37","date_gmt":"2013-08-21T15:58:37","guid":{"rendered":"http:\/\/blogs.diariosur.es\/tormentas-y-rayos\/?p=6384"},"modified":"2013-08-21T17:58:37","modified_gmt":"2013-08-21T15:58:37","slug":"prevision-del-tiempo-feria-de-malaga-alivio-termico-a-partir-del-jueves-en-buena-parte-de-la-peninsula-por-una-nueva-vaguada","status":"publish","type":"post","link":"https:\/\/blogs.diariosur.es\/tormentas-y-rayos\/2013\/08\/21\/prevision-del-tiempo-feria-de-malaga-alivio-termico-a-partir-del-jueves-en-buena-parte-de-la-peninsula-por-una-nueva-vaguada\/","title":{"rendered":"Previsi\u00f3n del tiempo Feria de M\u00e1laga. Alivio t\u00e9rmico a partir del jueves en buena parte de la pen\u00ednsula por una nueva vaguada."},"content":{"rendered":"<p><strong>Buenas tardes amigos de la meteo. Son las cinco de la tarde, registro 28.8 grados y los cielos est\u00e1n despejados. Me vais a permitir que sea muy r\u00e1pido en esta nueva actualizaci\u00f3n del blog, ya que ando muy liado.<\/strong><\/p>\n<p><strong>\u00a0De momento y hasta el viernes el terral parece que no quiere pasearse por la Feria de M\u00e1laga, para el s\u00e1bado aun no lo tengo muy claro. Lo mas destacado a partir de ma\u00f1ana jueves es el alivio t\u00e9rmico que tendremos en toda Andaluc\u00eda, sobre todo en aquellos sitios donde los term\u00f3metros estos d\u00edas han sobrepasado los 41 grados. Tambi\u00e9n en el norte y noroeste peninsular, donde se esperan incluso chubascos y bajadas de temperaturas. Todo esto se deber\u00e1 a una nueva vaguada, y con esta van ya un mont\u00f3n este verano jejeje.<\/strong><\/p>\n<p>&nbsp;<\/p>\n<p><strong>Ma\u00f1ana con un poco de suerte tendremos nubes medias y altas, que pueden dejar un bonito amanecer o atardecer. En esta imagen \u00a0de masas de aire ya se pueden ver. Pienso que\u00a0subir\u00e1n\u00a0desde Canarias hasta nuestra regi\u00f3n.<\/strong><\/p>\n<p><a href=\"https:\/\/blogs.diariosur.es\/tormentas-y-rayos\/2013\/08\/21\/prevision-del-tiempo-feria-de-malaga-alivio-termico-a-partir-del-jueves-en-buena-parte-de-la-peninsula-por-una-nueva-vaguada\/201308211500_s91g\/\" rel=\"attachment wp-att-6385\"><img loading=\"lazy\" class=\"aligncenter size-full wp-image-6385\" title=\"201308211500_s91g\" src=\"\/tormentas-y-rayos\/wp-content\/uploads\/sites\/12\/2013\/08\/201308211500_s91g.jpg\" alt=\"\" width=\"550\" height=\"488\" srcset=\"https:\/\/static-blogs.diariosur.es\/wp-content\/uploads\/sites\/12\/2013\/08\/201308211500_s91g.jpg 550w, https:\/\/static-blogs.diariosur.es\/wp-content\/uploads\/sites\/12\/2013\/08\/201308211500_s91g-451x400.jpg 451w\" sizes=\"(max-width: 550px) 100vw, 550px\" \/><\/a><\/p>\n<p>&nbsp;<\/p>\n<p><strong>Poco mas que contar amigos, hoy tenemos luna llena, yo no podre fotografiarla, a cambio os dejo la que tome ayer desde Torre de Benagalb\u00f3n. Si \u00a0ma\u00f1ana veo que el terral puede aparecer el\u00a0s\u00e1bado\u00a0os abro un nuevo post.<\/strong><\/p>\n<p><a href=\"https:\/\/blogs.diariosur.es\/tormentas-y-rayos\/2013\/08\/21\/prevision-del-tiempo-feria-de-malaga-alivio-termico-a-partir-del-jueves-en-buena-parte-de-la-peninsula-por-una-nueva-vaguada\/olympus-digital-camera-1398\/\" rel=\"attachment wp-att-6386\"><img loading=\"lazy\" class=\"aligncenter size-full wp-image-6386\" title=\"OLYMPUS DIGITAL CAMERA\" src=\"\/tormentas-y-rayos\/wp-content\/uploads\/sites\/12\/2013\/08\/015015.jpg\" alt=\"\" width=\"660\" height=\"495\" srcset=\"https:\/\/static-blogs.diariosur.es\/wp-content\/uploads\/sites\/12\/2013\/08\/015015.jpg 660w, https:\/\/static-blogs.diariosur.es\/wp-content\/uploads\/sites\/12\/2013\/08\/015015-533x400.jpg 533w\" sizes=\"(max-width: 660px) 100vw, 660px\" \/><\/a><\/p>\n<p>&nbsp;<\/p>\n<p>&nbsp;<\/p>\n","protected":false},"excerpt":{"rendered":"<p>Buenas tardes amigos de la meteo. Son las cinco de la tarde, registro 28.8 grados y los cielos est\u00e1n despejados. Me vais a permitir que sea muy r\u00e1pido en esta nueva actualizaci\u00f3n del blog, ya que ando muy liado. \u00a0De momento y hasta el viernes el terral parece que no quiere pasearse por la Feria [&hellip;]<\/p>\n","protected":false},"author":16,"featured_media":6386,"comment_status":"open","ping_status":"open","sticky":false,"template":"","format":"standard","meta":[],"categories":[2],"tags":[74,408,587,809,973,980],"_links":{"self":[{"href":"https:\/\/blogs.diariosur.es\/tormentas-y-rayos\/wp-json\/wp\/v2\/posts\/6384"}],"collection":[{"href":"https:\/\/blogs.diariosur.es\/tormentas-y-rayos\/wp-json\/wp\/v2\/posts"}],"about":[{"href":"https:\/\/blogs.diariosur.es\/tormentas-y-rayos\/wp-json\/wp\/v2\/types\/post"}],"author":[{"embeddable":true,"href":"https:\/\/blogs.diariosur.es\/tormentas-y-rayos\/wp-json\/wp\/v2\/users\/16"}],"replies":[{"embeddable":true,"href":"https:\/\/blogs.diariosur.es\/tormentas-y-rayos\/wp-json\/wp\/v2\/comments?post=6384"}],"version-history":[{"count":0,"href":"https:\/\/blogs.diariosur.es\/tormentas-y-rayos\/wp-json\/wp\/v2\/posts\/6384\/revisions"}],"wp:featuredmedia":[{"embeddable":true,"href":"https:\/\/blogs.diariosur.es\/tormentas-y-rayos\/wp-json\/wp\/v2\/media\/6386"}],"wp:attachment":[{"href":"https:\/\/blogs.diariosur.es\/tormentas-y-rayos\/wp-json\/wp\/v2\/media?parent=6384"}],"wp:term":[{"taxonomy":"category","embeddable":true,"href":"https:\/\/blogs.diariosur.es\/tormentas-y-rayos\/wp-json\/wp\/v2\/categories?post=6384"},{"taxonomy":"post_tag","embeddable":true,"href":"https:\/\/blogs.diariosur.es\/tormentas-y-rayos\/wp-json\/wp\/v2\/tags?post=6384"}],"curies":[{"name":"wp","href":"https:\/\/api.w.org\/{rel}","templated":true}]}}