{"id":6387,"date":"2013-08-23T10:54:26","date_gmt":"2013-08-23T08:54:26","guid":{"rendered":"http:\/\/blogs.diariosur.es\/tormentas-y-rayos\/?p=6387"},"modified":"2013-08-23T10:54:26","modified_gmt":"2013-08-23T08:54:26","slug":"el-terral-no-baila-malaguenas-en-la-feria-2013-posible-cambio-de-tiempo-de-mano-de-una-masa-de-aire-frio-que-traera-tormentas","status":"publish","type":"post","link":"https:\/\/blogs.diariosur.es\/tormentas-y-rayos\/2013\/08\/23\/el-terral-no-baila-malaguenas-en-la-feria-2013-posible-cambio-de-tiempo-de-mano-de-una-masa-de-aire-frio-que-traera-tormentas\/","title":{"rendered":"El terral no baila malague\u00f1as en la feria 2013. Posible cambio de tiempo de mano de una masa de aire fr\u00edo que traer\u00e1 tormentas."},"content":{"rendered":"<p><strong>Buenos d\u00edas amigos de la meteo.<\/strong><\/p>\n<p><strong>\u00a0Son las diez de la ma\u00f1ana, registro 25 grados y los cielos malague\u00f1os est\u00e1n adornados con nubes bajas y brumas debido al levante.<\/strong><\/p>\n<p><strong>\u00a0Aunque a\u00fan queda hoy viernes y ma\u00f1ana s\u00e1bado, todo parece indicar que el terral no bailara \u00a0malague\u00f1as en el Centro ni en Cortijo Torres esta Feria\u00a0 Malague\u00f1a 2013. La verdad que yo recuerde en estos \u00faltimos 3 a\u00f1os siempre hemos tenido un dia de terral o dos en la feria. Aunque no estoy muy seguro, creo que el 2010 no hubo terral pero no puedo confirmarlo.<\/strong><\/p>\n<p><strong>He tenido dos dias libres y he aprovechado para fotografiar la puesta de sol que se dio ayer en Torre de Benagalb\u00f3n. Las nubes altas que pronosticaba el dia pasado en el anterior post se dieron y dejaron un bonito atardecer, os paso estas fotos y hablamos de ese posible cambio de tiempo.<\/strong><\/p>\n<p><a href=\"https:\/\/blogs.diariosur.es\/tormentas-y-rayos\/2013\/08\/23\/el-terral-no-baila-malaguenas-en-la-feria-2013-posible-cambio-de-tiempo-de-mano-de-una-masa-de-aire-frio-que-traera-tormentas\/olympus-digital-camera-1399\/\" rel=\"attachment wp-att-6388\"><img loading=\"lazy\" class=\"aligncenter size-full wp-image-6388\" title=\"OLYMPUS DIGITAL CAMERA\" src=\"\/tormentas-y-rayos\/wp-content\/uploads\/sites\/12\/2013\/08\/0090091.jpg\" alt=\"\" width=\"660\" height=\"495\" srcset=\"https:\/\/static-blogs.diariosur.es\/wp-content\/uploads\/sites\/12\/2013\/08\/0090091.jpg 660w, https:\/\/static-blogs.diariosur.es\/wp-content\/uploads\/sites\/12\/2013\/08\/0090091-533x400.jpg 533w\" sizes=\"(max-width: 660px) 100vw, 660px\" \/><\/a><\/p>\n<p>&nbsp;<\/p>\n<p><a href=\"https:\/\/blogs.diariosur.es\/tormentas-y-rayos\/2013\/08\/23\/el-terral-no-baila-malaguenas-en-la-feria-2013-posible-cambio-de-tiempo-de-mano-de-una-masa-de-aire-frio-que-traera-tormentas\/olympus-digital-camera-1400\/\" rel=\"attachment wp-att-6389\"><img loading=\"lazy\" class=\"aligncenter size-full wp-image-6389\" title=\"OLYMPUS DIGITAL CAMERA\" src=\"\/tormentas-y-rayos\/wp-content\/uploads\/sites\/12\/2013\/08\/0120121.jpg\" alt=\"\" width=\"660\" height=\"495\" srcset=\"https:\/\/static-blogs.diariosur.es\/wp-content\/uploads\/sites\/12\/2013\/08\/0120121.jpg 660w, https:\/\/static-blogs.diariosur.es\/wp-content\/uploads\/sites\/12\/2013\/08\/0120121-533x400.jpg 533w\" sizes=\"(max-width: 660px) 100vw, 660px\" \/><\/a><\/p>\n<p>&nbsp;<\/p>\n<p><a href=\"https:\/\/blogs.diariosur.es\/tormentas-y-rayos\/2013\/08\/23\/el-terral-no-baila-malaguenas-en-la-feria-2013-posible-cambio-de-tiempo-de-mano-de-una-masa-de-aire-frio-que-traera-tormentas\/olympus-digital-camera-1401\/\" rel=\"attachment wp-att-6390\"><img loading=\"lazy\" class=\"aligncenter size-full wp-image-6390\" title=\"OLYMPUS DIGITAL CAMERA\" src=\"\/tormentas-y-rayos\/wp-content\/uploads\/sites\/12\/2013\/08\/021.jpg\" alt=\"\" width=\"660\" height=\"495\" srcset=\"https:\/\/static-blogs.diariosur.es\/wp-content\/uploads\/sites\/12\/2013\/08\/021.jpg 660w, https:\/\/static-blogs.diariosur.es\/wp-content\/uploads\/sites\/12\/2013\/08\/021-533x400.jpg 533w\" sizes=\"(max-width: 660px) 100vw, 660px\" \/><\/a><\/p>\n<p><a href=\"https:\/\/blogs.diariosur.es\/tormentas-y-rayos\/2013\/08\/23\/el-terral-no-baila-malaguenas-en-la-feria-2013-posible-cambio-de-tiempo-de-mano-de-una-masa-de-aire-frio-que-traera-tormentas\/olympus-digital-camera-1402\/\" rel=\"attachment wp-att-6391\"><img loading=\"lazy\" class=\"aligncenter size-full wp-image-6391\" title=\"OLYMPUS DIGITAL CAMERA\" src=\"\/tormentas-y-rayos\/wp-content\/uploads\/sites\/12\/2013\/08\/025.jpg\" alt=\"\" width=\"660\" height=\"495\" srcset=\"https:\/\/static-blogs.diariosur.es\/wp-content\/uploads\/sites\/12\/2013\/08\/025.jpg 660w, https:\/\/static-blogs.diariosur.es\/wp-content\/uploads\/sites\/12\/2013\/08\/025-533x400.jpg 533w\" sizes=\"(max-width: 660px) 100vw, 660px\" \/><\/a><\/p>\n<p>&nbsp;<\/p>\n<p><strong>Bueno amigos de la meteo, hablemos de ese posible cambio de tiempo que se espera sobre todo en la fachada Mediterr\u00e1nea e incluso en la Costa Mediterr\u00e1nea Andaluza. Aunque aun hay que cogerlo con pinzas ya que no todos los modelos coinciden.<\/strong><\/p>\n<p><strong>El modelo Gfs y es el que da mas probabilidad hasta ahora mismo, segun sus mapas una masa de aire frio en altura nos afectar\u00eda y traer\u00eda tormentas durante los primeros dias de la semana que viene.\u00a0<\/strong><\/p>\n<p><strong>El modelo Gfs \u00a0es el que da mas probabilidad hasta ahora mismo, seg\u00fan sus mapas una masa de aire frio en altura nos afectar\u00eda y traer\u00eda tormentas durante los primeros dias de la semana que viene. <\/strong><\/p>\n<p><strong>En los mapas Cape que estudian la inestabilidad convectiva dan estos valores para el lunes y el martes, que por cierto son muy altos para que se formen tormentas bastantes gordas.<\/strong><\/p>\n<p><a href=\"https:\/\/blogs.diariosur.es\/tormentas-y-rayos\/2013\/08\/23\/el-terral-no-baila-malaguenas-en-la-feria-2013-posible-cambio-de-tiempo-de-mano-de-una-masa-de-aire-frio-que-traera-tormentas\/cape-1\/\" rel=\"attachment wp-att-6392\"><img loading=\"lazy\" class=\"aligncenter size-medium wp-image-6392\" title=\"cape 1\" src=\"\/tormentas-y-rayos\/wp-content\/uploads\/sites\/12\/2013\/08\/cape-1.jpg\" alt=\"\" width=\"480\" height=\"400\" srcset=\"https:\/\/static-blogs.diariosur.es\/wp-content\/uploads\/sites\/12\/2013\/08\/cape-1.jpg 736w, https:\/\/static-blogs.diariosur.es\/wp-content\/uploads\/sites\/12\/2013\/08\/cape-1-480x400.jpg 480w\" sizes=\"(max-width: 480px) 100vw, 480px\" \/><\/a><\/p>\n<p>&nbsp;<\/p>\n<p><a href=\"https:\/\/blogs.diariosur.es\/tormentas-y-rayos\/2013\/08\/23\/el-terral-no-baila-malaguenas-en-la-feria-2013-posible-cambio-de-tiempo-de-mano-de-una-masa-de-aire-frio-que-traera-tormentas\/cape-2\/\" rel=\"attachment wp-att-6393\"><img loading=\"lazy\" class=\"aligncenter size-medium wp-image-6393\" title=\"cape 2\" src=\"\/tormentas-y-rayos\/wp-content\/uploads\/sites\/12\/2013\/08\/cape-2.jpg\" alt=\"\" width=\"467\" height=\"400\" srcset=\"https:\/\/static-blogs.diariosur.es\/wp-content\/uploads\/sites\/12\/2013\/08\/cape-2.jpg 745w, https:\/\/static-blogs.diariosur.es\/wp-content\/uploads\/sites\/12\/2013\/08\/cape-2-467x400.jpg 467w\" sizes=\"(max-width: 467px) 100vw, 467px\" \/><\/a><\/p>\n<p>&nbsp;<\/p>\n<p><span style=\"color: #ff0000;\"><strong>Fijaros en este mapa de lluvias para la semana que viene, impresionante. Fuente GFS<\/strong><\/span><\/p>\n<p>&nbsp;<\/p>\n<p><a href=\"https:\/\/blogs.diariosur.es\/tormentas-y-rayos\/2013\/08\/23\/el-terral-no-baila-malaguenas-en-la-feria-2013-posible-cambio-de-tiempo-de-mano-de-una-masa-de-aire-frio-que-traera-tormentas\/captura-162\/\" rel=\"attachment wp-att-6394\"><img loading=\"lazy\" class=\"aligncenter size-full wp-image-6394\" title=\"Captura\" src=\"\/tormentas-y-rayos\/wp-content\/uploads\/sites\/12\/2013\/08\/Captura3.jpg\" alt=\"\" width=\"680\" height=\"356\" srcset=\"https:\/\/static-blogs.diariosur.es\/wp-content\/uploads\/sites\/12\/2013\/08\/Captura3.jpg 680w, https:\/\/static-blogs.diariosur.es\/wp-content\/uploads\/sites\/12\/2013\/08\/Captura3-640x335.jpg 640w\" sizes=\"(max-width: 680px) 100vw, 680px\" \/><\/a><\/p>\n<p><strong>Ya veremos que pasa hasta el lunes y que posici\u00f3n toma esa masa de aire frio en altura, seg\u00fan donde se posicione puede traer tormentas a la Costa Mediterr\u00e1nea, asi que preparar las c\u00e1maras para cazar los posibles rayos que tendremos. Pero recordar que aun no hay nada seguro.<\/strong><\/p>\n<p><strong>\u00a0Poco mas que contar amigos, ma\u00f1ana curro unas horas, si me da tiempo actualizo el blog, si no lo\u00a0har\u00eda\u00a0el domingo para confirmar estas tormentas.\u00a0<\/strong><\/p>\n<p>&nbsp;<\/p>\n","protected":false},"excerpt":{"rendered":"<p>Buenos d\u00edas amigos de la meteo. \u00a0Son las diez de la ma\u00f1ana, registro 25 grados y los cielos malague\u00f1os est\u00e1n adornados con nubes bajas y brumas debido al levante. \u00a0Aunque a\u00fan queda hoy viernes y ma\u00f1ana s\u00e1bado, todo parece indicar que el terral no bailara \u00a0malague\u00f1as en el Centro ni en Cortijo Torres esta Feria\u00a0 [&hellip;]<\/p>\n","protected":false},"author":16,"featured_media":6393,"comment_status":"open","ping_status":"open","sticky":false,"template":"","format":"standard","meta":[],"categories":[2],"tags":[13,158,408,432,569,587,618,975,996],"_links":{"self":[{"href":"https:\/\/blogs.diariosur.es\/tormentas-y-rayos\/wp-json\/wp\/v2\/posts\/6387"}],"collection":[{"href":"https:\/\/blogs.diariosur.es\/tormentas-y-rayos\/wp-json\/wp\/v2\/posts"}],"about":[{"href":"https:\/\/blogs.diariosur.es\/tormentas-y-rayos\/wp-json\/wp\/v2\/types\/post"}],"author":[{"embeddable":true,"href":"https:\/\/blogs.diariosur.es\/tormentas-y-rayos\/wp-json\/wp\/v2\/users\/16"}],"replies":[{"embeddable":true,"href":"https:\/\/blogs.diariosur.es\/tormentas-y-rayos\/wp-json\/wp\/v2\/comments?post=6387"}],"version-history":[{"count":0,"href":"https:\/\/blogs.diariosur.es\/tormentas-y-rayos\/wp-json\/wp\/v2\/posts\/6387\/revisions"}],"wp:featuredmedia":[{"embeddable":true,"href":"https:\/\/blogs.diariosur.es\/tormentas-y-rayos\/wp-json\/wp\/v2\/media\/6393"}],"wp:attachment":[{"href":"https:\/\/blogs.diariosur.es\/tormentas-y-rayos\/wp-json\/wp\/v2\/media?parent=6387"}],"wp:term":[{"taxonomy":"category","embeddable":true,"href":"https:\/\/blogs.diariosur.es\/tormentas-y-rayos\/wp-json\/wp\/v2\/categories?post=6387"},{"taxonomy":"post_tag","embeddable":true,"href":"https:\/\/blogs.diariosur.es\/tormentas-y-rayos\/wp-json\/wp\/v2\/tags?post=6387"}],"curies":[{"name":"wp","href":"https:\/\/api.w.org\/{rel}","templated":true}]}}