{"id":6395,"date":"2013-08-24T15:05:57","date_gmt":"2013-08-24T13:05:57","guid":{"rendered":"http:\/\/blogs.diariosur.es\/tormentas-y-rayos\/?p=6395"},"modified":"2013-08-24T15:05:57","modified_gmt":"2013-08-24T13:05:57","slug":"se-confirman-las-tormentas-en-el-litoral-mediterraneo-aviso-amarillo-por-que-se-da-esta-situacion-y-como-nos-puede-afectar","status":"publish","type":"post","link":"https:\/\/blogs.diariosur.es\/tormentas-y-rayos\/2013\/08\/24\/se-confirman-las-tormentas-en-el-litoral-mediterraneo-aviso-amarillo-por-que-se-da-esta-situacion-y-como-nos-puede-afectar\/","title":{"rendered":"Se confirman las tormentas en el litoral mediterr\u00e1neo. Aviso amarillo. \u00bf Por qu\u00e9  se da esta situaci\u00f3n y como nos puede afectar?"},"content":{"rendered":"<p><strong>Hola amigos de la meteo.<\/strong><\/p>\n<p><strong>Son las dos de la tarde, registro 28.5 grados y los cielos est\u00e1n brumosos. Ya se puede confirmar que el terral no ha visitado este a\u00f1o la feria malague\u00f1a y el levante el que ha bailado.<\/strong><\/p>\n<p><img loading=\"lazy\" class=\"aligncenter\" src=\"\/tormentas-y-rayos\/wp-content\/uploads\/sites\/12\/2013\/08\/levante.jpg\" alt=\"\" width=\"326\" height=\"400\" \/><\/p>\n<p>&nbsp;<\/p>\n<p>&nbsp;<\/p>\n<p><span style=\"color: #ff00ff;\"><strong>foto paqui carnero, muy bien conseguida la luz amiga.<\/strong><\/span><\/p>\n<p>&nbsp;<\/p>\n<p><a href=\"https:\/\/blogs.diariosur.es\/tormentas-y-rayos\/2013\/08\/24\/se-confirman-las-tormentas-en-el-litoral-mediterraneo-aviso-amarillo-por-que-se-da-esta-situacion-y-como-nos-puede-afectar\/1004854_10200365157122481_1306826222_n\/\" rel=\"attachment wp-att-6405\"><img loading=\"lazy\" class=\"aligncenter size-full wp-image-6405\" title=\"1004854_10200365157122481_1306826222_n\" src=\"\/tormentas-y-rayos\/wp-content\/uploads\/sites\/12\/2013\/08\/1004854_10200365157122481_1306826222_n.jpg\" alt=\"\" width=\"660\" height=\"495\" srcset=\"https:\/\/static-blogs.diariosur.es\/wp-content\/uploads\/sites\/12\/2013\/08\/1004854_10200365157122481_1306826222_n.jpg 660w, https:\/\/static-blogs.diariosur.es\/wp-content\/uploads\/sites\/12\/2013\/08\/1004854_10200365157122481_1306826222_n-533x400.jpg 533w\" sizes=\"(max-width: 660px) 100vw, 660px\" \/><\/a><\/p>\n<p><strong>Antes de daros la explicaci\u00f3n sencilla de este cambio de tiempo que tendremos los primeros d\u00edas de la semana que viene, os doy la previsi\u00f3n para ma\u00f1ana domingo y el lunes.<\/strong><\/p>\n<p><strong>El viento de levante ser\u00e1 de nuevo empezara a soplar,\u00a0 las nubes bajas a primeras horas de la ma\u00f1ana ser\u00e1n las protagonistas. Incluso de estas nubes se pueden escapar algunas gotillas, como ya ocurri\u00f3 la semana pasada, aunque algunos no os dierais cuenta, tengo de testigo a mi cu\u00f1ado jiji. Las\u00a0m\u00e1ximas\u00a0rondaran los 30 grados en la capital y los 34 o 35 en la Comarca de Ronda y Antequera.<\/strong><\/p>\n<p><strong>El lunes ya empezaremos a ver los desarrollos tormentosos a media tarde, estos se\u00a0dar\u00e1n\u00a0por la zona de Sierra Tejeda, Sierra Nevada, Serran\u00eda de Ronda y en algunos puntos del noreste de nuestra provincia, pero de esto hablaremos el lunes. En este mapa previsto de precipitaci\u00f3n del Hirlam lo\u00a0pod\u00e9is\u00a0ver. Fuente Aemet. Las coliflores\u00a0ser\u00e1n\u00a0muy fotog\u00e9nicas jijiji.<\/strong><\/p>\n<p><a href=\"https:\/\/blogs.diariosur.es\/tormentas-y-rayos\/2013\/08\/24\/se-confirman-las-tormentas-en-el-litoral-mediterraneo-aviso-amarillo-por-que-se-da-esta-situacion-y-como-nos-puede-afectar\/lluvias-4\/\" rel=\"attachment wp-att-6396\"><img loading=\"lazy\" class=\"aligncenter size-medium wp-image-6396\" title=\"lluvias\" src=\"\/tormentas-y-rayos\/wp-content\/uploads\/sites\/12\/2013\/08\/lluvias.jpg\" alt=\"\" width=\"535\" height=\"400\" srcset=\"https:\/\/static-blogs.diariosur.es\/wp-content\/uploads\/sites\/12\/2013\/08\/lluvias.jpg 759w, https:\/\/static-blogs.diariosur.es\/wp-content\/uploads\/sites\/12\/2013\/08\/lluvias-535x400.jpg 535w\" sizes=\"(max-width: 535px) 100vw, 535px\" \/><\/a><\/p>\n<p>&nbsp;<\/p>\n<p><strong>Bueno amigos voy a intentar explicar como siempre y de forma muy sencilla este cambio de tiempo, \u00a0lo primero comentaros que esta situaci\u00f3n no es nada anormal y se suele dar a finales de Agosto y primeros de Septiembre en la fachada mediterr\u00e1nea.<\/strong><\/p>\n<p><strong>En el centro del continente europeo se ha formado un \u00a0embolsamiento \u00a0de aire\u00a0fr\u00edo\u00a0en altura, como pod\u00e9is ver en este mapa a 500 hpa.<\/strong><\/p>\n<p><a href=\"https:\/\/blogs.diariosur.es\/tormentas-y-rayos\/2013\/08\/24\/se-confirman-las-tormentas-en-el-litoral-mediterraneo-aviso-amarillo-por-que-se-da-esta-situacion-y-como-nos-puede-afectar\/dana-11\/\" rel=\"attachment wp-att-6398\"><img loading=\"lazy\" class=\"aligncenter size-full wp-image-6398\" title=\"dana\" src=\"\/tormentas-y-rayos\/wp-content\/uploads\/sites\/12\/2013\/08\/dana.jpg\" alt=\"\" width=\"660\" height=\"505\" srcset=\"https:\/\/static-blogs.diariosur.es\/wp-content\/uploads\/sites\/12\/2013\/08\/dana.jpg 660w, https:\/\/static-blogs.diariosur.es\/wp-content\/uploads\/sites\/12\/2013\/08\/dana-523x400.jpg 523w\" sizes=\"(max-width: 660px) 100vw, 660px\" \/><\/a><\/p>\n<p><strong>\u00a0<\/strong><\/p>\n<p><strong>\u00a0<\/strong><\/p>\n<p><strong>\u00a0El descuelgue de esta masa de aire fr\u00edo se ha debido a la ubicaci\u00f3n del anticicl\u00f3n de las azores que se ha unido al escandinavo. Os paso la imagen<\/strong><\/p>\n<p><a href=\"https:\/\/blogs.diariosur.es\/tormentas-y-rayos\/2013\/08\/24\/se-confirman-las-tormentas-en-el-litoral-mediterraneo-aviso-amarillo-por-que-se-da-esta-situacion-y-como-nos-puede-afectar\/anticiclon-4\/\" rel=\"attachment wp-att-6399\"><img loading=\"lazy\" class=\"aligncenter size-full wp-image-6399\" title=\"anticicl\u00f3n\" src=\"\/tormentas-y-rayos\/wp-content\/uploads\/sites\/12\/2013\/08\/anticicl\u00f3n.jpg\" alt=\"\" width=\"660\" height=\"539\" srcset=\"https:\/\/static-blogs.diariosur.es\/wp-content\/uploads\/sites\/12\/2013\/08\/anticicl\u00f3n.jpg 660w, https:\/\/static-blogs.diariosur.es\/wp-content\/uploads\/sites\/12\/2013\/08\/anticicl\u00f3n-490x400.jpg 490w\" sizes=\"(max-width: 660px) 100vw, 660px\" \/><\/a><\/p>\n<p>&nbsp;<\/p>\n<p><strong>\u00a0<\/strong><\/p>\n<p><strong>Este embolsamiento de aire fr\u00edo har\u00e1 que se forme una vaguada en la\u00a0pen\u00ednsula,\u00a0 si alguno no sab\u00e9is lo que es una vaguada os copio del glosario del NOAA su definici\u00f3n<span style=\"color: #0000ff;\"> (<em>Un \u00e1rea alargada de bajas presiones relativas en superficie o en niveles altos. No est\u00e1 asociada generalmente a una circulaci\u00f3n cerrada, y es utilizada as\u00ed para distinguirla de una baja cerrada. Lo contrario es la dorsal<\/em>.)<\/span> Esta clara la definici\u00f3n verdad ? pero lo mismo esta vaguada, sobre el\u00a0mi\u00e9rcoles\u00a0o el jueves nos puede traer mas sorpresas y se forme una depresi\u00f3n aislada en altura, pero esto ya lo veremos el mi\u00e9rcoles si se da o no.<\/strong><\/p>\n<p><strong>Con esta situaci\u00f3n ya tenemos la mayor\u00eda de los ingredientes para que se formen tormentas, siendo el principal el viento\u00a0h\u00famedo\u00a0de levante que soplara en superficie y del oeste en altura. Otro factor muy importante la temperatura del agua del mar, que en la zona del Mar de Albor\u00e1n ronda los 26 grados y.<\/strong><\/p>\n<p><strong>La Aemet ya lanza los avisos amarillos por tormentas en el levante a partir de ma\u00f1ana domingo, asi como tambi\u00e9n el lunes. FUENTE AEMET.<\/strong><\/p>\n<p><a href=\"https:\/\/blogs.diariosur.es\/tormentas-y-rayos\/2013\/08\/24\/se-confirman-las-tormentas-en-el-litoral-mediterraneo-aviso-amarillo-por-que-se-da-esta-situacion-y-como-nos-puede-afectar\/20130824123000_avi_mna\/\" rel=\"attachment wp-att-6400\"><img loading=\"lazy\" class=\"aligncenter size-full wp-image-6400\" title=\"20130824123000_avi_mna\" src=\"\/tormentas-y-rayos\/wp-content\/uploads\/sites\/12\/2013\/08\/20130824123000_avi_mna.png\" alt=\"\" width=\"500\" height=\"334\" \/><\/a><\/p>\n<p>&nbsp;<\/p>\n<p><strong>\u00a0<\/strong><\/p>\n<p><strong>El lunes como os comentaba al principio del post, se ver\u00e1n bonitas coliflores en los sistemas monta\u00f1osos de Andaluc\u00eda Oriental, asi como lo de nuestra provincia. Algo parecido a estas fotos que del<span style=\"color: #ff0000;\"> 18 de Agosto del 2010,<\/span> que estoy seguro que muchos ya no os acordabais, en algunos puntos se registraron mas de 10 litros, adem\u00e1s fue una semana antes de la feria. Las fotos est\u00e1n hechas desde Torre de Benagalb\u00f3n.<\/strong><\/p>\n<p><a href=\"https:\/\/blogs.diariosur.es\/tormentas-y-rayos\/2013\/08\/24\/se-confirman-las-tormentas-en-el-litoral-mediterraneo-aviso-amarillo-por-que-se-da-esta-situacion-y-como-nos-puede-afectar\/olympus-digital-camera-1403\/\" rel=\"attachment wp-att-6401\"><img loading=\"lazy\" class=\"aligncenter size-full wp-image-6401\" title=\"OLYMPUS DIGITAL CAMERA\" src=\"\/tormentas-y-rayos\/wp-content\/uploads\/sites\/12\/2013\/08\/4904747510_fc40b48f22_z.jpg\" alt=\"\" width=\"640\" height=\"533\" srcset=\"https:\/\/static-blogs.diariosur.es\/wp-content\/uploads\/sites\/12\/2013\/08\/4904747510_fc40b48f22_z.jpg 640w, https:\/\/static-blogs.diariosur.es\/wp-content\/uploads\/sites\/12\/2013\/08\/4904747510_fc40b48f22_z-480x400.jpg 480w\" sizes=\"(max-width: 640px) 100vw, 640px\" \/><\/a><\/p>\n<p><a href=\"https:\/\/blogs.diariosur.es\/tormentas-y-rayos\/2013\/08\/24\/se-confirman-las-tormentas-en-el-litoral-mediterraneo-aviso-amarillo-por-que-se-da-esta-situacion-y-como-nos-puede-afectar\/olympus-digital-camera-1404\/\" rel=\"attachment wp-att-6402\"><img loading=\"lazy\" class=\"aligncenter size-full wp-image-6402\" title=\"OLYMPUS DIGITAL CAMERA\" src=\"\/tormentas-y-rayos\/wp-content\/uploads\/sites\/12\/2013\/08\/4904747028_eab2d15f57_z.jpg\" alt=\"\" width=\"640\" height=\"427\" srcset=\"https:\/\/static-blogs.diariosur.es\/wp-content\/uploads\/sites\/12\/2013\/08\/4904747028_eab2d15f57_z.jpg 640w, https:\/\/static-blogs.diariosur.es\/wp-content\/uploads\/sites\/12\/2013\/08\/4904747028_eab2d15f57_z-600x400.jpg 600w\" sizes=\"(max-width: 640px) 100vw, 640px\" \/><\/a><\/p>\n<p>&nbsp;<\/p>\n<p><strong>\u00a0<\/strong><\/p>\n<p><strong>\u00a0<\/strong><\/p>\n<p><strong>Poco mas que contar amigos de la meteo, iremos viendo la evoluci\u00f3n de los modelos, para confirmar esa posible dana ( depresi\u00f3n aislada en altura o como muchos medios de comunicaci\u00f3n la llaman&#8221; GOTA FR\u00cdA&#8221;) que se puede formar en el Golfo de Cadiz a partir del jueves. Tambien para el dia 2 septiembre hay modelos que de nuevo dan gota fria, pero para esto aun queda un mundo.<\/strong><\/p>\n<p><strong>Mientras disfrutemos de las coliflores y posibles rel\u00e1mpagos que se den.<\/strong><\/p>\n<p><strong>Os dejo con el atardecer que se dio ayer en\u00a0 Torre de Benagalb\u00f3n.<\/strong><\/p>\n<p><strong>\u00a0<\/strong><\/p>\n<p><strong>\u00a0<\/strong><\/p>\n<p><strong>\u00a0<\/strong><a href=\"https:\/\/blogs.diariosur.es\/tormentas-y-rayos\/2013\/08\/24\/se-confirman-las-tormentas-en-el-litoral-mediterraneo-aviso-amarillo-por-que-se-da-esta-situacion-y-como-nos-puede-afectar\/olympus-digital-camera-1405\/\" rel=\"attachment wp-att-6403\"><img loading=\"lazy\" class=\"aligncenter size-full wp-image-6403\" title=\"OLYMPUS DIGITAL CAMERA\" src=\"\/tormentas-y-rayos\/wp-content\/uploads\/sites\/12\/2013\/08\/001001.jpg\" alt=\"\" width=\"660\" height=\"495\" srcset=\"https:\/\/static-blogs.diariosur.es\/wp-content\/uploads\/sites\/12\/2013\/08\/001001.jpg 660w, https:\/\/static-blogs.diariosur.es\/wp-content\/uploads\/sites\/12\/2013\/08\/001001-533x400.jpg 533w\" sizes=\"(max-width: 660px) 100vw, 660px\" \/><\/a><\/p>\n","protected":false},"excerpt":{"rendered":"<p>Hola amigos de la meteo. Son las dos de la tarde, registro 28.5 grados y los cielos est\u00e1n brumosos. Ya se puede confirmar que el terral no ha visitado este a\u00f1o la feria malague\u00f1a y el levante el que ha bailado. &nbsp; &nbsp; foto paqui carnero, muy bien conseguida la luz amiga. &nbsp; Antes de [&hellip;]<\/p>\n","protected":false},"author":16,"featured_media":6401,"comment_status":"open","ping_status":"open","sticky":false,"template":"","format":"standard","meta":[],"categories":[2],"tags":[63,91,151,553,569,996],"_links":{"self":[{"href":"https:\/\/blogs.diariosur.es\/tormentas-y-rayos\/wp-json\/wp\/v2\/posts\/6395"}],"collection":[{"href":"https:\/\/blogs.diariosur.es\/tormentas-y-rayos\/wp-json\/wp\/v2\/posts"}],"about":[{"href":"https:\/\/blogs.diariosur.es\/tormentas-y-rayos\/wp-json\/wp\/v2\/types\/post"}],"author":[{"embeddable":true,"href":"https:\/\/blogs.diariosur.es\/tormentas-y-rayos\/wp-json\/wp\/v2\/users\/16"}],"replies":[{"embeddable":true,"href":"https:\/\/blogs.diariosur.es\/tormentas-y-rayos\/wp-json\/wp\/v2\/comments?post=6395"}],"version-history":[{"count":0,"href":"https:\/\/blogs.diariosur.es\/tormentas-y-rayos\/wp-json\/wp\/v2\/posts\/6395\/revisions"}],"wp:featuredmedia":[{"embeddable":true,"href":"https:\/\/blogs.diariosur.es\/tormentas-y-rayos\/wp-json\/wp\/v2\/media\/6401"}],"wp:attachment":[{"href":"https:\/\/blogs.diariosur.es\/tormentas-y-rayos\/wp-json\/wp\/v2\/media?parent=6395"}],"wp:term":[{"taxonomy":"category","embeddable":true,"href":"https:\/\/blogs.diariosur.es\/tormentas-y-rayos\/wp-json\/wp\/v2\/categories?post=6395"},{"taxonomy":"post_tag","embeddable":true,"href":"https:\/\/blogs.diariosur.es\/tormentas-y-rayos\/wp-json\/wp\/v2\/tags?post=6395"}],"curies":[{"name":"wp","href":"https:\/\/api.w.org\/{rel}","templated":true}]}}