{"id":6407,"date":"2013-08-25T09:11:48","date_gmt":"2013-08-25T07:11:48","guid":{"rendered":"http:\/\/blogs.diariosur.es\/tormentas-y-rayos\/?p=6407"},"modified":"2013-08-25T09:11:48","modified_gmt":"2013-08-25T07:11:48","slug":"aviso-amarillo-con-todo-mi-respeto-a-don-francisco-de-la-torre-alcalde-de-malaga","status":"publish","type":"post","link":"https:\/\/blogs.diariosur.es\/tormentas-y-rayos\/2013\/08\/25\/aviso-amarillo-con-todo-mi-respeto-a-don-francisco-de-la-torre-alcalde-de-malaga\/","title":{"rendered":"Aviso amarillo. Con todo mi respeto a Don Francisco de la Torre Alcalde de M\u00e1laga,"},"content":{"rendered":"<p><strong>Buenos dias Don Francisco.<\/strong><\/p>\n<p><strong>\u00a0Antes de nada comentarle que nos conocemos en persona, ya que fue usted el que me entrego el premio al mejor blog de uso y contenido hace unos a\u00f1os.<\/strong><\/p>\n<p><strong>A\u00a0ra\u00edz\u00a0<a href=\"http:\/\/www.diariosur.es\/20130824\/local\/malaga\/torre-pide-aemet-haga-201308241528.html\" rel=\"external nofollow\">de la carta <\/a>que usted a mandado al Presidente de la Aemet\u00a0\u00a0Miguel \u00c1ngel L\u00f3pez Gonz\u00e1lez, q<\/strong><strong>uisiera aclararle, ya que estoy seguro que alg\u00fan colaborador suyo, o alg\u00fan medio informativo le ha informado mal, que \u00a0ese dia la Aemet no puso a M\u00e1laga Capital en aviso amarillo, si no a la Comarca de Antequera. El lunes dia 19 se activaron esos avisos por la Aemet, pero en\u00a0ning\u00fan\u00a0momento fue para M\u00e1laga Capital.<a href=\"https:\/\/blogs.diariosur.es\/tormentas-y-rayos\/2013\/08\/19\/prevision-del-tiempo-feria-de-malaga-2013-de-momento-el-terral-seguira-sin-aparecer-aviso-naranja-por-altas-temperaturas-nueva-masa-de-aire-calido-sahariana\/\"> Le paso el enlace al post que abri el pasado lunes donde puede ver el mapa de avisos<\/a>.<\/strong><\/p>\n<p><a href=\"https:\/\/blogs.diariosur.es\/tormentas-y-rayos\/2013\/08\/25\/aviso-amarillo-con-todo-mi-respeto-a-don-francisco-de-la-torre-alcalde-de-malaga\/antequera-4\/\" rel=\"attachment wp-att-6408\"><img loading=\"lazy\" class=\"aligncenter size-full wp-image-6408\" title=\"antequera\" src=\"\/tormentas-y-rayos\/wp-content\/uploads\/sites\/12\/2013\/08\/antequera.jpg\" alt=\"\" width=\"634\" height=\"435\" srcset=\"https:\/\/static-blogs.diariosur.es\/wp-content\/uploads\/sites\/12\/2013\/08\/antequera.jpg 634w, https:\/\/static-blogs.diariosur.es\/wp-content\/uploads\/sites\/12\/2013\/08\/antequera-583x400.jpg 583w\" sizes=\"(max-width: 634px) 100vw, 634px\" \/><\/a><\/p>\n<p>&nbsp;<\/p>\n<p><strong>Tampoco se puede considerar un fallo lo que paso el dia 7 de agosto, cuando la Aemet nos puso en Alerta Naranja a M\u00e1laga Capital por temperaturas de 39, todos los modelos daban terral fuerte en M\u00e1laga Capital y Valle del Guadalhorce, pero en cuesti\u00f3n de unas horas el viento soplo mas del suroeste que del noroeste, de todas formas en el aeropuerto y teatinos se llego a 37,7 grados.<\/strong><\/p>\n<p><strong>Sin mas que aclarar sobre ese aviso, darle un fuerte abrazo.\u00a0<\/strong><\/p>\n<p><span style=\"color: #0000ff;\"><strong>Jose Luis Escudero Gallegos. Blog Tormenta y Rayos.<\/strong><\/span><\/p>\n<p><a href=\"https:\/\/blogs.diariosur.es\/tormentas-y-rayos\/2013\/08\/24\/se-confirman-las-tormentas-en-el-litoral-mediterraneo-aviso-amarillo-por-que-se-da-esta-situacion-y-como-nos-puede-afectar\/\">Os dejo con el enlace de las tormentas que se dar\u00e1n a partir de hoy y hasta el jueves en la fachada mediterr\u00e1nea.<\/a><\/p>\n<p>&nbsp;<\/p>\n<p>&nbsp;<\/p>\n","protected":false},"excerpt":{"rendered":"<p>Buenos dias Don Francisco. \u00a0Antes de nada comentarle que nos conocemos en persona, ya que fue usted el que me entrego el premio al mejor blog de uso y contenido hace unos a\u00f1os. A\u00a0ra\u00edz\u00a0de la carta que usted a mandado al Presidente de la Aemet\u00a0\u00a0Miguel \u00c1ngel L\u00f3pez Gonz\u00e1lez, quisiera aclararle, ya que estoy seguro que [&hellip;]<\/p>\n","protected":false},"author":16,"featured_media":6409,"comment_status":"open","ping_status":"open","sticky":false,"template":"","format":"standard","meta":[],"categories":[2],"tags":[60,63,94,151,311,425,587],"_links":{"self":[{"href":"https:\/\/blogs.diariosur.es\/tormentas-y-rayos\/wp-json\/wp\/v2\/posts\/6407"}],"collection":[{"href":"https:\/\/blogs.diariosur.es\/tormentas-y-rayos\/wp-json\/wp\/v2\/posts"}],"about":[{"href":"https:\/\/blogs.diariosur.es\/tormentas-y-rayos\/wp-json\/wp\/v2\/types\/post"}],"author":[{"embeddable":true,"href":"https:\/\/blogs.diariosur.es\/tormentas-y-rayos\/wp-json\/wp\/v2\/users\/16"}],"replies":[{"embeddable":true,"href":"https:\/\/blogs.diariosur.es\/tormentas-y-rayos\/wp-json\/wp\/v2\/comments?post=6407"}],"version-history":[{"count":0,"href":"https:\/\/blogs.diariosur.es\/tormentas-y-rayos\/wp-json\/wp\/v2\/posts\/6407\/revisions"}],"wp:featuredmedia":[{"embeddable":true,"href":"https:\/\/blogs.diariosur.es\/tormentas-y-rayos\/wp-json\/wp\/v2\/media\/6409"}],"wp:attachment":[{"href":"https:\/\/blogs.diariosur.es\/tormentas-y-rayos\/wp-json\/wp\/v2\/media?parent=6407"}],"wp:term":[{"taxonomy":"category","embeddable":true,"href":"https:\/\/blogs.diariosur.es\/tormentas-y-rayos\/wp-json\/wp\/v2\/categories?post=6407"},{"taxonomy":"post_tag","embeddable":true,"href":"https:\/\/blogs.diariosur.es\/tormentas-y-rayos\/wp-json\/wp\/v2\/tags?post=6407"}],"curies":[{"name":"wp","href":"https:\/\/api.w.org\/{rel}","templated":true}]}}