{"id":6410,"date":"2013-08-26T10:55:44","date_gmt":"2013-08-26T08:55:44","guid":{"rendered":"http:\/\/blogs.diariosur.es\/tormentas-y-rayos\/?p=6410"},"modified":"2013-08-26T10:55:44","modified_gmt":"2013-08-26T08:55:44","slug":"atencion-posible-dana-el-jueves-o-viernes-aviso-amarillo-por-tormentas-en-jaen-almeria-y-granada-hoy-lunes-y-manana-martes","status":"publish","type":"post","link":"https:\/\/blogs.diariosur.es\/tormentas-y-rayos\/2013\/08\/26\/atencion-posible-dana-el-jueves-o-viernes-aviso-amarillo-por-tormentas-en-jaen-almeria-y-granada-hoy-lunes-y-manana-martes\/","title":{"rendered":"&#8220;Atenci\u00f3n posible dana el jueves o viernes&#8221;. Aviso amarillo por tormentas en Ja\u00e9n, Almer\u00eda y Granada hoy lunes y ma\u00f1ana  martes."},"content":{"rendered":"<p><strong>Buenos dias amigos de la meteo.<\/strong><\/p>\n<p><strong>\u00a0Son las nueve de la ma\u00f1ana, registro 24.4 grados y los cielos est\u00e1n poco nubosos en M\u00e1laga Capital. Acabo de llegar de Torre de Benagalb\u00f3n, y por contra amanec\u00eda con cielos muy cubiertos y sobre las ocho menos cuarto ca\u00edan ligeras mijillas. Os paso unas fotos del cielo de Torre de Benagalb\u00f3n cuando amanec\u00eda hace un rato. Y a continuaci\u00f3n hablamos de las tormentas previstas para \u00a0hoy y ma\u00f1ana en Granada, Almer\u00eda y Ja\u00e9n. Y de la posible dana para el jueves y viernes<\/strong><\/p>\n<p><strong>Vamos con las fotos amigos, en la primera pod\u00e9is ver como las nubes eran las protagonistas, adem\u00e1s el viento soplaba moderado del suroeste en esa zona. La temperatura era de 21 grados.<\/strong><\/p>\n<p><strong>\u00a0<\/strong><\/p>\n<p><a href=\"https:\/\/blogs.diariosur.es\/tormentas-y-rayos\/2013\/08\/26\/atencion-posible-dana-el-jueves-o-viernes-aviso-amarillo-por-tormentas-en-jaen-almeria-y-granada-hoy-lunes-y-manana-martes\/olympus-digital-camera-1407\/\" rel=\"attachment wp-att-6412\"><img loading=\"lazy\" class=\"aligncenter size-full wp-image-6412\" title=\"OLYMPUS DIGITAL CAMERA\" src=\"\/tormentas-y-rayos\/wp-content\/uploads\/sites\/12\/2013\/08\/0540541.jpg\" alt=\"\" width=\"660\" height=\"495\" srcset=\"https:\/\/static-blogs.diariosur.es\/wp-content\/uploads\/sites\/12\/2013\/08\/0540541.jpg 660w, https:\/\/static-blogs.diariosur.es\/wp-content\/uploads\/sites\/12\/2013\/08\/0540541-533x400.jpg 533w\" sizes=\"(max-width: 660px) 100vw, 660px\" \/><\/a><\/p>\n<p>&nbsp;<\/p>\n<p>&nbsp;<\/p>\n<p><strong>En la segunda al sol le costaba trabajo hacerse hueco entre las nubes.<\/strong><\/p>\n<p><a href=\"https:\/\/blogs.diariosur.es\/tormentas-y-rayos\/2013\/08\/26\/atencion-posible-dana-el-jueves-o-viernes-aviso-amarillo-por-tormentas-en-jaen-almeria-y-granada-hoy-lunes-y-manana-martes\/olympus-digital-camera-1408\/\" rel=\"attachment wp-att-6413\"><img loading=\"lazy\" class=\"aligncenter size-full wp-image-6413\" title=\"OLYMPUS DIGITAL CAMERA\" src=\"\/tormentas-y-rayos\/wp-content\/uploads\/sites\/12\/2013\/08\/065065.jpg\" alt=\"\" width=\"660\" height=\"495\" srcset=\"https:\/\/static-blogs.diariosur.es\/wp-content\/uploads\/sites\/12\/2013\/08\/065065.jpg 660w, https:\/\/static-blogs.diariosur.es\/wp-content\/uploads\/sites\/12\/2013\/08\/065065-533x400.jpg 533w\" sizes=\"(max-width: 660px) 100vw, 660px\" \/><\/a><\/p>\n<p>&nbsp;<\/p>\n<p>&nbsp;<\/p>\n<p>&nbsp;<\/p>\n<p><span style=\"color: #ff0000;\"><strong>Primero hablaremos de los avisos amarillos por tormentas que la aemet ha activado en Almeria, Granada, y Ja\u00e9n, siempre teniendo en cuenta que es la zona norte y noreste de cada provincia.<\/strong><\/span><\/p>\n<p><a href=\"https:\/\/blogs.diariosur.es\/tormentas-y-rayos\/2013\/08\/26\/atencion-posible-dana-el-jueves-o-viernes-aviso-amarillo-por-tormentas-en-jaen-almeria-y-granada-hoy-lunes-y-manana-martes\/alertas-10\/\" rel=\"attachment wp-att-6414\"><img loading=\"lazy\" class=\"aligncenter size-full wp-image-6414\" title=\"alertas\" src=\"\/tormentas-y-rayos\/wp-content\/uploads\/sites\/12\/2013\/08\/alertas.jpg\" alt=\"\" width=\"550\" height=\"394\" \/><\/a><\/p>\n<p>&nbsp;<\/p>\n<p><strong>Ya sab\u00e9is que una vaguada esta afectando al litoral mediterr\u00e1neo, el dia pasado os lo<a href=\"https:\/\/blogs.diariosur.es\/tormentas-y-rayos\/2013\/08\/24\/se-confirman-las-tormentas-en-el-litoral-mediterraneo-aviso-amarillo-por-que-se-da-esta-situacion-y-como-nos-puede-afectar\/\"> explicaba en este post, <\/a>Ando mal de tiempo para volver a poner mapas etc etc.<\/strong><\/p>\n<p>&nbsp;<\/p>\n<p><strong>Las primeras tormentas ya est\u00e1n afectando a Baleares y Comunidad Valencia desde la pasada madrugada, el mapa de rayos de las ocho de la ma\u00f1ana es una pasada. \u00a0Incluso en el Mar de Albor\u00e1n se ven algunos rayos. Fuente Aemet<\/strong><\/p>\n<p>&nbsp;<\/p>\n<p><a href=\"https:\/\/blogs.diariosur.es\/tormentas-y-rayos\/2013\/08\/26\/atencion-posible-dana-el-jueves-o-viernes-aviso-amarillo-por-tormentas-en-jaen-almeria-y-granada-hoy-lunes-y-manana-martes\/rayos-13\/\" rel=\"attachment wp-att-6415\"><img loading=\"lazy\" class=\"aligncenter size-full wp-image-6415\" title=\"rayos\" src=\"\/tormentas-y-rayos\/wp-content\/uploads\/sites\/12\/2013\/08\/rayos.jpg\" alt=\"\" width=\"554\" height=\"584\" srcset=\"https:\/\/static-blogs.diariosur.es\/wp-content\/uploads\/sites\/12\/2013\/08\/rayos.jpg 554w, https:\/\/static-blogs.diariosur.es\/wp-content\/uploads\/sites\/12\/2013\/08\/rayos-379x400.jpg 379w\" sizes=\"(max-width: 554px) 100vw, 554px\" \/><\/a><\/p>\n<p>&nbsp;<\/p>\n<p><strong>Os paso esta imagen del visible del satelite eumetsat, fuente meteogalicia. Se ve claramente la c\u00e9lula tormentosa que ha afectado a toda esa zona, as\u00ed como muy curiosamente las nieblas que se han dado en el Golfo de Cadiz y Valle del Guadalquivir debido a los vientos h\u00famedos del suroeste.\u00a0<\/strong><\/p>\n<p><a href=\"https:\/\/blogs.diariosur.es\/tormentas-y-rayos\/2013\/08\/26\/atencion-posible-dana-el-jueves-o-viernes-aviso-amarillo-por-tormentas-en-jaen-almeria-y-granada-hoy-lunes-y-manana-martes\/webexterna_hrv_07-30\/\" rel=\"attachment wp-att-6416\"><img loading=\"lazy\" class=\"aligncenter size-full wp-image-6416\" title=\"webexterna_HRV_[07-30]\" src=\"\/tormentas-y-rayos\/wp-content\/uploads\/sites\/12\/2013\/08\/webexterna_HRV_07-30.jpg\" alt=\"\" width=\"680\" height=\"491\" srcset=\"https:\/\/static-blogs.diariosur.es\/wp-content\/uploads\/sites\/12\/2013\/08\/webexterna_HRV_07-30.jpg 680w, https:\/\/static-blogs.diariosur.es\/wp-content\/uploads\/sites\/12\/2013\/08\/webexterna_HRV_07-30-554x400.jpg 554w\" sizes=\"(max-width: 680px) 100vw, 680px\" \/><\/a><\/p>\n<p><strong>A medida que pasen las horas esta ma\u00f1ana, se ir\u00e1n formando tormentas en las provincias antes mencionadas, con un poco de suerte desde M\u00e1laga podremos ver buenos desarrollos, cuando salga del curro intentare hacer alguna foto. Ma\u00f1ana seguir\u00e1 la misma t\u00f3nica y las tormentas seguir\u00e1n siendo las protagonistas.<\/strong><\/p>\n<p><span style=\"color: #ff00ff;\"><strong>DANA \u00a0( DEPRESI\u00d3N AISLADA EN ALTURA O LA MAL LLAMADA GOTA FR\u00cdA)<\/strong><\/span><\/p>\n<p><span style=\"color: #ff00ff;\"><strong>\u00a0<\/strong><\/span><\/p>\n<p><strong>Antes de hablaros de esta dana, solo comentaros que aun no esta claro si se formara y si se forma coma podr\u00e1 afectarnos a los andaluces. Con mas seguridad lo sabremos el mi\u00e9rcoles.<\/strong><\/p>\n<p><span style=\"color: #000000;\"><strong><strong>Hay alg\u00fan modelo que ve la formaci\u00f3n de esta depresi\u00f3n aislada en altura en el Golfo de Cadiz.<\/strong><\/strong><\/span><\/p>\n<p><a href=\"https:\/\/blogs.diariosur.es\/tormentas-y-rayos\/2013\/08\/26\/atencion-posible-dana-el-jueves-o-viernes-aviso-amarillo-por-tormentas-en-jaen-almeria-y-granada-hoy-lunes-y-manana-martes\/danon-2\/\" rel=\"attachment wp-att-6417\"><img loading=\"lazy\" class=\"aligncenter size-full wp-image-6417\" title=\"danon\" src=\"\/tormentas-y-rayos\/wp-content\/uploads\/sites\/12\/2013\/08\/danon.jpg\" alt=\"\" width=\"615\" height=\"494\" srcset=\"https:\/\/static-blogs.diariosur.es\/wp-content\/uploads\/sites\/12\/2013\/08\/danon.jpg 615w, https:\/\/static-blogs.diariosur.es\/wp-content\/uploads\/sites\/12\/2013\/08\/danon-498x400.jpg 498w\" sizes=\"(max-width: 615px) 100vw, 615px\" \/><\/a><\/p>\n<p>&nbsp;<\/p>\n<p><strong>otros ven una vaguada<\/strong><\/p>\n<p><a href=\"https:\/\/blogs.diariosur.es\/tormentas-y-rayos\/2013\/08\/26\/atencion-posible-dana-el-jueves-o-viernes-aviso-amarillo-por-tormentas-en-jaen-almeria-y-granada-hoy-lunes-y-manana-martes\/gfs-0-96\/\" rel=\"attachment wp-att-6418\"><img loading=\"lazy\" class=\"aligncenter size-full wp-image-6418\" title=\"gfs-0-96\" src=\"\/tormentas-y-rayos\/wp-content\/uploads\/sites\/12\/2013\/08\/gfs-0-96.png\" alt=\"\" width=\"627\" height=\"328\" \/><\/a><\/p>\n<p>&nbsp;<\/p>\n<p><strong>En cualquier caso los chubascos tormentosos se dar\u00e1n en casi toda Andaluc\u00eda a partir del \u00a0jueves, toca esperar amigos para confirmar esa posible dana.<\/strong><\/p>\n<p><strong>Hoy os dejo con esta foto que me ha mandado nuestro amigo Paco Alba desde Galicia. Es su primera foto en el blog por fin Paco jejeje, me ha encantado, ya se el camino para cuando vaya a visitar metogalicia. Un abrazo.<\/strong><\/p>\n<p><a href=\"https:\/\/blogs.diariosur.es\/tormentas-y-rayos\/2013\/08\/26\/atencion-posible-dana-el-jueves-o-viernes-aviso-amarillo-por-tormentas-en-jaen-almeria-y-granada-hoy-lunes-y-manana-martes\/dscf1467\/\" rel=\"attachment wp-att-6419\"><img loading=\"lazy\" class=\"aligncenter size-full wp-image-6419\" title=\"DSCF1467\" src=\"\/tormentas-y-rayos\/wp-content\/uploads\/sites\/12\/2013\/08\/DSCF1467.jpg\" alt=\"\" width=\"660\" height=\"481\" srcset=\"https:\/\/static-blogs.diariosur.es\/wp-content\/uploads\/sites\/12\/2013\/08\/DSCF1467.jpg 660w, https:\/\/static-blogs.diariosur.es\/wp-content\/uploads\/sites\/12\/2013\/08\/DSCF1467-549x400.jpg 549w\" sizes=\"(max-width: 660px) 100vw, 660px\" \/><\/a><\/p>\n","protected":false},"excerpt":{"rendered":"<p>Buenos dias amigos de la meteo. \u00a0Son las nueve de la ma\u00f1ana, registro 24.4 grados y los cielos est\u00e1n poco nubosos en M\u00e1laga Capital. Acabo de llegar de Torre de Benagalb\u00f3n, y por contra amanec\u00eda con cielos muy cubiertos y sobre las ocho menos cuarto ca\u00edan ligeras mijillas. Os paso unas fotos del cielo de [&hellip;]<\/p>\n","protected":false},"author":16,"featured_media":6414,"comment_status":"open","ping_status":"open","sticky":false,"template":"","format":"standard","meta":[],"categories":[2],"tags":[63,91,151,307,460,996],"_links":{"self":[{"href":"https:\/\/blogs.diariosur.es\/tormentas-y-rayos\/wp-json\/wp\/v2\/posts\/6410"}],"collection":[{"href":"https:\/\/blogs.diariosur.es\/tormentas-y-rayos\/wp-json\/wp\/v2\/posts"}],"about":[{"href":"https:\/\/blogs.diariosur.es\/tormentas-y-rayos\/wp-json\/wp\/v2\/types\/post"}],"author":[{"embeddable":true,"href":"https:\/\/blogs.diariosur.es\/tormentas-y-rayos\/wp-json\/wp\/v2\/users\/16"}],"replies":[{"embeddable":true,"href":"https:\/\/blogs.diariosur.es\/tormentas-y-rayos\/wp-json\/wp\/v2\/comments?post=6410"}],"version-history":[{"count":0,"href":"https:\/\/blogs.diariosur.es\/tormentas-y-rayos\/wp-json\/wp\/v2\/posts\/6410\/revisions"}],"wp:featuredmedia":[{"embeddable":true,"href":"https:\/\/blogs.diariosur.es\/tormentas-y-rayos\/wp-json\/wp\/v2\/media\/6414"}],"wp:attachment":[{"href":"https:\/\/blogs.diariosur.es\/tormentas-y-rayos\/wp-json\/wp\/v2\/media?parent=6410"}],"wp:term":[{"taxonomy":"category","embeddable":true,"href":"https:\/\/blogs.diariosur.es\/tormentas-y-rayos\/wp-json\/wp\/v2\/categories?post=6410"},{"taxonomy":"post_tag","embeddable":true,"href":"https:\/\/blogs.diariosur.es\/tormentas-y-rayos\/wp-json\/wp\/v2\/tags?post=6410"}],"curies":[{"name":"wp","href":"https:\/\/api.w.org\/{rel}","templated":true}]}}