{"id":6420,"date":"2013-08-27T10:18:12","date_gmt":"2013-08-27T08:18:12","guid":{"rendered":"http:\/\/blogs.diariosur.es\/tormentas-y-rayos\/?p=6420"},"modified":"2013-08-27T10:18:12","modified_gmt":"2013-08-27T08:18:12","slug":"ultima-hora-la-aemet-confirma-la-dana-aviso-amarillo-por-tormentas-en-antequera-y-ronda-el-miercoles-el-jueves-en-malaga-capital","status":"publish","type":"post","link":"https:\/\/blogs.diariosur.es\/tormentas-y-rayos\/2013\/08\/27\/ultima-hora-la-aemet-confirma-la-dana-aviso-amarillo-por-tormentas-en-antequera-y-ronda-el-miercoles-el-jueves-en-malaga-capital\/","title":{"rendered":"!Ultima hora ! La Aemet confirma la DANA. Aviso amarillo por tormentas en Antequera y Ronda el mi\u00e9rcoles,  el jueves en M\u00e1laga Capital."},"content":{"rendered":"<p>&nbsp;<\/p>\n<p>30DE AGOSTO<\/p>\n<p><strong><span style=\"color: #ff00ff;\"><a href=\"https:\/\/blogs.diariosur.es\/tormentas-y-rayos\/2013\/08\/30\/dana-por-el-interior-danonino-en-malaga-alfarnatejo-registra-71-litros-prevision-del-tiempo\/\">BLOG ACTUALIZADO OS PASO EL ENLACE . DANA EN EL INTERIOR, DANONINO EN M\u00c1LAGA,PREVISI\u00d3N DEL TIEMPO<\/a><\/span><\/strong><\/p>\n<p>&nbsp;<\/p>\n<p>&nbsp;<\/p>\n<p><strong>Actualizacion 29 de agosto. Buenos dias amigos de la meteo, la dana toma otro camino \u00a0segun el modelo hirlam, llega al norte de cordoba y toma camino hacia las provincias de almeria y murcia. Las lluvias mas fuertes se daran por el interior de granada y almeria , tambien son posibles en el interior de malaga. esta pasada madrugada hemos tenido tormenta en la a arquia, que han dejado en algunos puntos 5 y 8 litros, ayer de nuevo hubo inundaciones en la provincia granadina. os sigo imformando en los comentarios y en facebook. \u00a0 \u00a0 \u00a0 \u00a0 \u00a0Actualizacion miercoles 28. Alerta naranja en granada \u00a0 Buenos d\u00edas de nuevo amigos de la meteo. En un rato tiro para la radio y luego para el curro . La Dana toma otro movimiento, baja hasta casi Huelva y ma\u00f1ana pasa por la vertical de M\u00e1laga . Como os comento en el post la zona m\u00e1s orien<\/strong><\/p>\n<p><strong>tal de la Dana es la m\u00e1s inestable , seg\u00fan el hirlam la zona donde llover\u00eda m\u00e1s ser\u00eda la provincia de Granada , por este motivo la aemet la ha puesto en aviso naranja tanto hoy como ma\u00f1ana jueves. En M\u00e1laga capital espero los chaparrones m\u00e1s fuertes durante la pr\u00f3xima madrugada y durante las primeras horas de ma\u00f1ana jueves. Hoy tambi\u00e9n pueden caer gotas. En estas situaciones tan dif\u00edciles de modelizar , lo mejor mirar al cielo y a los radares de lluvia. \u00a0Desde torre de Benagalbon veo alg\u00fan desarrollo cercano a nerja , el radar da peque\u00f1os ecos de lluvias. \u00a0Sigo escribiendo desde el m\u00f3vil, y tela de dif\u00edcil .\u00a0Buenos dias amigos de la meteo.\u00a0<\/strong><\/p>\n<p><strong>Buenos dias amigos de la meteo. Son las siete de la ma\u00f1ana, registro 25 grados y los cielos est\u00e1n poco nubosos.<\/strong><\/p>\n<p><strong> Ma\u00f1ana\u00a0mi\u00e9rcoles\u00a0se activan los avisos amarillos por tormentas y lluvias en Antequera y Ronda. El jueves sera toda la provincia malague\u00f1a incluida M\u00e1laga Capital por tormentas y lluvias.<\/strong><\/p>\n<p><a href=\"https:\/\/blogs.diariosur.es\/tormentas-y-rayos\/2013\/08\/27\/ultima-hora-la-aemet-confirma-la-dana-aviso-amarillo-por-tormentas-en-antequera-y-ronda-el-miercoles-el-jueves-en-malaga-capital\/expli\/\" rel=\"attachment wp-att-6429\"><img loading=\"lazy\" class=\"aligncenter size-full wp-image-6429\" title=\"expli\" src=\"\/tormentas-y-rayos\/wp-content\/uploads\/sites\/12\/2013\/08\/expli.jpg\" alt=\"\" width=\"590\" height=\"319\" \/><\/a><a href=\"https:\/\/blogs.diariosur.es\/tormentas-y-rayos\/2013\/08\/27\/ultima-hora-la-aemet-confirma-la-dana-aviso-amarillo-por-tormentas-en-antequera-y-ronda-el-miercoles-el-jueves-en-malaga-capital\/aviso-amarillo-tormetas\/\" rel=\"attachment wp-att-6430\"><img loading=\"lazy\" class=\"aligncenter size-full wp-image-6430\" title=\"aviso amarillo tormetas\" src=\"\/tormentas-y-rayos\/wp-content\/uploads\/sites\/12\/2013\/08\/aviso-amarillo-tormetas.jpg\" alt=\"\" width=\"595\" height=\"444\" srcset=\"https:\/\/static-blogs.diariosur.es\/wp-content\/uploads\/sites\/12\/2013\/08\/aviso-amarillo-tormetas.jpg 595w, https:\/\/static-blogs.diariosur.es\/wp-content\/uploads\/sites\/12\/2013\/08\/aviso-amarillo-tormetas-536x400.jpg 536w\" sizes=\"(max-width: 595px) 100vw, 595px\" \/><\/a><\/p>\n<p>&nbsp;<\/p>\n<p><span style=\"color: #ff00ff;\"><strong>JUEVES<\/strong><\/span><\/p>\n<p>&nbsp;<\/p>\n<p><a href=\"https:\/\/blogs.diariosur.es\/tormentas-y-rayos\/2013\/08\/27\/ultima-hora-la-aemet-confirma-la-dana-aviso-amarillo-por-tormentas-en-antequera-y-ronda-el-miercoles-el-jueves-en-malaga-capital\/malaga-capital-2\/\" rel=\"attachment wp-att-6431\"><img loading=\"lazy\" class=\"aligncenter size-full wp-image-6431\" title=\"malaga capital\" src=\"\/tormentas-y-rayos\/wp-content\/uploads\/sites\/12\/2013\/08\/malaga-capital.jpg\" alt=\"\" width=\"587\" height=\"437\" srcset=\"https:\/\/static-blogs.diariosur.es\/wp-content\/uploads\/sites\/12\/2013\/08\/malaga-capital.jpg 587w, https:\/\/static-blogs.diariosur.es\/wp-content\/uploads\/sites\/12\/2013\/08\/malaga-capital-537x400.jpg 537w\" sizes=\"(max-width: 587px) 100vw, 587px\" \/><\/a><a href=\"https:\/\/blogs.diariosur.es\/tormentas-y-rayos\/2013\/08\/27\/ultima-hora-la-aemet-confirma-la-dana-aviso-amarillo-por-tormentas-en-antequera-y-ronda-el-miercoles-el-jueves-en-malaga-capital\/provincia-entera\/\" rel=\"attachment wp-att-6432\"><img loading=\"lazy\" class=\"aligncenter size-full wp-image-6432\" title=\"provincia entera\" src=\"\/tormentas-y-rayos\/wp-content\/uploads\/sites\/12\/2013\/08\/provincia-entera.jpg\" alt=\"\" width=\"536\" height=\"326\" \/><\/a><\/p>\n<p>&nbsp;<\/p>\n<p><strong>La aemet confirma la DANA ( depresi\u00f3n aislada en altura). Por este motivo ha sacado una nota informativa en su p\u00e1gina.<\/strong><\/p>\n<p><a href=\"https:\/\/blogs.diariosur.es\/tormentas-y-rayos\/2013\/08\/27\/ultima-hora-la-aemet-confirma-la-dana-aviso-amarillo-por-tormentas-en-antequera-y-ronda-el-miercoles-el-jueves-en-malaga-capital\/nota-infor\/\" rel=\"attachment wp-att-6421\"><img loading=\"lazy\" class=\"aligncenter size-large wp-image-6421\" title=\"nota infor\" src=\"\/tormentas-y-rayos\/wp-content\/uploads\/sites\/12\/2013\/08\/nota-infor.jpg\" alt=\"\" width=\"645\" height=\"600\" srcset=\"https:\/\/static-blogs.diariosur.es\/wp-content\/uploads\/sites\/12\/2013\/08\/nota-infor.jpg 731w, https:\/\/static-blogs.diariosur.es\/wp-content\/uploads\/sites\/12\/2013\/08\/nota-infor-431x400.jpg 431w\" sizes=\"(max-width: 645px) 100vw, 645px\" \/><\/a><\/p>\n<p>&nbsp;<\/p>\n<p><span style=\"color: #ff0000;\"><strong><a href=\"https:\/\/blogs.diariosur.es\/tormentas-y-rayos\/2013\/08\/24\/se-confirman-las-tormentas-en-el-litoral-mediterraneo-aviso-amarillo-por-que-se-da-esta-situacion-y-como-nos-puede-afectar\/\">Para no saturaros de mapas, os pongo de nuevo el enlace que abr\u00ed el dia pasado, para que comprend\u00e1is porque se esta dando esta t\u00edpica situaci\u00f3n fin de verano.<\/a><\/strong><\/span><\/p>\n<p>&nbsp;<\/p>\n<p><strong>Desde la noche del domingo y hasta hoy martes lo que nos ha estado afectando es una vaguada, que ha dejado esas fuertes tormentas que la gran mayor\u00eda hemos visto en los medios informativos. Pero a partir del mi\u00e9rcoles una bolsa de aire fr\u00edo llegara desde el norte de la\u00a0pen\u00ednsula\u00a0recorri\u00e9ndola de norte a sur. Esta bolsa de aire frio se aislara de la circulaci\u00f3n general y tendr\u00e1 reflejo en altura, con lo cual estamos hablando de una dana. \u00a0Esta dana tomara sentido cicl\u00f3nico, es decir la nubes ir\u00e1n al sentido contrario de las agujas de un reloj, para que me entend\u00e1is. <\/strong><\/p>\n<p><strong>Todos me preguntareis va a llover mucho? Aunque entremos en avisos amarillos en casi toda Andaluc\u00eda, aun no hay nada claro.<\/strong><\/p>\n<p><strong>Por lo pronto explicaros que el lunes a ultima hora, pon\u00edan esta dana en el Golfo de C\u00e1diz, concretamente el modelo Hirlam que ya la ve\u00eda venir desde hace dias, pero ahora mismo en la nueva actualizaci\u00f3n la deja casi est\u00e1tica en el centro peninsular,\u00a0Tambi\u00e9n\u00a0hay otros modelos que no dan dana, si no una vaguada estirada, os paso unas capturas.\u00a0Fuente\u00a0Aemet modelo hirlam<\/strong><\/p>\n<p><a href=\"https:\/\/blogs.diariosur.es\/tormentas-y-rayos\/2013\/08\/27\/ultima-hora-la-aemet-confirma-la-dana-aviso-amarillo-por-tormentas-en-antequera-y-ronda-el-miercoles-el-jueves-en-malaga-capital\/depresion-aislada\/\" rel=\"attachment wp-att-6422\"><img loading=\"lazy\" class=\"aligncenter size-medium wp-image-6422\" title=\"depresion aislada\" src=\"\/tormentas-y-rayos\/wp-content\/uploads\/sites\/12\/2013\/08\/depresion-aislada.jpg\" alt=\"\" width=\"600\" height=\"360\" srcset=\"https:\/\/static-blogs.diariosur.es\/wp-content\/uploads\/sites\/12\/2013\/08\/depresion-aislada.jpg 718w, https:\/\/static-blogs.diariosur.es\/wp-content\/uploads\/sites\/12\/2013\/08\/depresion-aislada-640x384.jpg 640w\" sizes=\"(max-width: 600px) 100vw, 600px\" \/><\/a><\/p>\n<p><a href=\"https:\/\/blogs.diariosur.es\/tormentas-y-rayos\/2013\/08\/27\/ultima-hora-la-aemet-confirma-la-dana-aviso-amarillo-por-tormentas-en-antequera-y-ronda-el-miercoles-el-jueves-en-malaga-capital\/500hpa\/\" rel=\"attachment wp-att-6423\"><img loading=\"lazy\" class=\"aligncenter size-medium wp-image-6423\" title=\"500hpa\" src=\"\/tormentas-y-rayos\/wp-content\/uploads\/sites\/12\/2013\/08\/500hpa.jpg\" alt=\"\" width=\"499\" height=\"400\" srcset=\"https:\/\/static-blogs.diariosur.es\/wp-content\/uploads\/sites\/12\/2013\/08\/500hpa.jpg 757w, https:\/\/static-blogs.diariosur.es\/wp-content\/uploads\/sites\/12\/2013\/08\/500hpa-500x400.jpg 500w\" sizes=\"(max-width: 499px) 100vw, 499px\" \/><\/a><\/p>\n<p>&nbsp;<\/p>\n<p>&nbsp;<\/p>\n<p><strong>En la primera se ve claramente su posici\u00f3n en el Golfo de C\u00e1diz y en la segunda imagen casi en la vertical de Madrid. Si al final llega al Golfo de Cadiz \u00a0y pasa por el Estrecho \u00a0tendremos lluvias y tormentas en casi toda Andaluc\u00eda. Si se queda en el centro peninsular donde menos\u00a0llover\u00e1\u00a0sera en M\u00e1laga Capital , ya que los vientos\u00a0entrar\u00edan\u00a0aterralados y secos.<\/strong><\/p>\n<p><strong>Os explico f\u00e1cilmente como act\u00faa una dana y porque muchas veces no deja en algunos puntos ni una gota. <\/strong><\/p>\n<p><strong>\u00a0En las danas su parte mas activa en la zona oriental de la misma, en esta zona es donde se producen las nubes tormentosas, ya que hay distintas masas de aire, se le conoce por zona de difluencia o salidas de vientos. Por contra \u00a0en la \u00a0parte norte de la dana solo hay nubes altas. Incluso en el centro de la dana que es donde el aire esta mas frio, apenas se suelen producir tormentas.\u00a0<\/strong><\/p>\n<p><strong>De momento no esta claro como nos afectara a los andaluces, hay modelos que dan fuertes tormentas y otros chubascos. Pienso que hasta ultima hora de esta tarde <span style=\"color: #ff0000;\">no se\u00a0sabr\u00e1\u00a0la posici\u00f3n que tome esta dana<\/span>, o si al final se quedara en una nueva\u00a0vaguada.\u00a0<\/strong><\/p>\n<p><span style=\"color: #0000ff;\"><strong>Hoy martes de nuevo veremos bonitos desarrollos , como los que se dieron ayer<\/strong>. <strong>En estos momentos ya hay se\u00f1ales en el cielo que anuncian esas tormentas. Pienso que esos desarrollos se formaran tambien en nuestra provincia hoy.<\/strong><\/span><\/p>\n<p><span style=\"color: #0000ff;\"><strong> Os paso una foto de las diez de la ma\u00f1ana.<\/strong><\/span><\/p>\n<p>&nbsp;<\/p>\n<p><a href=\"https:\/\/blogs.diariosur.es\/tormentas-y-rayos\/2013\/08\/27\/ultima-hora-la-aemet-confirma-la-dana-aviso-amarillo-por-tormentas-en-antequera-y-ronda-el-miercoles-el-jueves-en-malaga-capital\/olympus-digital-camera-1410\/\" rel=\"attachment wp-att-6427\"><img loading=\"lazy\" class=\"aligncenter size-full wp-image-6427\" title=\"OLYMPUS DIGITAL CAMERA\" src=\"\/tormentas-y-rayos\/wp-content\/uploads\/sites\/12\/2013\/08\/0010011.jpg\" alt=\"\" width=\"660\" height=\"495\" srcset=\"https:\/\/static-blogs.diariosur.es\/wp-content\/uploads\/sites\/12\/2013\/08\/0010011.jpg 660w, https:\/\/static-blogs.diariosur.es\/wp-content\/uploads\/sites\/12\/2013\/08\/0010011-533x400.jpg 533w\" sizes=\"(max-width: 660px) 100vw, 660px\" \/><\/a><\/p>\n<p>&nbsp;<\/p>\n<p>&nbsp;<\/p>\n<p><span style=\"color: #ff0000;\"><strong>De nuevo Almeria, Granada y J\u00e1en est\u00e1n en avisos amarillos por tormentas hoy martes.<\/strong><\/span><\/p>\n<p><a href=\"https:\/\/blogs.diariosur.es\/tormentas-y-rayos\/2013\/08\/27\/ultima-hora-la-aemet-confirma-la-dana-aviso-amarillo-por-tormentas-en-antequera-y-ronda-el-miercoles-el-jueves-en-malaga-capital\/captura-165\/\" rel=\"attachment wp-att-6428\"><img loading=\"lazy\" class=\"aligncenter size-full wp-image-6428\" title=\"Captura\" src=\"\/tormentas-y-rayos\/wp-content\/uploads\/sites\/12\/2013\/08\/Captura6.jpg\" alt=\"\" width=\"546\" height=\"412\" srcset=\"https:\/\/static-blogs.diariosur.es\/wp-content\/uploads\/sites\/12\/2013\/08\/Captura6.jpg 546w, https:\/\/static-blogs.diariosur.es\/wp-content\/uploads\/sites\/12\/2013\/08\/Captura6-530x400.jpg 530w\" sizes=\"(max-width: 546px) 100vw, 546px\" \/><\/a><\/p>\n<p><span style=\"color: #0000ff;\"><strong>Os pongo dos fotos de la tormenta que se genero ayer lunes en la provincia de Granada.<\/strong><\/span><\/p>\n<p><strong><span style=\"color: #0000ff;\">Nuestra amiga Maril\u00f3 D\u00edaz nos manda esta foto que tomo desde la playa cuando la tormenta tomaba protagonismo.<\/span><\/strong><\/p>\n<p><a href=\"https:\/\/blogs.diariosur.es\/tormentas-y-rayos\/2013\/08\/27\/ultima-hora-la-aemet-confirma-la-dana-aviso-amarillo-por-tormentas-en-antequera-y-ronda-el-miercoles-el-jueves-en-malaga-capital\/1278110_251789598279255_2013845072_o1278110_251789598279255_2013845072_o\/\" rel=\"attachment wp-att-6424\"><img loading=\"lazy\" class=\"aligncenter size-full wp-image-6424\" title=\"1278110_251789598279255_2013845072_o1278110_251789598279255_2013845072_o\" src=\"\/tormentas-y-rayos\/wp-content\/uploads\/sites\/12\/2013\/08\/1278110_251789598279255_2013845072_o1278110_251789598279255_2013845072_o.jpg\" alt=\"\" width=\"660\" height=\"495\" srcset=\"https:\/\/static-blogs.diariosur.es\/wp-content\/uploads\/sites\/12\/2013\/08\/1278110_251789598279255_2013845072_o1278110_251789598279255_2013845072_o.jpg 660w, https:\/\/static-blogs.diariosur.es\/wp-content\/uploads\/sites\/12\/2013\/08\/1278110_251789598279255_2013845072_o1278110_251789598279255_2013845072_o-533x400.jpg 533w\" sizes=\"(max-width: 660px) 100vw, 660px\" \/><\/a><\/p>\n<p><span style=\"color: #0000ff;\"><strong>Yo la fotografi\u00e9 cuando\u00a0sal\u00ed\u00a0del curro, ya era un cumulonimbus capillatus, el cual dejo inundaciones en la vega del Genil Granada.<\/strong><\/span><\/p>\n<p><a href=\"https:\/\/blogs.diariosur.es\/tormentas-y-rayos\/2013\/08\/27\/ultima-hora-la-aemet-confirma-la-dana-aviso-amarillo-por-tormentas-en-antequera-y-ronda-el-miercoles-el-jueves-en-malaga-capital\/olympus-digital-camera-1409\/\" rel=\"attachment wp-att-6425\"><img loading=\"lazy\" class=\"aligncenter size-full wp-image-6425\" title=\"OLYMPUS DIGITAL CAMERA\" src=\"\/tormentas-y-rayos\/wp-content\/uploads\/sites\/12\/2013\/08\/CUMULUS.jpg\" alt=\"\" width=\"660\" height=\"495\" srcset=\"https:\/\/static-blogs.diariosur.es\/wp-content\/uploads\/sites\/12\/2013\/08\/CUMULUS.jpg 660w, https:\/\/static-blogs.diariosur.es\/wp-content\/uploads\/sites\/12\/2013\/08\/CUMULUS-533x400.jpg 533w\" sizes=\"(max-width: 660px) 100vw, 660px\" \/><\/a><\/p>\n<p>&nbsp;<\/p>\n<p>&nbsp;<\/p>\n<p><strong>Poco mas que contar amigos, durante esta pr\u00f3xima madrugada pueden caer gotas. Las nubes ma\u00f1ana\u00a0mi\u00e9rcoles\u00a0ser\u00e1n\u00a0las protagonistas, con tormentas por el interior de nuestra provincia.<\/strong><\/p>\n<p><strong>Pedro, muchas gracias por seguir mi blog, gracias a nuestro amigo Lui lo tengo asi de bonito jiji.<\/strong><\/p>\n<p><span style=\"color: #ff0000;\"><strong>Ma\u00f1ana a las diez de la ma\u00f1ana el programa de radio el despertador de RadioVictoria que dirige Roberto Lopez me hace una entrevista. FM 107.1 .\u00a0<\/strong><\/span><\/p>\n<p>&nbsp;<\/p>\n","protected":false},"excerpt":{"rendered":"<p>&nbsp; 30DE AGOSTO BLOG ACTUALIZADO OS PASO EL ENLACE . DANA EN EL INTERIOR, DANONINO EN M\u00c1LAGA,PREVISI\u00d3N DEL TIEMPO &nbsp; &nbsp; Actualizacion 29 de agosto. Buenos dias amigos de la meteo, la dana toma otro camino \u00a0segun el modelo hirlam, llega al norte de cordoba y toma camino hacia las provincias de almeria y murcia. [&hellip;]<\/p>\n","protected":false},"author":16,"featured_media":6431,"comment_status":"open","ping_status":"open","sticky":false,"template":"","format":"standard","meta":[],"categories":[2],"tags":[46,63,91,112,154,307,431,459,485,874,996,1028],"_links":{"self":[{"href":"https:\/\/blogs.diariosur.es\/tormentas-y-rayos\/wp-json\/wp\/v2\/posts\/6420"}],"collection":[{"href":"https:\/\/blogs.diariosur.es\/tormentas-y-rayos\/wp-json\/wp\/v2\/posts"}],"about":[{"href":"https:\/\/blogs.diariosur.es\/tormentas-y-rayos\/wp-json\/wp\/v2\/types\/post"}],"author":[{"embeddable":true,"href":"https:\/\/blogs.diariosur.es\/tormentas-y-rayos\/wp-json\/wp\/v2\/users\/16"}],"replies":[{"embeddable":true,"href":"https:\/\/blogs.diariosur.es\/tormentas-y-rayos\/wp-json\/wp\/v2\/comments?post=6420"}],"version-history":[{"count":0,"href":"https:\/\/blogs.diariosur.es\/tormentas-y-rayos\/wp-json\/wp\/v2\/posts\/6420\/revisions"}],"wp:featuredmedia":[{"embeddable":true,"href":"https:\/\/blogs.diariosur.es\/tormentas-y-rayos\/wp-json\/wp\/v2\/media\/6431"}],"wp:attachment":[{"href":"https:\/\/blogs.diariosur.es\/tormentas-y-rayos\/wp-json\/wp\/v2\/media?parent=6420"}],"wp:term":[{"taxonomy":"category","embeddable":true,"href":"https:\/\/blogs.diariosur.es\/tormentas-y-rayos\/wp-json\/wp\/v2\/categories?post=6420"},{"taxonomy":"post_tag","embeddable":true,"href":"https:\/\/blogs.diariosur.es\/tormentas-y-rayos\/wp-json\/wp\/v2\/tags?post=6420"}],"curies":[{"name":"wp","href":"https:\/\/api.w.org\/{rel}","templated":true}]}}