{"id":6441,"date":"2013-08-30T09:38:02","date_gmt":"2013-08-30T07:38:02","guid":{"rendered":"http:\/\/blogs.diariosur.es\/tormentas-y-rayos\/?p=6441"},"modified":"2013-08-30T09:38:02","modified_gmt":"2013-08-30T07:38:02","slug":"dana-por-el-interior-danonino-en-malaga-alfarnatejo-registra-71-litros-prevision-del-tiempo","status":"publish","type":"post","link":"https:\/\/blogs.diariosur.es\/tormentas-y-rayos\/2013\/08\/30\/dana-por-el-interior-danonino-en-malaga-alfarnatejo-registra-71-litros-prevision-del-tiempo\/","title":{"rendered":"Dana por el interior, danonino en M\u00e1laga. Alfarnatejo registra 71 litros. Previsi\u00f3n del tiempo"},"content":{"rendered":"<p><strong>Buenos dias amigos de la meteo.<\/strong><\/p>\n<p><strong>\u00a0Son las ocho de la ma\u00f1ana, registro 24 grados en M\u00e1laga Capital, pero cuando salia sobre las siete de la ma\u00f1ana de Torre de Benagalb\u00f3n el term\u00f3metro de casa marcaba 20,8. Comentaros que\u00a0vuelve\u00a0la estabilidad a toda\u00a0Andaluc\u00eda. El levante sera el protagonista en las Costas\u00a0Mediterr\u00e1neas\u00a0Andaluzas, las nubes bajas seran abundantes \u00a0de madrugada, que en algun punto de la costa pueden dejar gotas. \u00a0Las m\u00e1ximas\u00a0ir\u00e1n\u00a0subiendo poco<\/strong><\/p>\n<div id=\"like_sentence_199861340146788\" data-sigil=\"marea\">\n<div>\n<div>A\u00a0<a href=\"https:\/\/m.facebook.com\/manuel.angulo.31\" rel=\"external nofollow\">Manuel Angulo<\/a>\u00a0y\u00a0<a href=\"https:\/\/m.facebook.com\/browse\/likes\/?id=199861340146788\" rel=\"external nofollow\">9 personas m\u00e1s<\/a>\u00a0les gusta esto.<\/div>\n<\/div>\n<\/div>\n<div id=\"comments_199861340146788\">\n<div id=\"199927513473504\" data-store=\"{\"deleteCommentURI\":\"\\\/ufi\\\/confirm_delete.php?delete_comment_id=607465&#038;delete_comment_fbid=199927513473504&#038;ft_ent_identifier=199861340146788&#038;gfid=AQBSjptpIJf5v-D2\"}\" data-sigil=\"comment-metadata marea\">\n<div><a href=\"https:\/\/m.facebook.com\/jmartinretamero\" rel=\"external nofollow\"><span style=\"color: #000000;\"><em data-sigil=\"touchable\"><\/em><\/span><\/a><\/p>\n<div><\/div>\n<\/div>\n<\/div>\n<\/div>\n<p><strong>a poco y la humedad tomara tambien protagonismo.<\/strong><\/p>\n<p><strong> Ya de vuelta y con poco tiempo, en un rato me sacan una muela y sigo sin acost\u00fambrame, en una palabra que estoy acojonao.<\/strong><\/p>\n<p><strong>En primer lugar dar las gracias a dos emisoras de radio que en estos dias me han hecho una entrevista. El\u00a0mi\u00e9rcoles\u00a0pasado visite los estudios de Radio Victoria y estuve en el programa el despertador, que presenta este gran profesional de los medios Roberto Lopez. Lo pase genial amigo, un fuerte abrazo para ti y otro para Nadia. Os paso la entrevista.<\/strong><\/p>\n<p>&nbsp;<\/p>\n<p>&nbsp;<\/p>\n<p><a href=\"http:\/\/m.ivoox.com\/entrevista-a-jose-luis-escudero-audios-mp3_rf_2313070_1.html\" rel=\"external nofollow\">http:\/\/m.ivoox.com\/entrevista-a-jose-luis-escudero-audios-mp3_rf_2313070_1.html<\/a><\/p>\n<p><a href=\"https:\/\/blogs.diariosur.es\/tormentas-y-rayos\/2013\/08\/30\/dana-por-el-interior-danonino-en-malaga-alfarnatejo-registra-71-litros-prevision-del-tiempo\/olympus-digital-camera-1411\/\" rel=\"attachment wp-att-6442\"><img loading=\"lazy\" class=\"aligncenter size-full wp-image-6442\" title=\"OLYMPUS DIGITAL CAMERA\" src=\"\/tormentas-y-rayos\/wp-content\/uploads\/sites\/12\/2013\/08\/0010012.jpg\" alt=\"\" width=\"660\" height=\"495\" srcset=\"https:\/\/static-blogs.diariosur.es\/wp-content\/uploads\/sites\/12\/2013\/08\/0010012.jpg 660w, https:\/\/static-blogs.diariosur.es\/wp-content\/uploads\/sites\/12\/2013\/08\/0010012-533x400.jpg 533w\" sizes=\"(max-width: 660px) 100vw, 660px\" \/><\/a><\/p>\n<p><a href=\"https:\/\/blogs.diariosur.es\/tormentas-y-rayos\/2013\/08\/30\/dana-por-el-interior-danonino-en-malaga-alfarnatejo-registra-71-litros-prevision-del-tiempo\/olympus-digital-camera-1412\/\" rel=\"attachment wp-att-6443\"><img loading=\"lazy\" class=\"aligncenter size-full wp-image-6443\" title=\"OLYMPUS DIGITAL CAMERA\" src=\"\/tormentas-y-rayos\/wp-content\/uploads\/sites\/12\/2013\/08\/0020021.jpg\" alt=\"\" width=\"660\" height=\"495\" srcset=\"https:\/\/static-blogs.diariosur.es\/wp-content\/uploads\/sites\/12\/2013\/08\/0020021.jpg 660w, https:\/\/static-blogs.diariosur.es\/wp-content\/uploads\/sites\/12\/2013\/08\/0020021-533x400.jpg 533w\" sizes=\"(max-width: 660px) 100vw, 660px\" \/><\/a><\/p>\n<p>&nbsp;<\/p>\n<p>&nbsp;<\/p>\n<p>&nbsp;<\/p>\n<p>&nbsp;<\/p>\n<p><strong>Ayer jueves me llamo nuestro amigo Jose Manuel Blanco desde Radio Miramar. En su pedazo de programa que se llama el Canto del Gallo, me hizo una entrevista por tel\u00e9fono. Como no hab\u00eda mucha cobertura tuve que subirme a lo mas alto de Torre y desde all\u00ed hable con el. Fue una entrevista muy meteorol\u00f3gica ya que el levante que soplaba era el protagonista de fondo. Un fuerte abrazo Jose.\u00a0<\/strong><\/p>\n<p><a href=\"https:\/\/blogs.diariosur.es\/tormentas-y-rayos\/2013\/08\/30\/dana-por-el-interior-danonino-en-malaga-alfarnatejo-registra-71-litros-prevision-del-tiempo\/captura-166\/\" rel=\"attachment wp-att-6444\"><img loading=\"lazy\" class=\"aligncenter size-medium wp-image-6444\" title=\"Captura\" src=\"\/tormentas-y-rayos\/wp-content\/uploads\/sites\/12\/2013\/08\/Captura7.jpg\" alt=\"\" width=\"600\" height=\"271\" srcset=\"https:\/\/static-blogs.diariosur.es\/wp-content\/uploads\/sites\/12\/2013\/08\/Captura7.jpg 853w, https:\/\/static-blogs.diariosur.es\/wp-content\/uploads\/sites\/12\/2013\/08\/Captura7-640x290.jpg 640w, https:\/\/static-blogs.diariosur.es\/wp-content\/uploads\/sites\/12\/2013\/08\/Captura7-768x348.jpg 768w\" sizes=\"(max-width: 600px) 100vw, 600px\" \/><\/a><\/p>\n<p>&nbsp;<\/p>\n<p>&nbsp;<\/p>\n<p><a href=\"http:\/\/www.ivoox.com\/entrevista-jose-luis-escudero-audios-mp3_rf_2317328_1.html\" rel=\"external nofollow\">http:\/\/www.ivoox.com\/entrevista-jose-luis-escudero-audios-mp3_rf_2317328_1.html<\/a><\/p>\n<p>&nbsp;<\/p>\n<p><strong>Bueno amigos hablemos en fotos de la dana que ha afectado a toda Andaluc\u00eda, pero en especial a Granada. Ayer hablando con nuestro amigo Lui, me jarte de re\u00edr. Me dice Joseeee esto no es una dana, si no un danonino jejeje. En parte lleva raz\u00f3n porque en M\u00e1laga Capital y en Torre de Benagalb\u00f3n solo cayeron tres goterones, que casi no llegan al suelo. Por eso el titulo del post de hoy.<\/strong><\/p>\n<p><strong>\u00a0Muchos critican a la aemet por el aviso amarillo de M\u00e1laga Capital y su costa, ya incluso antes de la una de la tarde tambi\u00e9n pon\u00edan en duda los avisos del interior, que al final si se dieron. Estas situaciones de danas son muy dif\u00edciles de modelizar, fijaros como en apenas 24 horas todos los movimientos que se daban. Dejemos esto y vamos a lo que vamos, que ya se que est\u00e1is deseando ver fotos. Lo primero, comentaros que la mayor precipitaci\u00f3n se produjo ayer en Alfarnatejo con 71 litros, Antequera 18 en apenas 12 minutos, Colmenar 14, Arriate 50 este dato me lo manda mi amigo Alejandro Serrato. Al ser tormentas hay\u00a0pluvi\u00f3metros\u00a0que no han registrado precipitaci\u00f3n, ya que en apenas unos cientos de metros puede caer la mundial y al lado del\u00a0pluvi\u00f3metro\u00a0no.<\/strong><\/p>\n<p><strong>Os paso primeramente dos fotos de mis amigos Alejandro Serrato Delgado y de Manuel Bueno Verdugo.<\/strong><\/p>\n<p><strong>La primera es Arriate, Alejandro al mediod\u00eda me dec\u00eda en facebook que no ca\u00eda nada, le comente que en un par de horas tendr\u00eda tormentas y asi fue, hasta granizo.<\/strong><\/p>\n<p><a href=\"https:\/\/blogs.diariosur.es\/tormentas-y-rayos\/2013\/08\/30\/dana-por-el-interior-danonino-en-malaga-alfarnatejo-registra-71-litros-prevision-del-tiempo\/alejandro-serrato-delgado\/\" rel=\"attachment wp-att-6446\"><img loading=\"lazy\" class=\"aligncenter size-full wp-image-6446\" title=\"alejandro serrato delgado\" src=\"\/tormentas-y-rayos\/wp-content\/uploads\/sites\/12\/2013\/08\/alejandro-serrato-delgado.jpg\" alt=\"\" width=\"660\" height=\"495\" srcset=\"https:\/\/static-blogs.diariosur.es\/wp-content\/uploads\/sites\/12\/2013\/08\/alejandro-serrato-delgado.jpg 660w, https:\/\/static-blogs.diariosur.es\/wp-content\/uploads\/sites\/12\/2013\/08\/alejandro-serrato-delgado-533x400.jpg 533w\" sizes=\"(max-width: 660px) 100vw, 660px\" \/><\/a><\/p>\n<p>&nbsp;<\/p>\n<p><strong>La segunda foto esta tomada en Villanueva de Algaidas por nuestro seguidor del blog Manuel Verdugo, impresionante yunque amigo.<\/strong><\/p>\n<p>&nbsp;<\/p>\n<p><a href=\"https:\/\/blogs.diariosur.es\/tormentas-y-rayos\/2013\/08\/30\/dana-por-el-interior-danonino-en-malaga-alfarnatejo-registra-71-litros-prevision-del-tiempo\/manuel-bueno-verdugo-2\/\" rel=\"attachment wp-att-6447\"><img loading=\"lazy\" class=\"aligncenter size-full wp-image-6447\" title=\"manuel bueno verdugo\" src=\"\/tormentas-y-rayos\/wp-content\/uploads\/sites\/12\/2013\/08\/manuel-bueno-verdugo.jpg\" alt=\"\" width=\"660\" height=\"440\" srcset=\"https:\/\/static-blogs.diariosur.es\/wp-content\/uploads\/sites\/12\/2013\/08\/manuel-bueno-verdugo.jpg 660w, https:\/\/static-blogs.diariosur.es\/wp-content\/uploads\/sites\/12\/2013\/08\/manuel-bueno-verdugo-600x400.jpg 600w\" sizes=\"(max-width: 660px) 100vw, 660px\" \/><\/a><\/p>\n<p>&nbsp;<\/p>\n<p><strong>Os paso un mont\u00f3n de fotos amigos, esta primera esta tomada desde lo alto de Torre de Benagalb\u00f3n hacia la provincia de Granada. Este impresionante cumulonimbus capillatus estaba mas lejos de Granada Capital, figuraros que altura tenia el bicharraco.<\/strong><\/p>\n<p><a href=\"https:\/\/blogs.diariosur.es\/tormentas-y-rayos\/2013\/08\/30\/dana-por-el-interior-danonino-en-malaga-alfarnatejo-registra-71-litros-prevision-del-tiempo\/olympus-digital-camera-1413\/\" rel=\"attachment wp-att-6448\"><img loading=\"lazy\" class=\"aligncenter size-full wp-image-6448\" title=\"OLYMPUS DIGITAL CAMERA\" src=\"\/tormentas-y-rayos\/wp-content\/uploads\/sites\/12\/2013\/08\/008008.jpg\" alt=\"\" width=\"660\" height=\"495\" srcset=\"https:\/\/static-blogs.diariosur.es\/wp-content\/uploads\/sites\/12\/2013\/08\/008008.jpg 660w, https:\/\/static-blogs.diariosur.es\/wp-content\/uploads\/sites\/12\/2013\/08\/008008-533x400.jpg 533w\" sizes=\"(max-width: 660px) 100vw, 660px\" \/><\/a><\/p>\n<p><strong>Estos desarrollos se dieron ayer al mediodia y a ultima hora de la tarde. Estas tormentas eran las que dejaban lluvia por el interior.<\/strong><\/p>\n<p><a href=\"https:\/\/blogs.diariosur.es\/tormentas-y-rayos\/2013\/08\/30\/dana-por-el-interior-danonino-en-malaga-alfarnatejo-registra-71-litros-prevision-del-tiempo\/olympus-digital-camera-1414\/\" rel=\"attachment wp-att-6449\"><img loading=\"lazy\" class=\"aligncenter size-full wp-image-6449\" title=\"OLYMPUS DIGITAL CAMERA\" src=\"\/tormentas-y-rayos\/wp-content\/uploads\/sites\/12\/2013\/08\/034034.jpg\" alt=\"\" width=\"660\" height=\"495\" srcset=\"https:\/\/static-blogs.diariosur.es\/wp-content\/uploads\/sites\/12\/2013\/08\/034034.jpg 660w, https:\/\/static-blogs.diariosur.es\/wp-content\/uploads\/sites\/12\/2013\/08\/034034-533x400.jpg 533w\" sizes=\"(max-width: 660px) 100vw, 660px\" \/><\/a><\/p>\n<p>&nbsp;<\/p>\n<p><a href=\"https:\/\/blogs.diariosur.es\/tormentas-y-rayos\/2013\/08\/30\/dana-por-el-interior-danonino-en-malaga-alfarnatejo-registra-71-litros-prevision-del-tiempo\/olympus-digital-camera-1415\/\" rel=\"attachment wp-att-6450\"><img loading=\"lazy\" class=\"aligncenter size-full wp-image-6450\" title=\"OLYMPUS DIGITAL CAMERA\" src=\"\/tormentas-y-rayos\/wp-content\/uploads\/sites\/12\/2013\/08\/046046.jpg\" alt=\"\" width=\"660\" height=\"495\" srcset=\"https:\/\/static-blogs.diariosur.es\/wp-content\/uploads\/sites\/12\/2013\/08\/046046.jpg 660w, https:\/\/static-blogs.diariosur.es\/wp-content\/uploads\/sites\/12\/2013\/08\/046046-533x400.jpg 533w\" sizes=\"(max-width: 660px) 100vw, 660px\" \/><\/a><\/p>\n<p>&nbsp;<\/p>\n<p><strong>Os paso unas cuantas de los atardeceres del\u00a0mi\u00e9rcoles\u00a0y el jueves. Y me despido de vosotros hasta el domingo, un abrazo<\/strong><\/p>\n<p><a href=\"https:\/\/blogs.diariosur.es\/tormentas-y-rayos\/2013\/08\/30\/dana-por-el-interior-danonino-en-malaga-alfarnatejo-registra-71-litros-prevision-del-tiempo\/olympus-digital-camera-1416\/\" rel=\"attachment wp-att-6451\"><img loading=\"lazy\" class=\"aligncenter size-full wp-image-6451\" title=\"OLYMPUS DIGITAL CAMERA\" src=\"\/tormentas-y-rayos\/wp-content\/uploads\/sites\/12\/2013\/08\/012012-vert.jpg\" alt=\"\" width=\"660\" height=\"2475\" srcset=\"https:\/\/static-blogs.diariosur.es\/wp-content\/uploads\/sites\/12\/2013\/08\/012012-vert.jpg 660w, https:\/\/static-blogs.diariosur.es\/wp-content\/uploads\/sites\/12\/2013\/08\/012012-vert-107x400.jpg 107w\" sizes=\"(max-width: 660px) 100vw, 660px\" \/><\/a><\/p>\n<p>&nbsp;<\/p>\n","protected":false},"excerpt":{"rendered":"<p>Buenos dias amigos de la meteo. \u00a0Son las ocho de la ma\u00f1ana, registro 24 grados en M\u00e1laga Capital, pero cuando salia sobre las siete de la ma\u00f1ana de Torre de Benagalb\u00f3n el term\u00f3metro de casa marcaba 20,8. Comentaros que\u00a0vuelve\u00a0la estabilidad a toda\u00a0Andaluc\u00eda. El levante sera el protagonista en las Costas\u00a0Mediterr\u00e1neas\u00a0Andaluzas, las nubes bajas seran abundantes [&hellip;]<\/p>\n","protected":false},"author":16,"featured_media":6450,"comment_status":"open","ping_status":"open","sticky":false,"template":"","format":"standard","meta":[],"categories":[2],"tags":[73,307,308,569,587,809,980],"_links":{"self":[{"href":"https:\/\/blogs.diariosur.es\/tormentas-y-rayos\/wp-json\/wp\/v2\/posts\/6441"}],"collection":[{"href":"https:\/\/blogs.diariosur.es\/tormentas-y-rayos\/wp-json\/wp\/v2\/posts"}],"about":[{"href":"https:\/\/blogs.diariosur.es\/tormentas-y-rayos\/wp-json\/wp\/v2\/types\/post"}],"author":[{"embeddable":true,"href":"https:\/\/blogs.diariosur.es\/tormentas-y-rayos\/wp-json\/wp\/v2\/users\/16"}],"replies":[{"embeddable":true,"href":"https:\/\/blogs.diariosur.es\/tormentas-y-rayos\/wp-json\/wp\/v2\/comments?post=6441"}],"version-history":[{"count":0,"href":"https:\/\/blogs.diariosur.es\/tormentas-y-rayos\/wp-json\/wp\/v2\/posts\/6441\/revisions"}],"wp:featuredmedia":[{"embeddable":true,"href":"https:\/\/blogs.diariosur.es\/tormentas-y-rayos\/wp-json\/wp\/v2\/media\/6450"}],"wp:attachment":[{"href":"https:\/\/blogs.diariosur.es\/tormentas-y-rayos\/wp-json\/wp\/v2\/media?parent=6441"}],"wp:term":[{"taxonomy":"category","embeddable":true,"href":"https:\/\/blogs.diariosur.es\/tormentas-y-rayos\/wp-json\/wp\/v2\/categories?post=6441"},{"taxonomy":"post_tag","embeddable":true,"href":"https:\/\/blogs.diariosur.es\/tormentas-y-rayos\/wp-json\/wp\/v2\/tags?post=6441"}],"curies":[{"name":"wp","href":"https:\/\/api.w.org\/{rel}","templated":true}]}}