{"id":6453,"date":"2013-09-01T09:18:21","date_gmt":"2013-09-01T07:18:21","guid":{"rendered":"http:\/\/blogs.diariosur.es\/tormentas-y-rayos\/?p=6453"},"modified":"2019-04-20T11:20:48","modified_gmt":"2019-04-20T09:20:48","slug":"volviste-a-pilotar-esta-vez-para-descansar-entre-las-nubes","status":"publish","type":"post","link":"https:\/\/blogs.diariosur.es\/tormentas-y-rayos\/2013\/09\/01\/volviste-a-pilotar-esta-vez-para-descansar-entre-las-nubes\/","title":{"rendered":"Volviste a pilotar, esta vez para descansar entre las nubes."},"content":{"rendered":"<p>&nbsp;<\/p>\n<p><a href=\"https:\/\/blogs.diariosur.es\/tormentas-y-rayos\/2013\/09\/01\/volviste-a-pilotar-esta-vez-para-descansar-entre-las-nubes\/maria-canals-estevamaria-canals-esteva-2\/\" rel=\"attachment wp-att-6471\"><img loading=\"lazy\" class=\"aligncenter size-full wp-image-6471\" title=\"maria Canals Estevamaria Canals Esteva\" src=\"\/tormentas-y-rayos\/wp-content\/uploads\/sites\/12\/2013\/09\/maria-Canals-Estevamaria-Canals-Esteva1.jpg\" alt=\"\" width=\"660\" height=\"493\" srcset=\"https:\/\/static-blogs.diariosur.es\/wp-content\/uploads\/sites\/12\/2013\/09\/maria-Canals-Estevamaria-Canals-Esteva1.jpg 660w, https:\/\/static-blogs.diariosur.es\/wp-content\/uploads\/sites\/12\/2013\/09\/maria-Canals-Estevamaria-Canals-Esteva1-535x400.jpg 535w\" sizes=\"(max-width: 660px) 100vw, 660px\" \/><\/a><\/p>\n<p><span style=\"color: #0000ff;\"><strong>Hola amigos de la meteo.<\/strong><\/span><\/p>\n<p><span style=\"color: #0000ff;\"><strong>\u00a0Me vais a permitir que hoy nos os de la previsi\u00f3n del tiempo. El post de hoy se lo quiero dedicar a mi padre que falleci\u00f3 el viernes pasado. Gracias a \u00e9l y a mi madre desde que ten\u00eda un par de a\u00f1os tengo esta pasi\u00f3n por la meteorolog\u00eda, estando en la cuna y escuchando llover o tronar me abr\u00edan las ventanas para que mirara al cielo.<\/strong><\/span><\/p>\n<p><span style=\"color: #0000ff;\"><a href=\"https:\/\/blogs.diariosur.es\/tormentas-y-rayos\/2013\/09\/01\/volviste-a-pilotar-esta-vez-para-descansar-entre-las-nubes\/olympus-digital-camera-1420\/\" rel=\"attachment wp-att-6457\"><span style=\"color: #0000ff;\"><img loading=\"lazy\" class=\"aligncenter size-full wp-image-6457\" title=\"OLYMPUS DIGITAL CAMERA\" src=\"\/tormentas-y-rayos\/wp-content\/uploads\/sites\/12\/2013\/09\/CONVAR8CONVAR8.jpg\" alt=\"\" width=\"660\" height=\"495\" srcset=\"https:\/\/static-blogs.diariosur.es\/wp-content\/uploads\/sites\/12\/2013\/09\/CONVAR8CONVAR8.jpg 660w, https:\/\/static-blogs.diariosur.es\/wp-content\/uploads\/sites\/12\/2013\/09\/CONVAR8CONVAR8-533x400.jpg 533w\" sizes=\"(max-width: 660px) 100vw, 660px\" \/><\/span><\/a><\/span><\/p>\n<p><span style=\"color: #0000ff;\"><strong>Mi padre como muchos sab\u00e9is era mec\u00e1nico especialista del Ej\u00e9rcito del Aire, en eso no he salido a \u00e9l, ya que hay veces que no se si un tornillo se aprieta hacia la izquierda o a la derecha. Su ilusi\u00f3n era que fuese piloto, pero no pudo ser verdad papa, corr\u00ed mucho en la vida, \u00a0pero a cambio \u00a0te di dos pedazos de nieta, que te echaran mucho de menos.\u00a0<\/strong><\/span><\/p>\n<p><span style=\"color: #0000ff;\"><a href=\"https:\/\/blogs.diariosur.es\/tormentas-y-rayos\/2013\/09\/01\/volviste-a-pilotar-esta-vez-para-descansar-entre-las-nubes\/escanear0001-5\/\" rel=\"attachment wp-att-6458\"><span style=\"color: #0000ff;\"><img loading=\"lazy\" class=\"aligncenter size-full wp-image-6458\" title=\"escanear0001 (5)\" src=\"\/tormentas-y-rayos\/wp-content\/uploads\/sites\/12\/2013\/09\/escanear0001-5.jpg\" alt=\"\" width=\"660\" height=\"465\" srcset=\"https:\/\/static-blogs.diariosur.es\/wp-content\/uploads\/sites\/12\/2013\/09\/escanear0001-5.jpg 660w, https:\/\/static-blogs.diariosur.es\/wp-content\/uploads\/sites\/12\/2013\/09\/escanear0001-5-568x400.jpg 568w\" sizes=\"(max-width: 660px) 100vw, 660px\" \/><\/span><\/a><\/span><\/p>\n<p><a href=\"https:\/\/blogs.diariosur.es\/tormentas-y-rayos\/2013\/09\/01\/volviste-a-pilotar-esta-vez-para-descansar-entre-las-nubes\/olympus-digital-camera-1425\/\" rel=\"attachment wp-att-6469\"><img loading=\"lazy\" class=\"aligncenter size-full wp-image-6469\" title=\"OLYMPUS DIGITAL CAMERA\" src=\"\/tormentas-y-rayos\/wp-content\/uploads\/sites\/12\/2013\/09\/bbbb.jpg\" alt=\"\" width=\"400\" height=\"300\" \/><\/a><\/p>\n<p><a href=\"https:\/\/blogs.diariosur.es\/tormentas-y-rayos\/2013\/09\/01\/volviste-a-pilotar-esta-vez-para-descansar-entre-las-nubes\/olympus-digital-camera-1424\/\" rel=\"attachment wp-att-6467\"><img loading=\"lazy\" class=\"aligncenter size-full wp-image-6467\" title=\"OLYMPUS DIGITAL CAMERA\" src=\"\/tormentas-y-rayos\/wp-content\/uploads\/sites\/12\/2013\/09\/034034.jpg\" alt=\"\" width=\"660\" height=\"495\" srcset=\"https:\/\/static-blogs.diariosur.es\/wp-content\/uploads\/sites\/12\/2013\/09\/034034.jpg 660w, https:\/\/static-blogs.diariosur.es\/wp-content\/uploads\/sites\/12\/2013\/09\/034034-533x400.jpg 533w\" sizes=\"(max-width: 660px) 100vw, 660px\" \/><\/a><\/p>\n<p><span style=\"color: #0000ff;\"><strong>Tengo y tendr\u00e9 muchos recuerdos de \u00e9l, que me gustar\u00eda contarlos, ya que estos recuerdos van relacionados con la meteorolog\u00eda.<\/strong><\/span><\/p>\n<p><span style=\"color: #0000ff;\"><strong>Hace mucho tiempo me\u00a0cont\u00f3\u00a0 que en su pueblo de Sari\u00f1ena \u00a0( mi padre es ma\u00f1o), cuando tenia 12 a\u00f1os y se ba\u00f1aba\u00a0 con m\u00e1s ni\u00f1os en los r\u00edos Alcanabre y Flumen y digo r\u00edos porque los dos se unen a escasos metros del pueblo. Dio la voz de alarma porque ven\u00eda una riada. Unas horas antes vio que hab\u00eda una fuerte tormenta \u00a0veraniega donde suelen nacer estos dos r\u00edos y cuando vio que el agua tomaba un color turbio saco a todos del agua, a los pocos minutos el nivel del\u00a0r\u00edo\u00a0fue impresionante.<\/strong><\/span><\/p>\n<p><span style=\"color: #0000ff;\"><strong>Recuerdo tambi\u00e9n que con el seat 850 me llevaba a las Cuesta de la Reina para que viera la nieve, o al Paseo Mar\u00edtimo de la Farola cuando aun no hab\u00eda playa y las olas de levante chocaban impresionantes. Lo que si me costaba mas trabajo convencerlo era que me llevara al morro antiguo, me acuerdo que me frunc\u00eda el bigote, pero al final me llevaba. Antiguamente con un temporal grande era peligroso estar alli.<\/strong><\/span><\/p>\n<p><span style=\"color: #0000ff;\"><strong>Y que os digo cuando \u00edbamos al Rio Guadalhorce y Campanillas para que viera la fuerza que tra\u00eda el rio. \u00a0Estando destinado en Mor\u00f3n de la Frontera, me levant\u00f3 muy temprano y me subi\u00f3 al autob\u00fas que llevaba a los militares a la base, nada mas llegar flipe al ver todo el campo blanco y no porque hab\u00eda nevado si no por la escarcha. Es su nuevo destino en Armilla, ya tendr\u00eda yo 24 a\u00f1os, hablo con un amigo suyo coronel y me subi\u00f3 en una bucker igual a la de la foto de arriba. Lo pase pipa viendo los neveros de Sierra Nevada y tocando las nubes.\u00a0<\/strong><\/span><\/p>\n<p><span style=\"color: #0000ff;\"><strong>Sab\u00e9is cual ha sido mi mejor regalo de Reyes y que aun conservo, pues un prism\u00e1tico que me regalaron mis padres cuando ten\u00eda 10 a\u00f1os. Es un super zenith 20&#215;50, mi padre fue a Ceuta a comprarlo porque en M\u00e1laga no quedaban, y yo a los reyes les hab\u00eda pedido unos con muchos aumentos. Yo flipe ese dia de reyes, lo primero que hice fue mirar con \u00e9l a las nubes y mas tarde desde el barrio quedarme boquiabierto cuando con el prism\u00e1tico acerque la Sierra de las Nieves y parec\u00eda que pod\u00eda tocarla, ya que estaba petada de nieve. Hay muchos mas recuerdos relacionados con la meteorolog\u00eda, pero no quiero aburriros.<\/strong><\/span><\/p>\n<p><span style=\"color: #0000ff;\"><strong>Curiosamente ayer \u00a0s\u00e1bado de madrugada se quiso despedir de mi y me dejo un amanecer con un mont\u00f3n de nubes, incluso un fuerte chaparr\u00f3n. Un beso muy grande de toda tu familia, te quiero un mont\u00f3n.<\/strong><\/span><\/p>\n<p><span style=\"color: #0000ff;\"><a href=\"https:\/\/blogs.diariosur.es\/tormentas-y-rayos\/2013\/09\/01\/volviste-a-pilotar-esta-vez-para-descansar-entre-las-nubes\/attachment\/032032\/\" rel=\"attachment wp-att-6460\"><span style=\"color: #0000ff;\"><img loading=\"lazy\" class=\"aligncenter size-full wp-image-6460\" title=\"032032\" src=\"\/tormentas-y-rayos\/wp-content\/uploads\/sites\/12\/2013\/09\/032032.jpg\" alt=\"\" width=\"660\" height=\"493\" srcset=\"https:\/\/static-blogs.diariosur.es\/wp-content\/uploads\/sites\/12\/2013\/09\/032032.jpg 660w, https:\/\/static-blogs.diariosur.es\/wp-content\/uploads\/sites\/12\/2013\/09\/032032-535x400.jpg 535w\" sizes=\"(max-width: 660px) 100vw, 660px\" \/><\/span><\/a><\/span><\/p>\n<p>&nbsp;<\/p>\n<p>&nbsp;<\/p>\n<p>&nbsp;<\/p>\n<p>&nbsp;<\/p>\n<p><span style=\"color: #0000ff;\"><strong>Muchas gracias a todos por las muestra de cari\u00f1o que hemos recibido, un fuerte abrazo.<\/strong><\/span><\/p>\n<p><span style=\"color: #008000;\"><strong>Un beso muy fuerte de Emila, Carla, Estefania y Lidia.<\/strong><\/span><\/p>\n<p><strong>Siempre te veremos en el cielo. Foto Maria Canals Esteva<\/strong><\/p>\n<p>&nbsp;<\/p>\n<p>&nbsp;<\/p>\n<p><strong><a href=\"https:\/\/blogs.diariosur.es\/tormentas-y-rayos\/2013\/09\/01\/volviste-a-pilotar-esta-vez-para-descansar-entre-las-nubes\/maria-canals-estevamaria-canals-esteva\/\" rel=\"attachment wp-att-6468\"><img loading=\"lazy\" class=\"aligncenter size-full wp-image-6468\" title=\"maria Canals Estevamaria Canals Esteva\" src=\"\/tormentas-y-rayos\/wp-content\/uploads\/sites\/12\/2013\/09\/maria-Canals-Estevamaria-Canals-Esteva.jpg\" alt=\"\" width=\"660\" height=\"493\" srcset=\"https:\/\/static-blogs.diariosur.es\/wp-content\/uploads\/sites\/12\/2013\/09\/maria-Canals-Estevamaria-Canals-Esteva.jpg 660w, https:\/\/static-blogs.diariosur.es\/wp-content\/uploads\/sites\/12\/2013\/09\/maria-Canals-Estevamaria-Canals-Esteva-535x400.jpg 535w\" sizes=\"(max-width: 660px) 100vw, 660px\" \/><\/a><\/strong><\/p>\n<p>&nbsp;<\/p>\n<p>&nbsp;<\/p>\n","protected":false},"excerpt":{"rendered":"<p>&nbsp; Hola amigos de la meteo. \u00a0Me vais a permitir que hoy nos os de la previsi\u00f3n del tiempo. El post de hoy se lo quiero dedicar a mi padre que falleci\u00f3 el viernes pasado. Gracias a \u00e9l y a mi madre desde que ten\u00eda un par de a\u00f1os tengo esta pasi\u00f3n por la meteorolog\u00eda, [&hellip;]<\/p>\n","protected":false},"author":16,"featured_media":6472,"comment_status":"open","ping_status":"open","sticky":false,"template":"","format":"standard","meta":[],"categories":[2],"tags":[],"_links":{"self":[{"href":"https:\/\/blogs.diariosur.es\/tormentas-y-rayos\/wp-json\/wp\/v2\/posts\/6453"}],"collection":[{"href":"https:\/\/blogs.diariosur.es\/tormentas-y-rayos\/wp-json\/wp\/v2\/posts"}],"about":[{"href":"https:\/\/blogs.diariosur.es\/tormentas-y-rayos\/wp-json\/wp\/v2\/types\/post"}],"author":[{"embeddable":true,"href":"https:\/\/blogs.diariosur.es\/tormentas-y-rayos\/wp-json\/wp\/v2\/users\/16"}],"replies":[{"embeddable":true,"href":"https:\/\/blogs.diariosur.es\/tormentas-y-rayos\/wp-json\/wp\/v2\/comments?post=6453"}],"version-history":[{"count":3,"href":"https:\/\/blogs.diariosur.es\/tormentas-y-rayos\/wp-json\/wp\/v2\/posts\/6453\/revisions"}],"predecessor-version":[{"id":24068,"href":"https:\/\/blogs.diariosur.es\/tormentas-y-rayos\/wp-json\/wp\/v2\/posts\/6453\/revisions\/24068"}],"wp:featuredmedia":[{"embeddable":true,"href":"https:\/\/blogs.diariosur.es\/tormentas-y-rayos\/wp-json\/wp\/v2\/media\/6472"}],"wp:attachment":[{"href":"https:\/\/blogs.diariosur.es\/tormentas-y-rayos\/wp-json\/wp\/v2\/media?parent=6453"}],"wp:term":[{"taxonomy":"category","embeddable":true,"href":"https:\/\/blogs.diariosur.es\/tormentas-y-rayos\/wp-json\/wp\/v2\/categories?post=6453"},{"taxonomy":"post_tag","embeddable":true,"href":"https:\/\/blogs.diariosur.es\/tormentas-y-rayos\/wp-json\/wp\/v2\/tags?post=6453"}],"curies":[{"name":"wp","href":"https:\/\/api.w.org\/{rel}","templated":true}]}}