{"id":6462,"date":"2013-09-02T13:41:08","date_gmt":"2013-09-02T11:41:08","guid":{"rendered":"http:\/\/blogs.diariosur.es\/tormentas-y-rayos\/?p=6462"},"modified":"2013-09-02T13:41:08","modified_gmt":"2013-09-02T11:41:08","slug":"el-levante-protagonista-subida-de-temperaturas-posible-borrasca-a-partir-del-jueves","status":"publish","type":"post","link":"https:\/\/blogs.diariosur.es\/tormentas-y-rayos\/2013\/09\/02\/el-levante-protagonista-subida-de-temperaturas-posible-borrasca-a-partir-del-jueves\/","title":{"rendered":"El levante protagonista. Subida de temperaturas. Posible borrasca a partir del jueves."},"content":{"rendered":"<p><strong>Buenas tardes amigos de la meteo.<\/strong><\/p>\n<p><strong>Cuando son la una de la tarde, registr 27,3 grados, una presi\u00f3n de 1019 mb, los cielos est\u00e1n algo nubosos\u00a0 debido al levante y la humedad es del 58 %. <\/strong><\/p>\n<p><strong>Antes de daros la previsi\u00f3n para estos dos primeros d\u00edas de la semana, os quiero dar las gracias por todas las muestras de cari\u00f1o que hemos recibido. Me he emocionado con vuestras fotos, palabras, comentarios, correos etc etc, pues eso, \u00a0que sois todos formidables.<\/strong><\/p>\n<p><strong>Si os soy sincero he visto pocos modelos estos d\u00edas, pero lo que si esta claro es que el levante ser\u00e1 el protagonista hasta el mi\u00e9rcoles el toda la Costa Mediterr\u00e1nea y Atl\u00e1ntica Andaluza.<\/strong><\/p>\n<p><strong>La posici\u00f3n del anticicl\u00f3n en las Islas Brit\u00e1nicas y la baja t\u00e9rmica del norte de \u00c1frica, favorecer\u00e1 la entrada de vientos moderados a fuertes de levante. Os paso un mapa de superficie del hirlam fuente aemet.<\/strong><\/p>\n<p><a href=\"https:\/\/blogs.diariosur.es\/tormentas-y-rayos\/2013\/09\/02\/el-levante-protagonista-subida-de-temperaturas-posible-borrasca-a-partir-del-jueves\/captura-167\/\" rel=\"attachment wp-att-6463\"><img loading=\"lazy\" class=\"aligncenter size-medium wp-image-6463\" title=\"Captura\" src=\"\/tormentas-y-rayos\/wp-content\/uploads\/sites\/12\/2013\/09\/Captura.jpg\" alt=\"\" width=\"600\" height=\"393\" srcset=\"https:\/\/static-blogs.diariosur.es\/wp-content\/uploads\/sites\/12\/2013\/09\/Captura.jpg 716w, https:\/\/static-blogs.diariosur.es\/wp-content\/uploads\/sites\/12\/2013\/09\/Captura-609x400.jpg 609w\" sizes=\"(max-width: 600px) 100vw, 600px\" \/><\/a><\/p>\n<p><strong>Por este motivo la aemet ha activado el aviso amarillo por viento fuerte y fen\u00f3menos costeros en la zona del Estrecho. Las rachas pueden llegar a los 80 km\/h. Otro dato a destacar sera la subida de temperaturas\u00a0m\u00e1ximas\u00a0que se\u00a0dar\u00e1n\u00a0por el Valle del Guadalquivir, \u00a0incluso en el interior de Galicia las\u00a0m\u00e1ximas\u00a0estar\u00e1n\u00a0cercanas a los 37 grados.\u00a0<\/strong><strong>Esto de momento hasta el\u00a0mi\u00e9rcoles.<\/strong><\/p>\n<p><strong>Como os comento en el blog, a partir del jueves se acercara una potente vaguada, que puede originar una borrasca al noroeste de Galicia. Lo que no esta muy claro es como nos puede afectar a los andaluces, nos os quiero poner mapas porque cada seis horas est\u00e1n cambiado la ubicaci\u00f3n de la susodicha. El mi\u00e9rcoles os ver\u00e9 de nuevo y seguro que sabremos mas sobre esta nueva inestabilizaci\u00f3n. <\/strong><\/p>\n<p><strong>Poco mas que contar amigos de la meteo, daros las gracias tambien por la 26,000 visitas recibidas en el mes de Agosto. Un abrazo, nos vemos.<\/strong><\/p>\n<p><strong> Os dejo con algunas fotillos de estos dias.<\/strong><\/p>\n<p>&nbsp;<\/p>\n<p><a href=\"https:\/\/blogs.diariosur.es\/tormentas-y-rayos\/2013\/09\/02\/el-levante-protagonista-subida-de-temperaturas-posible-borrasca-a-partir-del-jueves\/olympus-digital-camera-1421\/\" rel=\"attachment wp-att-6464\"><img loading=\"lazy\" class=\"aligncenter size-full wp-image-6464\" title=\"OLYMPUS DIGITAL CAMERA\" src=\"\/tormentas-y-rayos\/wp-content\/uploads\/sites\/12\/2013\/09\/003003_1.jpg\" alt=\"\" width=\"660\" height=\"495\" srcset=\"https:\/\/static-blogs.diariosur.es\/wp-content\/uploads\/sites\/12\/2013\/09\/003003_1.jpg 660w, https:\/\/static-blogs.diariosur.es\/wp-content\/uploads\/sites\/12\/2013\/09\/003003_1-533x400.jpg 533w\" sizes=\"(max-width: 660px) 100vw, 660px\" \/><\/a><\/p>\n<p><a href=\"https:\/\/blogs.diariosur.es\/tormentas-y-rayos\/2013\/09\/02\/el-levante-protagonista-subida-de-temperaturas-posible-borrasca-a-partir-del-jueves\/olympus-digital-camera-1422\/\" rel=\"attachment wp-att-6465\"><img loading=\"lazy\" class=\"aligncenter size-full wp-image-6465\" title=\"OLYMPUS DIGITAL CAMERA\" src=\"\/tormentas-y-rayos\/wp-content\/uploads\/sites\/12\/2013\/09\/009009.jpg\" alt=\"\" width=\"660\" height=\"495\" srcset=\"https:\/\/static-blogs.diariosur.es\/wp-content\/uploads\/sites\/12\/2013\/09\/009009.jpg 660w, https:\/\/static-blogs.diariosur.es\/wp-content\/uploads\/sites\/12\/2013\/09\/009009-533x400.jpg 533w\" sizes=\"(max-width: 660px) 100vw, 660px\" \/><\/a><\/p>\n<p>&nbsp;<\/p>\n<p><a href=\"https:\/\/blogs.diariosur.es\/tormentas-y-rayos\/2013\/09\/02\/el-levante-protagonista-subida-de-temperaturas-posible-borrasca-a-partir-del-jueves\/olympus-digital-camera-1423\/\" rel=\"attachment wp-att-6466\"><img loading=\"lazy\" class=\"aligncenter size-full wp-image-6466\" title=\"OLYMPUS DIGITAL CAMERA\" src=\"\/tormentas-y-rayos\/wp-content\/uploads\/sites\/12\/2013\/09\/024024.jpg\" alt=\"\" width=\"660\" height=\"495\" srcset=\"https:\/\/static-blogs.diariosur.es\/wp-content\/uploads\/sites\/12\/2013\/09\/024024.jpg 660w, https:\/\/static-blogs.diariosur.es\/wp-content\/uploads\/sites\/12\/2013\/09\/024024-533x400.jpg 533w\" sizes=\"(max-width: 660px) 100vw, 660px\" \/><\/a><\/p>\n","protected":false},"excerpt":{"rendered":"<p>Buenas tardes amigos de la meteo. Cuando son la una de la tarde, registr 27,3 grados, una presi\u00f3n de 1019 mb, los cielos est\u00e1n algo nubosos\u00a0 debido al levante y la humedad es del 58 %. Antes de daros la previsi\u00f3n para estos dos primeros d\u00edas de la semana, os quiero dar las gracias por [&hellip;]<\/p>\n","protected":false},"author":16,"featured_media":6466,"comment_status":"open","ping_status":"open","sticky":false,"template":"","format":"standard","meta":[],"categories":[2],"tags":[188,553,934,961],"_links":{"self":[{"href":"https:\/\/blogs.diariosur.es\/tormentas-y-rayos\/wp-json\/wp\/v2\/posts\/6462"}],"collection":[{"href":"https:\/\/blogs.diariosur.es\/tormentas-y-rayos\/wp-json\/wp\/v2\/posts"}],"about":[{"href":"https:\/\/blogs.diariosur.es\/tormentas-y-rayos\/wp-json\/wp\/v2\/types\/post"}],"author":[{"embeddable":true,"href":"https:\/\/blogs.diariosur.es\/tormentas-y-rayos\/wp-json\/wp\/v2\/users\/16"}],"replies":[{"embeddable":true,"href":"https:\/\/blogs.diariosur.es\/tormentas-y-rayos\/wp-json\/wp\/v2\/comments?post=6462"}],"version-history":[{"count":0,"href":"https:\/\/blogs.diariosur.es\/tormentas-y-rayos\/wp-json\/wp\/v2\/posts\/6462\/revisions"}],"wp:featuredmedia":[{"embeddable":true,"href":"https:\/\/blogs.diariosur.es\/tormentas-y-rayos\/wp-json\/wp\/v2\/media\/6466"}],"wp:attachment":[{"href":"https:\/\/blogs.diariosur.es\/tormentas-y-rayos\/wp-json\/wp\/v2\/media?parent=6462"}],"wp:term":[{"taxonomy":"category","embeddable":true,"href":"https:\/\/blogs.diariosur.es\/tormentas-y-rayos\/wp-json\/wp\/v2\/categories?post=6462"},{"taxonomy":"post_tag","embeddable":true,"href":"https:\/\/blogs.diariosur.es\/tormentas-y-rayos\/wp-json\/wp\/v2\/tags?post=6462"}],"curies":[{"name":"wp","href":"https:\/\/api.w.org\/{rel}","templated":true}]}}