{"id":6473,"date":"2013-09-04T10:15:55","date_gmt":"2013-09-04T08:15:55","guid":{"rendered":"http:\/\/blogs.diariosur.es\/tormentas-y-rayos\/?p=6473"},"modified":"2013-09-04T10:15:55","modified_gmt":"2013-09-04T08:15:55","slug":"vaguada-a-la-vista-se-acerca-el-otono-agosto-2013-ha-sido-calido-y-desigual-en-precipitaciones-segun-la-aemet","status":"publish","type":"post","link":"https:\/\/blogs.diariosur.es\/tormentas-y-rayos\/2013\/09\/04\/vaguada-a-la-vista-se-acerca-el-otono-agosto-2013-ha-sido-calido-y-desigual-en-precipitaciones-segun-la-aemet\/","title":{"rendered":"Vaguada a la vista, se acerca el oto\u00f1o. Agosto 2013 ha sido c\u00e1lido y desigual en precipitaciones seg\u00fan la AEMET."},"content":{"rendered":"<p><span style=\"color: #0000ff;\"><strong>ULTIMA HORA, NOTA INFORMATIVA DE LA AEMET.<\/strong><\/span><\/p>\n<p>&nbsp;<\/p>\n<p>&nbsp;<\/p>\n<p>&nbsp;<\/p>\n<p><a href=\"https:\/\/blogs.diariosur.es\/tormentas-y-rayos\/2013\/09\/04\/vaguada-a-la-vista-se-acerca-el-otono-agosto-2013-ha-sido-calido-y-desigual-en-precipitaciones-segun-la-aemet\/captura-169\/\" rel=\"attachment wp-att-6485\"><img loading=\"lazy\" class=\"aligncenter size-medium wp-image-6485\" title=\"Captura\" src=\"\/tormentas-y-rayos\/wp-content\/uploads\/sites\/12\/2013\/09\/Captura2.jpg\" alt=\"\" width=\"435\" height=\"400\" srcset=\"https:\/\/static-blogs.diariosur.es\/wp-content\/uploads\/sites\/12\/2013\/09\/Captura2.jpg 728w, https:\/\/static-blogs.diariosur.es\/wp-content\/uploads\/sites\/12\/2013\/09\/Captura2-436x400.jpg 436w\" sizes=\"(max-width: 435px) 100vw, 435px\" \/><\/a><\/p>\n<p><strong>Buenos dias amigos de la meteo.<\/strong><\/p>\n<p><strong>\u00a0Son las ocho menos cuarto de la ma\u00f1ana, registro 20, 8 grados, con una humedad del 78 %. Desde la terraza veo nubes bajas hacia la costa. \u00a0El sol sale a las 7:51 minutos, asi que en breves minutos os\u00a0pondr\u00e9\u00a0la salida de sol desde mi terraza. Dentro de unos dias ya no lo\u00a0ver\u00e9\u00a0salir, me lo tapara varios edificios.<\/strong><\/p>\n<p><strong> Perd\u00f3nnnnnn, Perd\u00f3nnnnnnnnn, que fuerte amigos ya no veo salir el sol desde la terraza, se me ha ido el santo al cielo.\u00a0<\/strong><\/p>\n<p><strong>Aqu\u00ed<\/strong><strong>\u00a0ten\u00e9is\u00a0el amanecer del 4-9-2013, un poco soso.<\/strong><\/p>\n<p><a href=\"https:\/\/blogs.diariosur.es\/tormentas-y-rayos\/2013\/09\/04\/vaguada-a-la-vista-se-acerca-el-otono-agosto-2013-ha-sido-calido-y-desigual-en-precipitaciones-segun-la-aemet\/olympus-digital-camera-1428\/\" rel=\"attachment wp-att-6482\"><img loading=\"lazy\" class=\"aligncenter size-full wp-image-6482\" title=\"OLYMPUS DIGITAL CAMERA\" src=\"\/tormentas-y-rayos\/wp-content\/uploads\/sites\/12\/2013\/09\/001001.jpg\" alt=\"\" width=\"660\" height=\"495\" srcset=\"https:\/\/static-blogs.diariosur.es\/wp-content\/uploads\/sites\/12\/2013\/09\/001001.jpg 660w, https:\/\/static-blogs.diariosur.es\/wp-content\/uploads\/sites\/12\/2013\/09\/001001-533x400.jpg 533w\" sizes=\"(max-width: 660px) 100vw, 660px\" \/><\/a><\/p>\n<p>&nbsp;<\/p>\n<p><strong>Para que me\u00a0perdon\u00e9is os paso una foto del amanecer de ayer que si estuve en la playa jijiji.<\/strong><\/p>\n<p><strong><a href=\"https:\/\/blogs.diariosur.es\/tormentas-y-rayos\/2013\/09\/04\/vaguada-a-la-vista-se-acerca-el-otono-agosto-2013-ha-sido-calido-y-desigual-en-precipitaciones-segun-la-aemet\/olympus-digital-camera-1429\/\" rel=\"attachment wp-att-6483\"><img loading=\"lazy\" class=\"aligncenter size-full wp-image-6483\" title=\"OLYMPUS DIGITAL CAMERA\" src=\"\/tormentas-y-rayos\/wp-content\/uploads\/sites\/12\/2013\/09\/aye.jpg\" alt=\"\" width=\"660\" height=\"495\" srcset=\"https:\/\/static-blogs.diariosur.es\/wp-content\/uploads\/sites\/12\/2013\/09\/aye.jpg 660w, https:\/\/static-blogs.diariosur.es\/wp-content\/uploads\/sites\/12\/2013\/09\/aye-533x400.jpg 533w\" sizes=\"(max-width: 660px) 100vw, 660px\" \/><\/a>\u00a0<\/strong><\/p>\n<p>&nbsp;<\/p>\n<p><strong><span style=\"color: #ff0000;\"> Hasta ma\u00f1ana seguir\u00e1 soplando el levante, <span style=\"color: #ff00ff;\">incluso ma\u00f1ana jueves debido a una peque\u00f1a l\u00ednea de inestabilidad, hay posibilidad de que\u00a0caiga\u00a0alg\u00fan chaparr\u00f3n en nuestra costa e interior de la provincia. Incluso pueden tener origen tormentoso cerca del Estrecho y en M\u00e1laga.<\/span><\/span><\/strong><\/p>\n<p><a href=\"https:\/\/blogs.diariosur.es\/tormentas-y-rayos\/2013\/09\/04\/vaguada-a-la-vista-se-acerca-el-otono-agosto-2013-ha-sido-calido-y-desigual-en-precipitaciones-segun-la-aemet\/linea-inesta\/\" rel=\"attachment wp-att-6480\"><img loading=\"lazy\" class=\"aligncenter size-medium wp-image-6480\" title=\"linea inesta\" src=\"\/tormentas-y-rayos\/wp-content\/uploads\/sites\/12\/2013\/09\/linea-inesta.jpg\" alt=\"\" width=\"600\" height=\"394\" srcset=\"https:\/\/static-blogs.diariosur.es\/wp-content\/uploads\/sites\/12\/2013\/09\/linea-inesta.jpg 704w, https:\/\/static-blogs.diariosur.es\/wp-content\/uploads\/sites\/12\/2013\/09\/linea-inesta-608x400.jpg 608w\" sizes=\"(max-width: 600px) 100vw, 600px\" \/><\/a><\/p>\n<p><strong>\u00a0Otro dato a destacar ha sido las amplitudes t\u00e9rmicas que se han dado en algunos puntos de la pen\u00ednsula. De estar a las ocho de la ma\u00f1ana a 6 o 8 grados, luego a primera hora de la tarde llegar a 33 y 34 grados. Destaca Valderredible, Polientes.\u00a0M\u00ednima\u00a0de 1.5 grados y maxima de casi 32 grados.<\/strong><\/p>\n<p><strong> Os paso unos\u00a0gr\u00e1ficos. Fuente Aemet.<\/strong><\/p>\n<p><a href=\"https:\/\/blogs.diariosur.es\/tormentas-y-rayos\/2013\/09\/04\/vaguada-a-la-vista-se-acerca-el-otono-agosto-2013-ha-sido-calido-y-desigual-en-precipitaciones-segun-la-aemet\/salamanca-vert\/\" rel=\"attachment wp-att-6481\"><img loading=\"lazy\" class=\"aligncenter size-full wp-image-6481\" title=\"salamanca-vert\" src=\"\/tormentas-y-rayos\/wp-content\/uploads\/sites\/12\/2013\/09\/salamanca-vert.jpg\" alt=\"\" width=\"565\" height=\"977\" srcset=\"https:\/\/static-blogs.diariosur.es\/wp-content\/uploads\/sites\/12\/2013\/09\/salamanca-vert.jpg 565w, https:\/\/static-blogs.diariosur.es\/wp-content\/uploads\/sites\/12\/2013\/09\/salamanca-vert-231x400.jpg 231w\" sizes=\"(max-width: 565px) 100vw, 565px\" \/><\/a><\/p>\n<p>&nbsp;<\/p>\n<p><strong>Como hab\u00e9is podido leer en el titulo del post, una gran vaguada se esta acercando al noroeste de \u00a0la\u00a0pen\u00ednsula\u00a0 Esta vaguada aun no esta claro como afectara a los andaluces, os paso un mapa previsto \u00a0a 850 hpa para que la\u00a0ve\u00e1is.<\/strong><\/p>\n<p><a href=\"https:\/\/blogs.diariosur.es\/tormentas-y-rayos\/2013\/09\/04\/vaguada-a-la-vista-se-acerca-el-otono-agosto-2013-ha-sido-calido-y-desigual-en-precipitaciones-segun-la-aemet\/vaguada-8\/\" rel=\"attachment wp-att-6474\"><img loading=\"lazy\" class=\"aligncenter size-medium wp-image-6474\" title=\"vaguada\" src=\"\/tormentas-y-rayos\/wp-content\/uploads\/sites\/12\/2013\/09\/vaguada.jpg\" alt=\"\" width=\"600\" height=\"396\" srcset=\"https:\/\/static-blogs.diariosur.es\/wp-content\/uploads\/sites\/12\/2013\/09\/vaguada.jpg 762w, https:\/\/static-blogs.diariosur.es\/wp-content\/uploads\/sites\/12\/2013\/09\/vaguada-605x400.jpg 605w\" sizes=\"(max-width: 600px) 100vw, 600px\" \/><\/a><\/p>\n<p>&nbsp;<\/p>\n<p><strong>En esta imagen del satelite eumetsat se ve claramente el frente que empezara a afectar al noroeste peninsular ma\u00f1ana jueves. \u00a0Fuente meteogalicia<\/strong><\/p>\n<p>&nbsp;<\/p>\n<p><a href=\"https:\/\/blogs.diariosur.es\/tormentas-y-rayos\/2013\/09\/04\/vaguada-a-la-vista-se-acerca-el-otono-agosto-2013-ha-sido-calido-y-desigual-en-precipitaciones-segun-la-aemet\/webexterna_colorir87_04-45-2\/\" rel=\"attachment wp-att-6479\"><img loading=\"lazy\" class=\"aligncenter size-medium wp-image-6479\" title=\"webexterna_ColorIR87_[04-45]\" src=\"\/tormentas-y-rayos\/wp-content\/uploads\/sites\/12\/2013\/09\/webexterna_ColorIR87_04-45.jpg\" alt=\"\" width=\"579\" height=\"400\" srcset=\"https:\/\/static-blogs.diariosur.es\/wp-content\/uploads\/sites\/12\/2013\/09\/webexterna_ColorIR87_04-45.jpg 750w, https:\/\/static-blogs.diariosur.es\/wp-content\/uploads\/sites\/12\/2013\/09\/webexterna_ColorIR87_04-45-579x400.jpg 579w\" sizes=\"(max-width: 579px) 100vw, 579px\" \/><\/a><\/p>\n<p>&nbsp;<\/p>\n<p><span style=\"color: #ff0000;\"><strong>La Aemet activa el aviso amarillo por tormentas y lluvias para ma\u00f1ana jueves en Castilla Le\u00f3n y e interior del Principado de Asturias. Para el viernes por la tarde los avisos por tormentas son en Navarra y Pirineo Aragones.<\/strong><\/span><\/p>\n<p><strong>Si no os importa, me vais a permitir que ma\u00f1ana hablemos mas detalladamente de esta situaci\u00f3n, que en algunos puntos de la\u00a0pen\u00ednsula\u00a0puede ser explosiva. Hay modelos que dan lluvias con tormentas el\u00a0s\u00e1bado\u00a0y el domingo en la provincia malague\u00f1a, pero cada uno modelo dice una cosa distinta. Lo que si esta claro sera la bajada de temperaturas\u00a0m\u00e1ximas\u00a0en casi toda la\u00a0pen\u00ednsula,\u00a0 aqui en M\u00e1laga ya veremos si el viento entra de suroeste o aterralado, \u00a0aun no hay nada claro.<\/strong><\/p>\n<p><strong>Estos d\u00edas las nubes bajas de levante est\u00e1n siendo las protagonistas, os paso unas cuantas fotos de mis amigos y m\u00edas.<\/strong><\/p>\n<p><strong>Empecemos por Paqui Carnero que fotografi\u00f3 este impresionante sol. Un fot\u00f3n<\/strong><\/p>\n<p><a href=\"https:\/\/blogs.diariosur.es\/tormentas-y-rayos\/2013\/09\/04\/vaguada-a-la-vista-se-acerca-el-otono-agosto-2013-ha-sido-calido-y-desigual-en-precipitaciones-segun-la-aemet\/paqui-carnero-7\/\" rel=\"attachment wp-att-6475\"><img loading=\"lazy\" class=\"aligncenter size-full wp-image-6475\" title=\"PAQUI CARNERO\" src=\"\/tormentas-y-rayos\/wp-content\/uploads\/sites\/12\/2013\/09\/PAQUI-CARNERO.jpg\" alt=\"\" width=\"640\" height=\"480\" srcset=\"https:\/\/static-blogs.diariosur.es\/wp-content\/uploads\/sites\/12\/2013\/09\/PAQUI-CARNERO.jpg 640w, https:\/\/static-blogs.diariosur.es\/wp-content\/uploads\/sites\/12\/2013\/09\/PAQUI-CARNERO-533x400.jpg 533w\" sizes=\"(max-width: 640px) 100vw, 640px\" \/><\/a><\/p>\n<p><strong>Tambi\u00e9n Ana Bel\u00e9n Due\u00f1as Romero, nos manda esta impresionante nube desde Torre Muelle, me comentaba que casi choca con ella jejeje. \u00a0Una pasada.<\/strong><\/p>\n<p><a href=\"https:\/\/blogs.diariosur.es\/tormentas-y-rayos\/2013\/09\/04\/vaguada-a-la-vista-se-acerca-el-otono-agosto-2013-ha-sido-calido-y-desigual-en-precipitaciones-segun-la-aemet\/ana-belen-duenas-romero\/\" rel=\"attachment wp-att-6476\"><img loading=\"lazy\" class=\"aligncenter size-full wp-image-6476\" title=\"ANA BELEN DUE\u00d1AS ROMERO\" src=\"\/tormentas-y-rayos\/wp-content\/uploads\/sites\/12\/2013\/09\/ANA-BELEN-DUE\u00d1AS-ROMERO.jpg\" alt=\"\" width=\"642\" height=\"480\" srcset=\"https:\/\/static-blogs.diariosur.es\/wp-content\/uploads\/sites\/12\/2013\/09\/ANA-BELEN-DUE\u00d1AS-ROMERO.jpg 642w, https:\/\/static-blogs.diariosur.es\/wp-content\/uploads\/sites\/12\/2013\/09\/ANA-BELEN-DUE\u00d1AS-ROMERO-535x400.jpg 535w\" sizes=\"(max-width: 642px) 100vw, 642px\" \/><\/a><strong>Y por ultimo os dejo la\u00a0m\u00eda\u00a0que tome ayer desde la playa de la misericordia.<\/strong><\/p>\n<p><strong> Esta foto me va a costar cara jijiji. No me acorde del radar de Calle Pacifico y me\u00a0cogi\u00f3\u00a0a 10 km\/h mas de lo permitido.<\/strong><\/p>\n<p><a href=\"https:\/\/blogs.diariosur.es\/tormentas-y-rayos\/2013\/09\/04\/vaguada-a-la-vista-se-acerca-el-otono-agosto-2013-ha-sido-calido-y-desigual-en-precipitaciones-segun-la-aemet\/olympus-digital-camera-1427\/\" rel=\"attachment wp-att-6477\"><img loading=\"lazy\" class=\"aligncenter size-full wp-image-6477\" title=\"OLYMPUS DIGITAL CAMERA\" src=\"\/tormentas-y-rayos\/wp-content\/uploads\/sites\/12\/2013\/09\/FACE3.jpg\" alt=\"\" width=\"640\" height=\"480\" srcset=\"https:\/\/static-blogs.diariosur.es\/wp-content\/uploads\/sites\/12\/2013\/09\/FACE3.jpg 640w, https:\/\/static-blogs.diariosur.es\/wp-content\/uploads\/sites\/12\/2013\/09\/FACE3-533x400.jpg 533w\" sizes=\"(max-width: 640px) 100vw, 640px\" \/><\/a><\/p>\n<p>&nbsp;<\/p>\n<h2><span style=\"color: #ff0000;\">Agosto, c\u00e1lido y desigual en precipitaciones<\/span><\/h2>\n<p><strong>Aunque se que<\/strong>\u00a0<strong>algunos no\u00a0estar\u00e1n \u00a0de acuerdo con esta nota informativa de la aemet , os paso la tabla de\u00a0Andaluc\u00eda\u00a0y luego os copio de la pagina de la aemet el resumen de Agosto. <\/strong><\/p>\n<p><strong>Pero lo curioso es que el a\u00f1o sin verano que pronosticaban los\u00a0meteor\u00f3logos\u00a0franceses se les ha ido al carajo, con perd\u00f3n. Os paso un enlace muy interesante de la revista RAM.<\/strong><\/p>\n<p><span style=\"color: #ff00ff;\"><strong><a href=\"http:\/\/www.tiempo.com\/ram\/35836\/el-calor-golpea-a-europa-en-julio-y-agosto\/\" rel=\"external nofollow\">EL CALOR GOLPEA A EUROPA EN JULIO Y AGOSTO<\/a><\/strong><\/span><\/p>\n<p><strong> Os dejo hasta ma\u00f1ana que hablaremos de esta vaguada. Jose Antonio ( chepis) un abrazo. Paco, asi es debido al levante. Manuel gracias.<\/strong><\/p>\n<p><strong>Un abrazo a todos<\/strong><\/p>\n<p><a href=\"https:\/\/blogs.diariosur.es\/tormentas-y-rayos\/2013\/09\/04\/vaguada-a-la-vista-se-acerca-el-otono-agosto-2013-ha-sido-calido-y-desigual-en-precipitaciones-segun-la-aemet\/captura-168\/\" rel=\"attachment wp-att-6478\"><img loading=\"lazy\" class=\"aligncenter size-large wp-image-6478\" title=\"Captura\" src=\"\/tormentas-y-rayos\/wp-content\/uploads\/sites\/12\/2013\/09\/Captura1.jpg\" alt=\"\" width=\"524\" height=\"600\" srcset=\"https:\/\/static-blogs.diariosur.es\/wp-content\/uploads\/sites\/12\/2013\/09\/Captura1.jpg 776w, https:\/\/static-blogs.diariosur.es\/wp-content\/uploads\/sites\/12\/2013\/09\/Captura1-350x400.jpg 350w, https:\/\/static-blogs.diariosur.es\/wp-content\/uploads\/sites\/12\/2013\/09\/Captura1-768x878.jpg 768w\" sizes=\"(max-width: 524px) 100vw, 524px\" \/><\/a><\/p>\n<p>&nbsp;<\/p>\n<p>&nbsp;<\/p>\n<p>&nbsp;<\/p>\n<p>&nbsp;<\/p>\n<h2>Agosto, c\u00e1lido y desigual en precipitaciones<\/h2>\n<div>\n<div>\n<p>03\/09\/20<strong>13\u00a0 Agosto ha sido en conjunto c\u00e1lido a muy c\u00e1lido, con una temperatura media de 24,4 \u00baC, valor que supera en 1,0 \u00baC al normal para este mes. Las precipitaciones han tenido una distribuci\u00f3n muy desigual, aunque la media se sit\u00faa en torno a la normal.<\/strong><\/p>\n<\/div>\n<div>\n<p><strong>Temperaturas<\/strong><\/p>\n<p><strong>Agosto ha sido en conjunto c\u00e1lido a muy c\u00e1lido, con una temperatura media mensual sobre Espa\u00f1a de 24,4\u00ba C, valor que supera en 1,0\u00ba C al normal para este mes (Periodo de Referencia: 1971-2000). Se ha tratado no obstante del mes de agosto menos c\u00e1lido desde el a\u00f1o 2008 y el s\u00e9ptimo en orden descendente de temperatura media desde el inicio del presente siglo.\u00a0<\/strong><\/p>\n<p><strong>El mes ha tenido car\u00e1cter muy c\u00e1lido, con anomal\u00edas t\u00e9rmicas positivas superiores a 1\u00ba C en Galicia, Navarra, Madrid, Extremadura, Andaluc\u00eda, Castilla la Mancha y Canarias, as\u00ed como en el este de Catalu\u00f1a, mientras que en el resto de Espa\u00f1a ha sido en general normal o ligeramente m\u00e1s c\u00e1lido de lo normal.\u00a0 Las anomal\u00edas t\u00e9rmicas han alcanzado valores superiores a 2\u00ba C en algunos puntos de Canarias, Madrid y sur de Galicia.<\/strong><\/p>\n<\/div>\n<p><strong><img src=\"\/\/www.aemet.es\/imagenes_gcd\/noticias\/imagen_noticia_detalle\/2013\/09\/TemperG-08-13.jpg\" alt=\"Temperaturas agosto 2013\" \/><\/strong><\/p>\n<div><strong>Temperaturas agosto 2013<\/strong><\/div>\n<div>\n<p><strong>Como ya sucedi\u00f3 a lo largo del anterior mes de julio, la anomal\u00eda t\u00e9rmica positiva de agosto se ha debido a la persistencia de temperaturas elevadas durante las dos primeras decenas del mes y primeros d\u00edas de la tercera y no a la ocurrencia de\u00a0 grandes olas de calor. Las temperaturas m\u00e1ximas m\u00e1s altas se registraron en general en los dos primeros d\u00edas del mes, en el inicio de la segunda decena y sobre todo entre el 18 y el 21, fechas en las que en Extremadura y bajo Guadalquivir se alcanzaron los valores m\u00e1s elevados del mes, por encima de los 40\u00ba C . Entre estaciones principales destacan los siguientes valores, registrados el d\u00eda 19: Sevilla-aeropuerto con 42,8\u00ba,\u00a0 C\u00f3rdoba- aeropuerto con 42,4\u00ba C y Mor\u00f3n de la Frontera y Jerez de la Frontera con 41,7\u00ba C.\u00a0<\/strong><\/p>\n<p><strong>\u00a0Las temperaturas m\u00ednimas m\u00e1s bajas del mes se registraron a finales de la primera decena y en los \u00faltimos d\u00edas del mismo, cuando se inici\u00f3 un descenso t\u00e9rmico significativo que puso fin a la persistente situaci\u00f3n de temperaturas elevadas pero no excepcionalmente altas que ha caracterizado a este mes de agosto. En esas fechas las temperaturas m\u00ednimas descendieron\u00a0 por debajo de los 10\u00ba C en amplias zonas de Castilla y Le\u00f3n, interior del Pa\u00eds Vasco y Galicia y sistemas monta\u00f1osos del centro y norte peninsular. La temperatura m\u00ednima mensual en un observatorio principal se registr\u00f3 el d\u00eda 8 en el puerto de Navacerrada (Madrid) con 6,3\u00ba, seguido de Molina de Arag\u00f3n (Guadalajara) con 6,5\u00ba C el d\u00eda 9. Entre capitales de provincia destacan: Burgos con 6,8\u00ba C el d\u00eda 21 y Lugo 6,9\u00ba C el d\u00eda 4.<\/strong><\/p>\n<p>&nbsp;<\/p>\n<p><strong>Precipitaciones<\/strong><\/p>\n<p><strong>Agosto ha sido en conjunto un mes de precipitaciones en torno a las normales, con una precipitaci\u00f3n media de 21 mm. , valor muy pr\u00f3ximo al normal del mes (Periodo de Referencia: 1971-2000).<\/strong><\/p>\n<p><strong>La distribuci\u00f3n de las precipitaciones de agosto ha sido muy desigual, habi\u00e9ndose producido gran parte de las mismas en la situaci\u00f3n de fuerte inestabilidad atmosf\u00e9rica que afect\u00f3 en los \u00faltimos d\u00edas del mes a Baleares y a amplias zonas del sur y este peninsulares, sobre todo los d\u00edas 28 y 29.\u00a0 As\u00ed, agosto result\u00f3 relativamente h\u00famedo en Baleares, cuadrante sureste peninsular, norte y oeste de Andaluc\u00eda, sur de Extremadura y algunas zonas del noreste, mientras que por el contrario en el tercio noroeste peninsular ha sido en general muy seco, especialmente en Galicia y suroeste de Castilla y Le\u00f3n. En Canarias el mes ha tenido un car\u00e1cter muy variado, aunque en este caso hay que considerar que en agosto apenas se registran precipitaciones en el archipi\u00e9lago.\u00a0 \u00a0\u00a0\u00a0\u00a0<\/strong><\/p>\n<\/div>\n<p><strong><img src=\"\/\/www.aemet.es\/imagenes_gcd\/noticias\/imagen_noticia_detalle\/2013\/09\/PrecipG-08-13.jpg\" alt=\"Precipitaciones agosto 2013\" \/><\/strong><\/p>\n<div><strong>Precipitaciones agosto 2013<\/strong><\/div>\n<div>\n<p><strong>En la primera decena de agosto las precipitaciones s\u00f3lo afectaron al tercio norte peninsular y a algunas zonas monta\u00f1osas del sureste. En puntos del Pirineo oriental\u00a0 las cantidades de precipitaci\u00f3n que se acumularon en la decena superaron los 40 mm.\u00a0\u00a0<\/strong><\/p>\n<p><strong>En la segunda decena las precipitaciones afectaron principalmente al cuadrante nordeste, y fueron muy copiosas en el extremo nordeste de Navarra y noroeste de Arag\u00f3n, donde localmente se registraron precipitaciones superiores a los 120 mm.<\/strong><\/p>\n<p><strong>En los \u00faltimos d\u00edas de la tercera decena, las precipitaciones se extendieron por amplias zonas de las mitades sur y este peninsulares. Estas precipitaciones llegaron a ser muy intensas en diversos puntos de Andaluc\u00eda, Castilla-la Mancha, Murcia, Valencia, Baleares, sur de Extremadura y norte de Catalu\u00f1a, con totales acumulados en la decena superiores a los 150 mm. en \u00e1reas del norte de Alicante y sur de la provincia de\u00a0 Valencia. \u00a0<\/strong><\/p>\n<p><strong>Como ya se ha destacado el episodio de precipitaciones intensas m\u00e1s significativo de agosto fue el que afecto a las regiones del sur y este de la pen\u00ednsula a finales del mes, especialmente entre los d\u00edas\u00a0 28 y 29. Hay que destacar tambi\u00e9n las fuertes precipitaciones registradas en Baleares entre los d\u00edas 25 y 26 y en zonas del Pirineo central y occidental el d\u00eda 16. La mayor precipitaci\u00f3n diaria registrada en un observatorio principal correspondi\u00f3 a Palma de Mallorca con 49,1 mm. el d\u00eda 26, seguido de Murcia con 41,6 mm. el d\u00eda 28.<\/strong><\/p>\n<\/div>\n<\/div>\n<div><\/div>\n","protected":false},"excerpt":{"rendered":"<p>ULTIMA HORA, NOTA INFORMATIVA DE LA AEMET. &nbsp; &nbsp; &nbsp; Buenos dias amigos de la meteo. \u00a0Son las ocho menos cuarto de la ma\u00f1ana, registro 20, 8 grados, con una humedad del 78 %. Desde la terraza veo nubes bajas hacia la costa. \u00a0El sol sale a las 7:51 minutos, asi que en breves minutos [&hellip;]<\/p>\n","protected":false},"author":16,"featured_media":6474,"comment_status":"open","ping_status":"open","sticky":false,"template":"","format":"standard","meta":[],"categories":[2],"tags":[13,46,50,188,207,799,1039],"_links":{"self":[{"href":"https:\/\/blogs.diariosur.es\/tormentas-y-rayos\/wp-json\/wp\/v2\/posts\/6473"}],"collection":[{"href":"https:\/\/blogs.diariosur.es\/tormentas-y-rayos\/wp-json\/wp\/v2\/posts"}],"about":[{"href":"https:\/\/blogs.diariosur.es\/tormentas-y-rayos\/wp-json\/wp\/v2\/types\/post"}],"author":[{"embeddable":true,"href":"https:\/\/blogs.diariosur.es\/tormentas-y-rayos\/wp-json\/wp\/v2\/users\/16"}],"replies":[{"embeddable":true,"href":"https:\/\/blogs.diariosur.es\/tormentas-y-rayos\/wp-json\/wp\/v2\/comments?post=6473"}],"version-history":[{"count":0,"href":"https:\/\/blogs.diariosur.es\/tormentas-y-rayos\/wp-json\/wp\/v2\/posts\/6473\/revisions"}],"wp:featuredmedia":[{"embeddable":true,"href":"https:\/\/blogs.diariosur.es\/tormentas-y-rayos\/wp-json\/wp\/v2\/media\/6474"}],"wp:attachment":[{"href":"https:\/\/blogs.diariosur.es\/tormentas-y-rayos\/wp-json\/wp\/v2\/media?parent=6473"}],"wp:term":[{"taxonomy":"category","embeddable":true,"href":"https:\/\/blogs.diariosur.es\/tormentas-y-rayos\/wp-json\/wp\/v2\/categories?post=6473"},{"taxonomy":"post_tag","embeddable":true,"href":"https:\/\/blogs.diariosur.es\/tormentas-y-rayos\/wp-json\/wp\/v2\/tags?post=6473"}],"curies":[{"name":"wp","href":"https:\/\/api.w.org\/{rel}","templated":true}]}}