{"id":6486,"date":"2013-09-05T10:23:23","date_gmt":"2013-09-05T08:23:23","guid":{"rendered":"http:\/\/blogs.diariosur.es\/tormentas-y-rayos\/?p=6486"},"modified":"2013-09-05T10:23:23","modified_gmt":"2013-09-05T08:23:23","slug":"una-bolsa-de-aire-frio-sin-reflejo-en-altura-traera-tormentas-y-bajadas-de-temperaturas-a-la-peninsula","status":"publish","type":"post","link":"https:\/\/blogs.diariosur.es\/tormentas-y-rayos\/2013\/09\/05\/una-bolsa-de-aire-frio-sin-reflejo-en-altura-traera-tormentas-y-bajadas-de-temperaturas-a-la-peninsula\/","title":{"rendered":"Una bolsa de aire fr\u00edo sin reflejo en altura traer\u00e1 tormentas y bajadas de temperaturas  a la pen\u00ednsula."},"content":{"rendered":"<p><strong>Buenos d\u00edas amigos de la meteo.<\/strong><\/p>\n<p><strong>\u00a0Son las siete \u00a0de la ma\u00f1ana, registro 23.8 grados y los cielos est\u00e1n muy \u00a0nubosos debido al viento de levante. En unos minutos os dejo virtualmente jiji y tirare para la Playa de la Misericordia, hoy no me cazara el radar. Comentaros que la avanzadilla de la vaguada ya esta dejando chubascos tormentosos en el noroeste peninsular. Os paso estas capturas fuente aemet.<\/strong><\/p>\n<p><a href=\"https:\/\/blogs.diariosur.es\/tormentas-y-rayos\/2013\/09\/05\/una-bolsa-de-aire-frio-sin-reflejo-en-altura-traera-tormentas-y-bajadas-de-temperaturas-a-la-peninsula\/201309050400_r79g\/\" rel=\"attachment wp-att-6487\"><img loading=\"lazy\" class=\"aligncenter size-medium wp-image-6487\" title=\"201309050400_r79g\" src=\"\/tormentas-y-rayos\/wp-content\/uploads\/sites\/12\/2013\/09\/201309050400_r79g.gif\" alt=\"\" width=\"400\" height=\"400\" \/><\/a><a href=\"https:\/\/blogs.diariosur.es\/tormentas-y-rayos\/2013\/09\/05\/una-bolsa-de-aire-frio-sin-reflejo-en-altura-traera-tormentas-y-bajadas-de-temperaturas-a-la-peninsula\/201309050430_r8pb\/\" rel=\"attachment wp-att-6488\"><img loading=\"lazy\" class=\"aligncenter size-medium wp-image-6488\" title=\"201309050430_r8pb\" src=\"\/tormentas-y-rayos\/wp-content\/uploads\/sites\/12\/2013\/09\/201309050430_r8pb.gif\" alt=\"\" width=\"400\" height=\"400\" \/><\/a><\/p>\n<p><strong>Hoy el levante ira amainando poco a poco, ser\u00e1 por la tarde noche cuando mas se note. Como os comentaba ayer, \u00a0y seg\u00fan el modelo hirlam , hoy nos cruzara una l\u00ednea de inestabilidad que puede dejar chubascos por el interior y en la costa malague\u00f1a occidental. Lo que es curioso es que ning\u00fan espacio del tiempo ha dado chubascos en la provincia malague\u00f1a. Fuente aemet<\/strong><\/p>\n<p><a href=\"https:\/\/blogs.diariosur.es\/tormentas-y-rayos\/2013\/09\/05\/una-bolsa-de-aire-frio-sin-reflejo-en-altura-traera-tormentas-y-bajadas-de-temperaturas-a-la-peninsula\/hirlam-2\/\" rel=\"attachment wp-att-6489\"><img loading=\"lazy\" class=\"aligncenter size-medium wp-image-6489\" title=\"hirlam\" src=\"\/tormentas-y-rayos\/wp-content\/uploads\/sites\/12\/2013\/09\/hirlam.jpg\" alt=\"\" width=\"567\" height=\"400\" srcset=\"https:\/\/static-blogs.diariosur.es\/wp-content\/uploads\/sites\/12\/2013\/09\/hirlam.jpg 793w, https:\/\/static-blogs.diariosur.es\/wp-content\/uploads\/sites\/12\/2013\/09\/hirlam-567x400.jpg 567w, https:\/\/static-blogs.diariosur.es\/wp-content\/uploads\/sites\/12\/2013\/09\/hirlam-768x541.jpg 768w\" sizes=\"(max-width: 567px) 100vw, 567px\" \/><\/a><\/p>\n<p><strong>Bueno amigos, os dejo durante una hora y tiro para la playa. Espero que el amanecer merezca la pena. Cuando os ponga la fotos \u00a0hablaremos de esta bolsa de aire fr\u00edo que no es una dana.<\/strong><\/p>\n<p><strong>Ya de vuelta amigos de la meteo, antes de poneros un par de fotos comentaros que el viento no venia del este en esa zona de la playa, mas bien y\u00a0mir\u00e1ndolo\u00a0con mi\u00a0br\u00fajula\u00a0era del sur sureste.<\/strong><\/p>\n<p><strong>Nada mas llegar\u00a0pod\u00e9is\u00a0ver lo nublado que estaba.<\/strong><\/p>\n<p><a href=\"https:\/\/blogs.diariosur.es\/tormentas-y-rayos\/2013\/09\/05\/una-bolsa-de-aire-frio-sin-reflejo-en-altura-traera-tormentas-y-bajadas-de-temperaturas-a-la-peninsula\/olympus-digital-camera-1430\/\" rel=\"attachment wp-att-6490\"><img loading=\"lazy\" class=\"aligncenter size-full wp-image-6490\" title=\"OLYMPUS DIGITAL CAMERA\" src=\"\/tormentas-y-rayos\/wp-content\/uploads\/sites\/12\/2013\/09\/2001.jpg\" alt=\"\" width=\"660\" height=\"495\" srcset=\"https:\/\/static-blogs.diariosur.es\/wp-content\/uploads\/sites\/12\/2013\/09\/2001.jpg 660w, https:\/\/static-blogs.diariosur.es\/wp-content\/uploads\/sites\/12\/2013\/09\/2001-533x400.jpg 533w\" sizes=\"(max-width: 660px) 100vw, 660px\" \/><\/a><\/p>\n<p><strong>Al cabo de mucho rato de salir el sol se ha puesto un poco mas interesante el amanecer.<\/strong><\/p>\n<p><a href=\"https:\/\/blogs.diariosur.es\/tormentas-y-rayos\/2013\/09\/05\/una-bolsa-de-aire-frio-sin-reflejo-en-altura-traera-tormentas-y-bajadas-de-temperaturas-a-la-peninsula\/olympus-digital-camera-1431\/\" rel=\"attachment wp-att-6491\"><img loading=\"lazy\" class=\"aligncenter size-full wp-image-6491\" title=\"OLYMPUS DIGITAL CAMERA\" src=\"\/tormentas-y-rayos\/wp-content\/uploads\/sites\/12\/2013\/09\/3014.jpg\" alt=\"\" width=\"660\" height=\"495\" srcset=\"https:\/\/static-blogs.diariosur.es\/wp-content\/uploads\/sites\/12\/2013\/09\/3014.jpg 660w, https:\/\/static-blogs.diariosur.es\/wp-content\/uploads\/sites\/12\/2013\/09\/3014-533x400.jpg 533w\" sizes=\"(max-width: 660px) 100vw, 660px\" \/><\/a><\/p>\n<p><a href=\"https:\/\/blogs.diariosur.es\/tormentas-y-rayos\/2013\/09\/05\/una-bolsa-de-aire-frio-sin-reflejo-en-altura-traera-tormentas-y-bajadas-de-temperaturas-a-la-peninsula\/olympus-digital-camera-1432\/\" rel=\"attachment wp-att-6492\"><img loading=\"lazy\" class=\"aligncenter size-full wp-image-6492\" title=\"OLYMPUS DIGITAL CAMERA\" src=\"\/tormentas-y-rayos\/wp-content\/uploads\/sites\/12\/2013\/09\/4015.jpg\" alt=\"\" width=\"660\" height=\"495\" srcset=\"https:\/\/static-blogs.diariosur.es\/wp-content\/uploads\/sites\/12\/2013\/09\/4015.jpg 660w, https:\/\/static-blogs.diariosur.es\/wp-content\/uploads\/sites\/12\/2013\/09\/4015-533x400.jpg 533w\" sizes=\"(max-width: 660px) 100vw, 660px\" \/><\/a><\/p>\n<p>&nbsp;<\/p>\n<p>&nbsp;<\/p>\n<p><span style=\"color: #ff00ff;\"><strong><a href=\"https:\/\/blogs.diariosur.es\/tormentas-y-rayos\/2013\/09\/04\/vaguada-a-la-vista-se-acerca-el-otono-agosto-2013-ha-sido-calido-y-desigual-en-precipitaciones-segun-la-aemet\/\">OS PASO EL ENLACE AL POST DE AYER, DONDE LA AEMET HABLABA DEL MES DE AGOSTO:\u00a0<\/a><\/strong><\/span><\/p>\n<p><span style=\"color: #ff0000;\"><strong>Hablemos un poco de esta bolsa de aire frio.<\/strong><\/span><\/p>\n<p><strong>De nuevo tendremos durante unos dias lo que ha estado pasando este verano, primero d\u00edas de calor y a continuaci\u00f3n vaguadas y bolsas de aire fr\u00edo e incluso una dana el mes pasado.<\/strong><\/p>\n<p><strong>Pues de nuevo y como hab\u00e9is podido ver mas arriba del post, ya afecta a la\u00a0pen\u00ednsula\u00a0la parte delantera de la vaguada. Viene precedida de una bolsa de aire fr\u00edo, pero esta vez no se independiza y sigue la circulaci\u00f3n general. Es decir no es una dana o gota fr\u00eda ( depresi\u00f3n aislada en niveles altos) lo que no va afectar estos d\u00edas, ya que esta bolsa no tiene reflejo en altura y no se aparta de la circulaci\u00f3n general. Os paso unos mapas a 500 hpa para que ve\u00e1is la posici\u00f3n que tendr\u00e1 hoy esa bolsa de aire fr\u00edo y ma\u00f1ana. Fijaros como sigue unida a la borrasca de las Islas\u00a0Brit\u00e1nicas.<\/strong><\/p>\n<p><a href=\"https:\/\/blogs.diariosur.es\/tormentas-y-rayos\/2013\/09\/05\/una-bolsa-de-aire-frio-sin-reflejo-en-altura-traera-tormentas-y-bajadas-de-temperaturas-a-la-peninsula\/b1-7\/\" rel=\"attachment wp-att-6493\"><img loading=\"lazy\" class=\"aligncenter size-medium wp-image-6493\" title=\"b1\" src=\"\/tormentas-y-rayos\/wp-content\/uploads\/sites\/12\/2013\/09\/b1.jpg\" alt=\"\" width=\"590\" height=\"400\" srcset=\"https:\/\/static-blogs.diariosur.es\/wp-content\/uploads\/sites\/12\/2013\/09\/b1.jpg 749w, https:\/\/static-blogs.diariosur.es\/wp-content\/uploads\/sites\/12\/2013\/09\/b1-591x400.jpg 591w\" sizes=\"(max-width: 590px) 100vw, 590px\" \/><\/a><a href=\"https:\/\/blogs.diariosur.es\/tormentas-y-rayos\/2013\/09\/05\/una-bolsa-de-aire-frio-sin-reflejo-en-altura-traera-tormentas-y-bajadas-de-temperaturas-a-la-peninsula\/b2-2\/\" rel=\"attachment wp-att-6494\"><img loading=\"lazy\" class=\"aligncenter size-medium wp-image-6494\" title=\"b2\" src=\"\/tormentas-y-rayos\/wp-content\/uploads\/sites\/12\/2013\/09\/b2.jpg\" alt=\"\" width=\"547\" height=\"400\" srcset=\"https:\/\/static-blogs.diariosur.es\/wp-content\/uploads\/sites\/12\/2013\/09\/b2.jpg 749w, https:\/\/static-blogs.diariosur.es\/wp-content\/uploads\/sites\/12\/2013\/09\/b2-548x400.jpg 548w\" sizes=\"(max-width: 547px) 100vw, 547px\" \/><\/a><\/p>\n<p>&nbsp;<\/p>\n<p><strong>Al ser una bolsa de aire fr\u00edo las tormentas ser\u00e1n las protagonistas. Al dia de hoy aun no esta muy claro como afectara a Andaluc\u00eda esas tormentas, ya que cada modelo dice una cosa. Lo que si se notara a partir de hoy es una bajada de temperaturas\u00a0m\u00e1ximas\u00a0en el Valle del Guadalquivir, asi como en el noroeste de la\u00a0pen\u00ednsula\u00a0 Si ayer Orense registraba 34 grados, hoy no pasaran de 21. Aqui en nuestra Capital Malague\u00f1a no notaremos tanto la bajada.<\/strong><\/p>\n<p><strong> Ya veremos si las tormentas afectan el s\u00e1bado a Andaluc\u00eda, si no os importa haremos un seguimiento ma\u00f1ana.<\/strong><\/p>\n<p><strong>Os hago un peque\u00f1o resumen del dia de ayer:<\/strong><\/p>\n<p><strong>Ayer mi\u00e9rcoles me di una vuelta por la desembocadura del Guadalhorce, pensaba fotografiar algunas lib\u00e9lulas pero no vi ninguna, eso si saltamontes hab\u00eda a montones. Y como el cielo estaba soso, le hice esta foto al r\u00edo.<\/strong><\/p>\n<p><a href=\"https:\/\/blogs.diariosur.es\/tormentas-y-rayos\/2013\/09\/05\/una-bolsa-de-aire-frio-sin-reflejo-en-altura-traera-tormentas-y-bajadas-de-temperaturas-a-la-peninsula\/olympus-digital-camera-1433\/\" rel=\"attachment wp-att-6495\"><img loading=\"lazy\" class=\"aligncenter size-full wp-image-6495\" title=\"OLYMPUS DIGITAL CAMERA\" src=\"\/tormentas-y-rayos\/wp-content\/uploads\/sites\/12\/2013\/09\/003003.jpg\" alt=\"\" width=\"660\" height=\"495\" srcset=\"https:\/\/static-blogs.diariosur.es\/wp-content\/uploads\/sites\/12\/2013\/09\/003003.jpg 660w, https:\/\/static-blogs.diariosur.es\/wp-content\/uploads\/sites\/12\/2013\/09\/003003-533x400.jpg 533w\" sizes=\"(max-width: 660px) 100vw, 660px\" \/><\/a><\/p>\n<p>&nbsp;<\/p>\n<p><strong>De vuelta me pare en el chiringuito Gines. \u00a0Paco que estaba preparando las tapas me comento que estaban desecando al sol pintarrojas, asi que tome esta foto donde pod\u00e9is ver a Rafael y a Eg\u00fci colg\u00e1ndolas. La verdad que es la primera vez que lo veo.<\/strong><\/p>\n<p><a href=\"https:\/\/blogs.diariosur.es\/tormentas-y-rayos\/2013\/09\/05\/una-bolsa-de-aire-frio-sin-reflejo-en-altura-traera-tormentas-y-bajadas-de-temperaturas-a-la-peninsula\/olympus-digital-camera-1434\/\" rel=\"attachment wp-att-6496\"><img loading=\"lazy\" class=\"aligncenter size-full wp-image-6496\" title=\"OLYMPUS DIGITAL CAMERA\" src=\"\/tormentas-y-rayos\/wp-content\/uploads\/sites\/12\/2013\/09\/008008.jpg\" alt=\"\" width=\"660\" height=\"495\" srcset=\"https:\/\/static-blogs.diariosur.es\/wp-content\/uploads\/sites\/12\/2013\/09\/008008.jpg 660w, https:\/\/static-blogs.diariosur.es\/wp-content\/uploads\/sites\/12\/2013\/09\/008008-533x400.jpg 533w\" sizes=\"(max-width: 660px) 100vw, 660px\" \/><\/a><\/p>\n<p>&nbsp;<\/p>\n<p><strong>Por la tarde tire con Geno para Torre del Mar para visitar a mi cu\u00f1ada, desde su cocina tiene una vista preciosa, se ve Torrox y Nerja al fondo. En esos momentos las nubes bajas de levante eran las protagonistas.<\/strong><\/p>\n<p><a href=\"https:\/\/blogs.diariosur.es\/tormentas-y-rayos\/2013\/09\/05\/una-bolsa-de-aire-frio-sin-reflejo-en-altura-traera-tormentas-y-bajadas-de-temperaturas-a-la-peninsula\/012-4\/\" rel=\"attachment wp-att-6497\"><img loading=\"lazy\" class=\"aligncenter size-full wp-image-6497\" title=\"012\" src=\"\/tormentas-y-rayos\/wp-content\/uploads\/sites\/12\/2013\/09\/012.jpg\" alt=\"\" width=\"660\" height=\"371\" srcset=\"https:\/\/static-blogs.diariosur.es\/wp-content\/uploads\/sites\/12\/2013\/09\/012.jpg 660w, https:\/\/static-blogs.diariosur.es\/wp-content\/uploads\/sites\/12\/2013\/09\/012-640x360.jpg 640w\" sizes=\"(max-width: 660px) 100vw, 660px\" \/><\/a><\/p>\n<p>&nbsp;<\/p>\n<p><strong>mlg-88 amigo aun es pronto para darte una previsi\u00f3n, algunos modelos dan una bolsa de aire fr\u00edo para el viernes 13, que pueden traer lluvias, pero aun es pronto<\/strong><\/p>\n<p><strong>Poco mas que contar amigos, ma\u00f1ana nos vemos.<\/strong><\/p>\n","protected":false},"excerpt":{"rendered":"<p>Buenos d\u00edas amigos de la meteo. \u00a0Son las siete \u00a0de la ma\u00f1ana, registro 23.8 grados y los cielos est\u00e1n muy \u00a0nubosos debido al viento de levante. En unos minutos os dejo virtualmente jiji y tirare para la Playa de la Misericordia, hoy no me cazara el radar. Comentaros que la avanzadilla de la vaguada ya [&hellip;]<\/p>\n","protected":false},"author":16,"featured_media":6494,"comment_status":"open","ping_status":"open","sticky":false,"template":"","format":"standard","meta":[],"categories":[2],"tags":[54,160,185,432,962,1039],"_links":{"self":[{"href":"https:\/\/blogs.diariosur.es\/tormentas-y-rayos\/wp-json\/wp\/v2\/posts\/6486"}],"collection":[{"href":"https:\/\/blogs.diariosur.es\/tormentas-y-rayos\/wp-json\/wp\/v2\/posts"}],"about":[{"href":"https:\/\/blogs.diariosur.es\/tormentas-y-rayos\/wp-json\/wp\/v2\/types\/post"}],"author":[{"embeddable":true,"href":"https:\/\/blogs.diariosur.es\/tormentas-y-rayos\/wp-json\/wp\/v2\/users\/16"}],"replies":[{"embeddable":true,"href":"https:\/\/blogs.diariosur.es\/tormentas-y-rayos\/wp-json\/wp\/v2\/comments?post=6486"}],"version-history":[{"count":0,"href":"https:\/\/blogs.diariosur.es\/tormentas-y-rayos\/wp-json\/wp\/v2\/posts\/6486\/revisions"}],"wp:featuredmedia":[{"embeddable":true,"href":"https:\/\/blogs.diariosur.es\/tormentas-y-rayos\/wp-json\/wp\/v2\/media\/6494"}],"wp:attachment":[{"href":"https:\/\/blogs.diariosur.es\/tormentas-y-rayos\/wp-json\/wp\/v2\/media?parent=6486"}],"wp:term":[{"taxonomy":"category","embeddable":true,"href":"https:\/\/blogs.diariosur.es\/tormentas-y-rayos\/wp-json\/wp\/v2\/categories?post=6486"},{"taxonomy":"post_tag","embeddable":true,"href":"https:\/\/blogs.diariosur.es\/tormentas-y-rayos\/wp-json\/wp\/v2\/tags?post=6486"}],"curies":[{"name":"wp","href":"https:\/\/api.w.org\/{rel}","templated":true}]}}