{"id":6498,"date":"2013-09-06T08:24:51","date_gmt":"2013-09-06T06:24:51","guid":{"rendered":"http:\/\/blogs.diariosur.es\/tormentas-y-rayos\/?p=6498"},"modified":"2013-09-06T08:24:51","modified_gmt":"2013-09-06T06:24:51","slug":"la-bolsa-de-aire-frio-puede-afectar-a-andalucia-oriental-el-sabado-aviso-naranja-en-el-pirineo-aragones","status":"publish","type":"post","link":"https:\/\/blogs.diariosur.es\/tormentas-y-rayos\/2013\/09\/06\/la-bolsa-de-aire-frio-puede-afectar-a-andalucia-oriental-el-sabado-aviso-naranja-en-el-pirineo-aragones\/","title":{"rendered":"La bolsa de aire fr\u00edo puede afectar a Andaluc\u00eda Oriental el s\u00e1bado. Aviso naranja en el Pirineo Aragon\u00e9s."},"content":{"rendered":"<p><strong>Buenos dias amigos de la meteo.<\/strong><\/p>\n<p><strong>Son las siete de la ma\u00f1ana, registro 23 grados y los cielos est\u00e1n poco nubosos.<\/strong><\/p>\n<p><strong>Antes de nada comentaros, que ayer jueves al final no cayo ni una sola gota en la provincia malague\u00f1a, lo mas que se vio fueron c\u00famulos congestus. Mis amigos Carlos, Paco y Manolo se alegraron de esto,\u00a0 si no las pintarrojas desecadas al sol se hubieran mojado jejeje.<\/strong><\/p>\n<p><a href=\"https:\/\/blogs.diariosur.es\/tormentas-y-rayos\/2013\/09\/06\/la-bolsa-de-aire-frio-puede-afectar-a-andalucia-oriental-el-sabado-aviso-naranja-en-el-pirineo-aragones\/olympus-digital-camera-1435\/\" rel=\"attachment wp-att-6499\"><img loading=\"lazy\" class=\"aligncenter size-full wp-image-6499\" title=\"OLYMPUS DIGITAL CAMERA\" src=\"\/tormentas-y-rayos\/wp-content\/uploads\/sites\/12\/2013\/09\/5_9050474.jpg\" alt=\"\" width=\"660\" height=\"495\" srcset=\"https:\/\/static-blogs.diariosur.es\/wp-content\/uploads\/sites\/12\/2013\/09\/5_9050474.jpg 660w, https:\/\/static-blogs.diariosur.es\/wp-content\/uploads\/sites\/12\/2013\/09\/5_9050474-533x400.jpg 533w\" sizes=\"(max-width: 660px) 100vw, 660px\" \/><\/a><\/p>\n<p>&nbsp;<\/p>\n<p>&nbsp;<\/p>\n<p><span style=\"color: #ff0000;\"><strong>Os paso un resumen de lo que ayer jueves deciamos de esta bolsa de aire fr\u00edo.<\/strong><\/span><\/p>\n<p>&nbsp;<\/p>\n<p style=\"text-align: center;\"><strong><br \/>\n<\/strong><\/p>\n<p style=\"text-align: center;\"><strong>De nuevo tendremos durante unos dias lo que ha estado pasando este verano, primero d\u00edas de calor y a continuaci\u00f3n vaguadas y bolsas de aire fr\u00edo e incluso una dana el mes pasado.<\/strong><\/p>\n<p style=\"text-align: center;\"><strong>Pues de nuevo y como hab\u00e9is podido ver mas arriba del post, ya afecta a la\u00a0pen\u00ednsula\u00a0la parte delantera de la vaguada. Viene precedida de una bolsa de aire fr\u00edo, pero esta vez no se independiza y sigue la circulaci\u00f3n general. Es decir no es una dana o gota fr\u00eda ( depresi\u00f3n aislada en niveles altos) lo que no va afectar estos d\u00edas, ya que esta bolsa no tiene reflejo en altura y no se aparta de la circulaci\u00f3n general. Os paso unos mapas a 500 hpa para que ve\u00e1is la posici\u00f3n que tendr\u00e1 hoy esa bolsa de aire fr\u00edo y ma\u00f1ana. Fijaros como sigue unida a la borrasca de las Islas\u00a0Brit\u00e1nicas.<\/strong><\/p>\n<p style=\"text-align: center;\"><a href=\"https:\/\/blogs.diariosur.es\/tormentas-y-rayos\/2013\/09\/05\/una-bolsa-de-aire-frio-sin-reflejo-en-altura-traera-tormentas-y-bajadas-de-temperaturas-a-la-peninsula\/b1-7\/\" rel=\"attachment wp-att-6493\"><img loading=\"lazy\" title=\"b1\" src=\"\/tormentas-y-rayos\/wp-content\/uploads\/sites\/12\/2013\/09\/b1.jpg\" alt=\"\" width=\"590\" height=\"400\" \/><\/a><a href=\"https:\/\/blogs.diariosur.es\/tormentas-y-rayos\/2013\/09\/05\/una-bolsa-de-aire-frio-sin-reflejo-en-altura-traera-tormentas-y-bajadas-de-temperaturas-a-la-peninsula\/b2-2\/\" rel=\"attachment wp-att-6494\"><img loading=\"lazy\" title=\"b2\" src=\"\/tormentas-y-rayos\/wp-content\/uploads\/sites\/12\/2013\/09\/b2.jpg\" alt=\"\" width=\"547\" height=\"400\" \/><\/a><\/p>\n<p style=\"text-align: center;\"><strong>Al ser una bolsa de aire fr\u00edo las tormentas ser\u00e1n las protagonistas. Al dia de hoy aun no esta muy claro como afectara a Andaluc\u00eda esas tormentas, ya que cada modelo dice una cosa. Lo que si se notara a partir de hoy es una bajada de temperaturas\u00a0m\u00e1ximas\u00a0en el Valle del Guadalquivir, asi como en el noroeste de la\u00a0pen\u00ednsula\u00a0 Si ayer Orense registraba 34 grados, hoy no pasaran de 21. Aqui en nuestra Capital Malague\u00f1a no notaremos tanto la bajada, al no ser que se produzcan tormentas.<\/strong><\/p>\n<p><span style=\"color: #ff00ff;\"><strong>Una vez leido lo de ayer hablaremos hoy de esta bolsa, pero sin tener nada claro aun.<\/strong><\/span><\/p>\n<p><strong>Bueno amigos, \u00a0no sab\u00e9is lo dif\u00edcil de pronosticar para Andaluc\u00eda esta bolsa de aire fr\u00edo. En cada actualizaci\u00f3n cambian los modelos, y lo peor que no se aclaran en \u00a0donde caer\u00e1n las tormentas. Ahora mismo la zona de mas probabilidad de que se produzcan estos fen\u00f3menos tormentosos son desde Nerja hasta Almer\u00eda, siendo esta ultima donde\u00a0llover\u00eda\u00a0mas.. Aqu\u00ed pod\u00e9is ver el mapa de lluvias previsto para ma\u00f1ana s\u00e1bado. Fuente Aemet. Ya veremos si esas nubes de origen subtropical se reactivan.<\/strong><\/p>\n<p><a href=\"https:\/\/blogs.diariosur.es\/tormentas-y-rayos\/2013\/09\/06\/la-bolsa-de-aire-frio-puede-afectar-a-andalucia-oriental-el-sabado-aviso-naranja-en-el-pirineo-aragones\/sabado-11\/\" rel=\"attachment wp-att-6500\"><img loading=\"lazy\" class=\"aligncenter size-medium wp-image-6500\" title=\"sabado\" src=\"\/tormentas-y-rayos\/wp-content\/uploads\/sites\/12\/2013\/09\/sabado.jpg\" alt=\"\" width=\"520\" height=\"400\" srcset=\"https:\/\/static-blogs.diariosur.es\/wp-content\/uploads\/sites\/12\/2013\/09\/sabado.jpg 781w, https:\/\/static-blogs.diariosur.es\/wp-content\/uploads\/sites\/12\/2013\/09\/sabado-521x400.jpg 521w, https:\/\/static-blogs.diariosur.es\/wp-content\/uploads\/sites\/12\/2013\/09\/sabado-768x590.jpg 768w\" sizes=\"(max-width: 520px) 100vw, 520px\" \/><\/a><\/p>\n<p><strong>A las diez de la ma\u00f1ana se dar\u00e1n los avisos nuevos, y lo mas seguro es que pongan en aviso amarillo o naranja a estas zonas antes mencionadas. Si es asi no podre ponerlo en el blog hasta por la tarde. Pero como os comento mas arriba conque la bolsa de aire fr\u00edo se mueva un poco a lo previsto ahora, puede ser la Provincia Malague\u00f1a a la que tambien le puedan caer chubascos tormentosos. Donde si esta mas claro donde\u00a0habr\u00e1\u00a0tormentas bastantes fuertes es en el Pirineo Oscense \u00a0y \u00a0centro de la provincia de Huesca.\u00a0<\/strong><\/p>\n<p><a href=\"https:\/\/blogs.diariosur.es\/tormentas-y-rayos\/2013\/09\/06\/la-bolsa-de-aire-frio-puede-afectar-a-andalucia-oriental-el-sabado-aviso-naranja-en-el-pirineo-aragones\/huesca\/\" rel=\"attachment wp-att-6501\"><img loading=\"lazy\" class=\"aligncenter size-full wp-image-6501\" title=\"huesca\" src=\"\/tormentas-y-rayos\/wp-content\/uploads\/sites\/12\/2013\/09\/huesca.jpg\" alt=\"\" width=\"622\" height=\"464\" srcset=\"https:\/\/static-blogs.diariosur.es\/wp-content\/uploads\/sites\/12\/2013\/09\/huesca.jpg 622w, https:\/\/static-blogs.diariosur.es\/wp-content\/uploads\/sites\/12\/2013\/09\/huesca-536x400.jpg 536w\" sizes=\"(max-width: 622px) 100vw, 622px\" \/><\/a><\/p>\n<p><strong>Poco mas que contar amigos de la meteo. Hoy tengo en M\u00e1laga al hermano de mi padre que ha llegado desde Barcelona, \u00a0disfrutaremos paseando por el centro de\u00a0m\u00e1laga.<\/strong><\/p>\n<p><strong>\u00a0<\/strong><\/p>\n<p>&nbsp;<\/p>\n","protected":false},"excerpt":{"rendered":"<p>Buenos dias amigos de la meteo. Son las siete de la ma\u00f1ana, registro 23 grados y los cielos est\u00e1n poco nubosos. Antes de nada comentaros, que ayer jueves al final no cayo ni una sola gota en la provincia malague\u00f1a, lo mas que se vio fueron c\u00famulos congestus. Mis amigos Carlos, Paco y Manolo se [&hellip;]<\/p>\n","protected":false},"author":16,"featured_media":6500,"comment_status":"open","ping_status":"open","sticky":false,"template":"","format":"standard","meta":[],"categories":[2],"tags":[54,63,94,151,185,432,569,996],"_links":{"self":[{"href":"https:\/\/blogs.diariosur.es\/tormentas-y-rayos\/wp-json\/wp\/v2\/posts\/6498"}],"collection":[{"href":"https:\/\/blogs.diariosur.es\/tormentas-y-rayos\/wp-json\/wp\/v2\/posts"}],"about":[{"href":"https:\/\/blogs.diariosur.es\/tormentas-y-rayos\/wp-json\/wp\/v2\/types\/post"}],"author":[{"embeddable":true,"href":"https:\/\/blogs.diariosur.es\/tormentas-y-rayos\/wp-json\/wp\/v2\/users\/16"}],"replies":[{"embeddable":true,"href":"https:\/\/blogs.diariosur.es\/tormentas-y-rayos\/wp-json\/wp\/v2\/comments?post=6498"}],"version-history":[{"count":0,"href":"https:\/\/blogs.diariosur.es\/tormentas-y-rayos\/wp-json\/wp\/v2\/posts\/6498\/revisions"}],"wp:featuredmedia":[{"embeddable":true,"href":"https:\/\/blogs.diariosur.es\/tormentas-y-rayos\/wp-json\/wp\/v2\/media\/6500"}],"wp:attachment":[{"href":"https:\/\/blogs.diariosur.es\/tormentas-y-rayos\/wp-json\/wp\/v2\/media?parent=6498"}],"wp:term":[{"taxonomy":"category","embeddable":true,"href":"https:\/\/blogs.diariosur.es\/tormentas-y-rayos\/wp-json\/wp\/v2\/categories?post=6498"},{"taxonomy":"post_tag","embeddable":true,"href":"https:\/\/blogs.diariosur.es\/tormentas-y-rayos\/wp-json\/wp\/v2\/tags?post=6498"}],"curies":[{"name":"wp","href":"https:\/\/api.w.org\/{rel}","templated":true}]}}