{"id":6502,"date":"2013-09-07T07:28:26","date_gmt":"2013-09-07T05:28:26","guid":{"rendered":"http:\/\/blogs.diariosur.es\/tormentas-y-rayos\/?p=6502"},"modified":"2013-09-07T07:28:26","modified_gmt":"2013-09-07T05:28:26","slug":"llueve-llueve-en-malaga-impresionante-moco-verde-en-la-costa-malaguena","status":"publish","type":"post","link":"https:\/\/blogs.diariosur.es\/tormentas-y-rayos\/2013\/09\/07\/llueve-llueve-en-malaga-impresionante-moco-verde-en-la-costa-malaguena\/","title":{"rendered":"!Llueve, Llueve en M\u00e1laga. !. 8 litros, Torrox 26. Impresionante moco verde en la Costa Malague\u00f1a."},"content":{"rendered":"<p><strong>Buenos d\u00edas amigos de la meteo. Son las siete de la ma\u00f1ana, registro 24.1 grados y si amigos como decimos los aficionados a la meteo, pedazo de moco verde frente a las Costas Malague\u00f1as e interior. Al final la bolsa de aire fr\u00edo tambi\u00e9n nos afecta a nosotros y llueve en M\u00e1laga en estos momentos. El radar lo dice todo. Fuente Aemet. Asi es la meteorolog\u00eda en unas horas la masa nubosa de origen subtropical tambien nos afecta a nosotros.<\/strong><\/p>\n<p>&nbsp;<\/p>\n<p><a href=\"https:\/\/blogs.diariosur.es\/tormentas-y-rayos\/2013\/09\/07\/llueve-llueve-en-malaga-impresionante-moco-verde-en-la-costa-malaguena\/moco-verde\/\" rel=\"attachment wp-att-6510\"><img loading=\"lazy\" class=\"aligncenter size-full wp-image-6510\" title=\"moco verde\" src=\"\/tormentas-y-rayos\/wp-content\/uploads\/sites\/12\/2013\/09\/moco-verde.gif\" alt=\"\" width=\"480\" height=\"530\" \/><\/a><\/p>\n<p><strong>Tambi\u00e9n es impresionante esta imagen del satelite eumetsat. Fijaros como esas nubes de origen subtropical han subido desde \u00c1frica y al contactar con la bolsa de aire frio se han desarrollado, dejando incluso tormentas.<\/strong><\/p>\n<p>&nbsp;<\/p>\n<p><a href=\"https:\/\/blogs.diariosur.es\/tormentas-y-rayos\/2013\/09\/07\/llueve-llueve-en-malaga-impresionante-moco-verde-en-la-costa-malaguena\/webexterna_colorir87_04-30\/\" rel=\"attachment wp-att-6506\"><img loading=\"lazy\" class=\"aligncenter size-medium wp-image-6506\" title=\"webexterna_ColorIR87_[04-30]\" src=\"\/tormentas-y-rayos\/wp-content\/uploads\/sites\/12\/2013\/09\/webexterna_ColorIR87_04-30.jpg\" alt=\"\" width=\"579\" height=\"400\" srcset=\"https:\/\/static-blogs.diariosur.es\/wp-content\/uploads\/sites\/12\/2013\/09\/webexterna_ColorIR87_04-30.jpg 750w, https:\/\/static-blogs.diariosur.es\/wp-content\/uploads\/sites\/12\/2013\/09\/webexterna_ColorIR87_04-30-579x400.jpg 579w\" sizes=\"(max-width: 579px) 100vw, 579px\" \/><\/a><\/p>\n<p>&nbsp;<\/p>\n<p>&nbsp;<\/p>\n<p>&nbsp;<\/p>\n<p>&nbsp;<\/p>\n<p><strong>Ahora mismo llueve moderadamente en M\u00e1laga Capital y se escuchan truenos. He contabilizado 6 litros, donde mas ha llovido ha sido en Santo Pitar con 10. Impresionante el mapa de rayos.<\/strong><\/p>\n<p><a href=\"https:\/\/blogs.diariosur.es\/tormentas-y-rayos\/2013\/09\/07\/llueve-llueve-en-malaga-impresionante-moco-verde-en-la-costa-malaguena\/201309070600_r79g\/\" rel=\"attachment wp-att-6512\"><img loading=\"lazy\" class=\"aligncenter size-full wp-image-6512\" title=\"201309070600_r79g\" src=\"\/tormentas-y-rayos\/wp-content\/uploads\/sites\/12\/2013\/09\/201309070600_r79g.gif\" alt=\"\" width=\"500\" height=\"500\" \/><\/a><\/p>\n<p>&nbsp;<\/p>\n<p>&nbsp;<\/p>\n<p>&nbsp;<\/p>\n<p><a href=\"https:\/\/blogs.diariosur.es\/tormentas-y-rayos\/2013\/09\/07\/llueve-llueve-en-malaga-impresionante-moco-verde-en-la-costa-malaguena\/olympus-digital-camera-1436\/\" rel=\"attachment wp-att-6508\"><img loading=\"lazy\" class=\"aligncenter size-full wp-image-6508\" title=\"OLYMPUS DIGITAL CAMERA\" src=\"\/tormentas-y-rayos\/wp-content\/uploads\/sites\/12\/2013\/09\/10032.jpg\" alt=\"\" width=\"660\" height=\"495\" srcset=\"https:\/\/static-blogs.diariosur.es\/wp-content\/uploads\/sites\/12\/2013\/09\/10032.jpg 660w, https:\/\/static-blogs.diariosur.es\/wp-content\/uploads\/sites\/12\/2013\/09\/10032-533x400.jpg 533w\" sizes=\"(max-width: 660px) 100vw, 660px\" \/><\/a><\/p>\n<p>&nbsp;<\/p>\n<p>&nbsp;<\/p>\n<p><a href=\"https:\/\/blogs.diariosur.es\/tormentas-y-rayos\/2013\/09\/07\/llueve-llueve-en-malaga-impresionante-moco-verde-en-la-costa-malaguena\/olympus-digital-camera-1437\/\" rel=\"attachment wp-att-6509\"><img loading=\"lazy\" class=\"aligncenter size-full wp-image-6509\" title=\"OLYMPUS DIGITAL CAMERA\" src=\"\/tormentas-y-rayos\/wp-content\/uploads\/sites\/12\/2013\/09\/13036.jpg\" alt=\"\" width=\"660\" height=\"495\" srcset=\"https:\/\/static-blogs.diariosur.es\/wp-content\/uploads\/sites\/12\/2013\/09\/13036.jpg 660w, https:\/\/static-blogs.diariosur.es\/wp-content\/uploads\/sites\/12\/2013\/09\/13036-533x400.jpg 533w\" sizes=\"(max-width: 660px) 100vw, 660px\" \/><\/a><\/p>\n<p>&nbsp;<\/p>\n<p><strong>Despues de una escampada, de nuevo y cuando son las ocho y media llueve\u00a0moderadamente\u00a0en la Capital.<\/strong><\/p>\n<p><a href=\"https:\/\/blogs.diariosur.es\/tormentas-y-rayos\/2013\/09\/07\/llueve-llueve-en-malaga-impresionante-moco-verde-en-la-costa-malaguena\/olympus-digital-camera-1438\/\" rel=\"attachment wp-att-6513\"><img loading=\"lazy\" class=\"aligncenter size-full wp-image-6513\" title=\"OLYMPUS DIGITAL CAMERA\" src=\"\/tormentas-y-rayos\/wp-content\/uploads\/sites\/12\/2013\/09\/18039.jpg\" alt=\"\" width=\"670\" height=\"503\" srcset=\"https:\/\/static-blogs.diariosur.es\/wp-content\/uploads\/sites\/12\/2013\/09\/18039.jpg 670w, https:\/\/static-blogs.diariosur.es\/wp-content\/uploads\/sites\/12\/2013\/09\/18039-533x400.jpg 533w\" sizes=\"(max-width: 670px) 100vw, 670px\" \/><\/a><\/p>\n<p>&nbsp;<\/p>\n<p><strong>Fijaros en el\u00a0gr\u00e1fico\u00a0de temperatura del puerto. Impresionante la bajada de temperatura cuando entro la\u00a0tormenta. Fuente Aemet<\/strong><\/p>\n<p><a href=\"https:\/\/blogs.diariosur.es\/tormentas-y-rayos\/2013\/09\/07\/llueve-llueve-en-malaga-impresionante-moco-verde-en-la-costa-malaguena\/captura-170\/\" rel=\"attachment wp-att-6514\"><img loading=\"lazy\" class=\"aligncenter size-medium wp-image-6514\" title=\"Captura\" src=\"\/tormentas-y-rayos\/wp-content\/uploads\/sites\/12\/2013\/09\/Captura3.jpg\" alt=\"\" width=\"600\" height=\"252\" srcset=\"https:\/\/static-blogs.diariosur.es\/wp-content\/uploads\/sites\/12\/2013\/09\/Captura3.jpg 755w, https:\/\/static-blogs.diariosur.es\/wp-content\/uploads\/sites\/12\/2013\/09\/Captura3-640x270.jpg 640w\" sizes=\"(max-width: 600px) 100vw, 600px\" \/><\/a><\/p>\n<p>&nbsp;<\/p>\n<p><strong>PRECIPITACI\u00d3N HASTA LAS ONCE DE LA MA\u00d1ANA: DESTACA TORROX CON 26 LITROS FUENTE HIDROSUR<\/strong><\/p>\n<p>&nbsp;<\/p>\n<p><a href=\"https:\/\/blogs.diariosur.es\/tormentas-y-rayos\/2013\/09\/07\/llueve-llueve-en-malaga-impresionante-moco-verde-en-la-costa-malaguena\/1-26\/\" rel=\"attachment wp-att-6516\"><img loading=\"lazy\" class=\"aligncenter size-medium wp-image-6516\" title=\"1\" src=\"\/tormentas-y-rayos\/wp-content\/uploads\/sites\/12\/2013\/09\/1.jpg\" alt=\"\" width=\"600\" height=\"237\" srcset=\"https:\/\/static-blogs.diariosur.es\/wp-content\/uploads\/sites\/12\/2013\/09\/1.jpg 1203w, https:\/\/static-blogs.diariosur.es\/wp-content\/uploads\/sites\/12\/2013\/09\/1-640x253.jpg 640w, https:\/\/static-blogs.diariosur.es\/wp-content\/uploads\/sites\/12\/2013\/09\/1-768x304.jpg 768w\" sizes=\"(max-width: 600px) 100vw, 600px\" \/><\/a><a href=\"https:\/\/blogs.diariosur.es\/tormentas-y-rayos\/2013\/09\/07\/llueve-llueve-en-malaga-impresionante-moco-verde-en-la-costa-malaguena\/2-23\/\" rel=\"attachment wp-att-6517\"><img loading=\"lazy\" class=\"aligncenter size-medium wp-image-6517\" title=\"2\" src=\"\/tormentas-y-rayos\/wp-content\/uploads\/sites\/12\/2013\/09\/2.jpg\" alt=\"\" width=\"600\" height=\"98\" srcset=\"https:\/\/static-blogs.diariosur.es\/wp-content\/uploads\/sites\/12\/2013\/09\/2.jpg 1355w, https:\/\/static-blogs.diariosur.es\/wp-content\/uploads\/sites\/12\/2013\/09\/2-640x105.jpg 640w, https:\/\/static-blogs.diariosur.es\/wp-content\/uploads\/sites\/12\/2013\/09\/2-768x126.jpg 768w\" sizes=\"(max-width: 600px) 100vw, 600px\" \/><\/a><a href=\"https:\/\/blogs.diariosur.es\/tormentas-y-rayos\/2013\/09\/07\/llueve-llueve-en-malaga-impresionante-moco-verde-en-la-costa-malaguena\/3-24\/\" rel=\"attachment wp-att-6518\"><img loading=\"lazy\" class=\"aligncenter size-medium wp-image-6518\" title=\"3\" src=\"\/tormentas-y-rayos\/wp-content\/uploads\/sites\/12\/2013\/09\/3.jpg\" alt=\"\" width=\"600\" height=\"88\" srcset=\"https:\/\/static-blogs.diariosur.es\/wp-content\/uploads\/sites\/12\/2013\/09\/3.jpg 1199w, https:\/\/static-blogs.diariosur.es\/wp-content\/uploads\/sites\/12\/2013\/09\/3-640x94.jpg 640w, https:\/\/static-blogs.diariosur.es\/wp-content\/uploads\/sites\/12\/2013\/09\/3-768x113.jpg 768w\" sizes=\"(max-width: 600px) 100vw, 600px\" \/><\/a><\/p>\n<p><span style=\"color: #ff00ff;\"><strong>Una cosa mas amigos de la meteo, el lunes nos puede cruzar otra bolsa de aire frio por la zona del Estrecho. Tendremos que estar muy atentos a su evoluci\u00f3n.<\/strong><\/span><\/p>\n<p>&nbsp;<\/p>\n<p><strong><a href=\"https:\/\/blogs.diariosur.es\/tormentas-y-rayos\/2013\/09\/06\/la-bolsa-de-aire-frio-puede-afectar-a-andalucia-oriental-el-sabado-aviso-naranja-en-el-pirineo-aragones\/\">OS DEJO EL ENLACE AL POST DE AYER, DONDE SE HABLABA DE ESTA SITUACI\u00d3N<\/a><\/strong><\/p>\n<p><span style=\"color: #0000ff;\"><br \/>\n<\/span><\/p>\n<p><strong>Y con la impresionante puesta de sol que disfrutamos muchos malague\u00f1os y turistas desde el Palmeral del Puerto de M\u00e1laga<\/strong><\/p>\n<p>&nbsp;<\/p>\n<p><a href=\"https:\/\/blogs.diariosur.es\/tormentas-y-rayos\/2013\/09\/07\/llueve-llueve-en-malaga-impresionante-moco-verde-en-la-costa-malaguena\/attachment\/11021\/\" rel=\"attachment wp-att-6507\"><img loading=\"lazy\" class=\"aligncenter size-full wp-image-6507\" title=\"11021\" src=\"\/tormentas-y-rayos\/wp-content\/uploads\/sites\/12\/2013\/09\/11021.jpg\" alt=\"\" width=\"660\" height=\"440\" srcset=\"https:\/\/static-blogs.diariosur.es\/wp-content\/uploads\/sites\/12\/2013\/09\/11021.jpg 660w, https:\/\/static-blogs.diariosur.es\/wp-content\/uploads\/sites\/12\/2013\/09\/11021-600x400.jpg 600w\" sizes=\"(max-width: 660px) 100vw, 660px\" \/><\/a><\/p>\n<p>&nbsp;<\/p>\n<p>&nbsp;<\/p>\n<p>&nbsp;<\/p>\n<p>&nbsp;<\/p>\n","protected":false},"excerpt":{"rendered":"<p>Buenos d\u00edas amigos de la meteo. Son las siete de la ma\u00f1ana, registro 24.1 grados y si amigos como decimos los aficionados a la meteo, pedazo de moco verde frente a las Costas Malague\u00f1as e interior. Al final la bolsa de aire fr\u00edo tambi\u00e9n nos afecta a nosotros y llueve en M\u00e1laga en estos momentos. [&hellip;]<\/p>\n","protected":false},"author":16,"featured_media":6508,"comment_status":"open","ping_status":"open","sticky":false,"template":"","format":"standard","meta":[],"categories":[2],"tags":[568,587],"_links":{"self":[{"href":"https:\/\/blogs.diariosur.es\/tormentas-y-rayos\/wp-json\/wp\/v2\/posts\/6502"}],"collection":[{"href":"https:\/\/blogs.diariosur.es\/tormentas-y-rayos\/wp-json\/wp\/v2\/posts"}],"about":[{"href":"https:\/\/blogs.diariosur.es\/tormentas-y-rayos\/wp-json\/wp\/v2\/types\/post"}],"author":[{"embeddable":true,"href":"https:\/\/blogs.diariosur.es\/tormentas-y-rayos\/wp-json\/wp\/v2\/users\/16"}],"replies":[{"embeddable":true,"href":"https:\/\/blogs.diariosur.es\/tormentas-y-rayos\/wp-json\/wp\/v2\/comments?post=6502"}],"version-history":[{"count":0,"href":"https:\/\/blogs.diariosur.es\/tormentas-y-rayos\/wp-json\/wp\/v2\/posts\/6502\/revisions"}],"wp:featuredmedia":[{"embeddable":true,"href":"https:\/\/blogs.diariosur.es\/tormentas-y-rayos\/wp-json\/wp\/v2\/media\/6508"}],"wp:attachment":[{"href":"https:\/\/blogs.diariosur.es\/tormentas-y-rayos\/wp-json\/wp\/v2\/media?parent=6502"}],"wp:term":[{"taxonomy":"category","embeddable":true,"href":"https:\/\/blogs.diariosur.es\/tormentas-y-rayos\/wp-json\/wp\/v2\/categories?post=6502"},{"taxonomy":"post_tag","embeddable":true,"href":"https:\/\/blogs.diariosur.es\/tormentas-y-rayos\/wp-json\/wp\/v2\/tags?post=6502"}],"curies":[{"name":"wp","href":"https:\/\/api.w.org\/{rel}","templated":true}]}}