{"id":6519,"date":"2013-09-08T21:27:49","date_gmt":"2013-09-08T19:27:49","guid":{"rendered":"http:\/\/blogs.diariosur.es\/tormentas-y-rayos\/?p=6519"},"modified":"2013-09-08T21:27:49","modified_gmt":"2013-09-08T19:27:49","slug":"aviso-amarillo-por-tormentas-en-la-axarquia-malaguena-granada-y-almeria-bolsa-de-aire-frio","status":"publish","type":"post","link":"https:\/\/blogs.diariosur.es\/tormentas-y-rayos\/2013\/09\/08\/aviso-amarillo-por-tormentas-en-la-axarquia-malaguena-granada-y-almeria-bolsa-de-aire-frio\/","title":{"rendered":"Aviso amarillo por tormentas en la Axarqu\u00eda Malague\u00f1a, Granada y Almer\u00eda. Bolsa de aire fr\u00edo."},"content":{"rendered":"<p><strong>Buenas tardes amigos de la meteo. Un peque\u00f1o inciso. \u00a0&#8221; Que olor a tierra mojada mas especial tuvimos el\u00a0s\u00e1bado&#8221;, verdad?<\/strong><\/p>\n<p><strong>En el anterior post que abr\u00ed el s\u00e1bado, os comentaba de una nueva bolsa de aire fr\u00edo para el lunes. Los modelos confirman esta peque\u00f1a bolsa y la sit\u00faan en el Estrecho, para mas tarde moverse un poco y disolverse. Os paso uno mapa del hirlam a 500 hpa ( 5500 m ) fuente aemet.\u00a0<\/strong><\/p>\n<p><a href=\"https:\/\/blogs.diariosur.es\/tormentas-y-rayos\/2013\/09\/08\/aviso-amarillo-por-tormentas-en-la-axarquia-malaguena-granada-y-almeria-bolsa-de-aire-frio\/bolsa-7\/\" rel=\"attachment wp-att-6520\"><img loading=\"lazy\" class=\"aligncenter size-medium wp-image-6520\" title=\"bolsa\" src=\"\/tormentas-y-rayos\/wp-content\/uploads\/sites\/12\/2013\/09\/bolsa.jpg\" alt=\"\" width=\"596\" height=\"400\" srcset=\"https:\/\/static-blogs.diariosur.es\/wp-content\/uploads\/sites\/12\/2013\/09\/bolsa.jpg 759w, https:\/\/static-blogs.diariosur.es\/wp-content\/uploads\/sites\/12\/2013\/09\/bolsa-596x400.jpg 596w\" sizes=\"(max-width: 596px) 100vw, 596px\" \/><\/a><\/p>\n<p>&nbsp;<\/p>\n<p><strong>Por este motivo la Aemet, activa \u00a0el aviso amarillo por tormentas en la Axarqu\u00eda Malague\u00f1a, Granada y Almer\u00eda.<\/strong><\/p>\n<p><a href=\"https:\/\/blogs.diariosur.es\/tormentas-y-rayos\/2013\/09\/08\/aviso-amarillo-por-tormentas-en-la-axarquia-malaguena-granada-y-almeria-bolsa-de-aire-frio\/aviso-2\/\" rel=\"attachment wp-att-6521\"><img loading=\"lazy\" class=\"aligncenter size-full wp-image-6521\" title=\"aviso\" src=\"\/tormentas-y-rayos\/wp-content\/uploads\/sites\/12\/2013\/09\/aviso.jpg\" alt=\"\" width=\"534\" height=\"393\" \/><\/a><\/p>\n<p><strong>Aunque sea muy repetitivo os paso lo que significa los avisos ya que la aemet no saca alertas.<a href=\"http:\/\/proteccioncivilelespinar.blogspot.com.es\/2012\/01\/significado-de-las-alertas.html\" rel=\"external nofollow\"> Y un articulo muy interesante que\u00a0deb\u00e9is\u00a0leer\u00a0<\/a>\u00a0sobre este tema.<\/strong><\/p>\n<p>&nbsp;<\/p>\n<p>&nbsp;<\/p>\n<p><a href=\"https:\/\/blogs.diariosur.es\/tormentas-y-rayos\/2013\/09\/08\/aviso-amarillo-por-tormentas-en-la-axarquia-malaguena-granada-y-almeria-bolsa-de-aire-frio\/avisoooooo-2\/\" rel=\"attachment wp-att-6523\"><img loading=\"lazy\" class=\"aligncenter size-full wp-image-6523\" title=\"avisoooooo\" src=\"\/tormentas-y-rayos\/wp-content\/uploads\/sites\/12\/2013\/09\/avisoooooo1.jpg\" alt=\"\" width=\"464\" height=\"247\" \/><\/a><\/p>\n<p>&nbsp;<\/p>\n<p><strong>Ma\u00f1ana lunes puede pasar lo mismo que paso el s\u00e1bado, que cuando las lluvias mas fuertes se esperaban en Almer\u00eda, al final un simple aleteo de una mariposa hizo que fuera la provincia malague\u00f1a y granadina donde mas lloviera. Os paso el famoso<a href=\"https:\/\/blogs.diariosur.es\/tormentas-y-rayos\/2013\/09\/07\/llueve-llueve-en-malaga-impresionante-moco-verde-en-la-costa-malaguena\/\"> post de llueve, llueve ,llueve en M\u00e1laga,<\/a> aqu\u00ed pod\u00e9is ver las cantidades recogidas en nuestra provincia.<\/strong><\/p>\n<p><strong>Esta bolsa de aire fr\u00edo es muy peque\u00f1ita, como la canci\u00f3n jiji, pero como el mar aun esta muy caliente y parece ser que el levante soplara, puede traer sorpresas. O tambien quedarse todo en aguas de borraja. Ya veremos que da de si el lunes. Para no abrir un nuevo post\u00a0ir\u00e9\u00a0actualizando este.<\/strong><\/p>\n<p><strong>Poco mas que contar amigos. Os dejo con un fot\u00f3n de mi amiga Raquel Rodriguez Hernando.<\/strong><\/p>\n<p><strong> Raquel vive en Madrid, pero ha pasado unos dias en\u00a0Andaluc\u00eda, y quiere compartir con nosotros esta preciosa puesta de sol. A todo esto, Raquel tambien es una cazatormentas. Gracias amiga por dedicarme este fot\u00f3n en el foro.<\/strong><\/p>\n<p><a href=\"https:\/\/blogs.diariosur.es\/tormentas-y-rayos\/2013\/09\/08\/aviso-amarillo-por-tormentas-en-la-axarquia-malaguena-granada-y-almeria-bolsa-de-aire-frio\/esb0\/\" rel=\"attachment wp-att-6524\"><img loading=\"lazy\" class=\"aligncenter size-full wp-image-6524\" title=\"esb0\" src=\"\/tormentas-y-rayos\/wp-content\/uploads\/sites\/12\/2013\/09\/esb0.jpg\" alt=\"\" width=\"670\" height=\"446\" srcset=\"https:\/\/static-blogs.diariosur.es\/wp-content\/uploads\/sites\/12\/2013\/09\/esb0.jpg 670w, https:\/\/static-blogs.diariosur.es\/wp-content\/uploads\/sites\/12\/2013\/09\/esb0-601x400.jpg 601w\" sizes=\"(max-width: 670px) 100vw, 670px\" \/><\/a><\/p>\n<p>&nbsp;<\/p>\n<p>&nbsp;<\/p>\n<p>&nbsp;<\/p>\n","protected":false},"excerpt":{"rendered":"<p>Buenas tardes amigos de la meteo. Un peque\u00f1o inciso. \u00a0&#8221; Que olor a tierra mojada mas especial tuvimos el\u00a0s\u00e1bado&#8221;, verdad? En el anterior post que abr\u00ed el s\u00e1bado, os comentaba de una nueva bolsa de aire fr\u00edo para el lunes. Los modelos confirman esta peque\u00f1a bolsa y la sit\u00faan en el Estrecho, para mas tarde [&hellip;]<\/p>\n","protected":false},"author":16,"featured_media":6524,"comment_status":"open","ping_status":"open","sticky":false,"template":"","format":"standard","meta":[],"categories":[2],"tags":[54,63,76,151,155,185,432,464,996],"_links":{"self":[{"href":"https:\/\/blogs.diariosur.es\/tormentas-y-rayos\/wp-json\/wp\/v2\/posts\/6519"}],"collection":[{"href":"https:\/\/blogs.diariosur.es\/tormentas-y-rayos\/wp-json\/wp\/v2\/posts"}],"about":[{"href":"https:\/\/blogs.diariosur.es\/tormentas-y-rayos\/wp-json\/wp\/v2\/types\/post"}],"author":[{"embeddable":true,"href":"https:\/\/blogs.diariosur.es\/tormentas-y-rayos\/wp-json\/wp\/v2\/users\/16"}],"replies":[{"embeddable":true,"href":"https:\/\/blogs.diariosur.es\/tormentas-y-rayos\/wp-json\/wp\/v2\/comments?post=6519"}],"version-history":[{"count":0,"href":"https:\/\/blogs.diariosur.es\/tormentas-y-rayos\/wp-json\/wp\/v2\/posts\/6519\/revisions"}],"wp:featuredmedia":[{"embeddable":true,"href":"https:\/\/blogs.diariosur.es\/tormentas-y-rayos\/wp-json\/wp\/v2\/media\/6524"}],"wp:attachment":[{"href":"https:\/\/blogs.diariosur.es\/tormentas-y-rayos\/wp-json\/wp\/v2\/media?parent=6519"}],"wp:term":[{"taxonomy":"category","embeddable":true,"href":"https:\/\/blogs.diariosur.es\/tormentas-y-rayos\/wp-json\/wp\/v2\/categories?post=6519"},{"taxonomy":"post_tag","embeddable":true,"href":"https:\/\/blogs.diariosur.es\/tormentas-y-rayos\/wp-json\/wp\/v2\/tags?post=6519"}],"curies":[{"name":"wp","href":"https:\/\/api.w.org\/{rel}","templated":true}]}}